{"id":121618,"date":"2025-05-23T09:24:12","date_gmt":"2025-05-23T09:24:12","guid":{"rendered":"https:\/\/www.europesays.com\/fr\/121618\/"},"modified":"2025-05-23T09:24:12","modified_gmt":"2025-05-23T09:24:12","slug":"allemagne-la-croissance-du-pib-revue-a-04-au-t1-boursorama","status":"publish","type":"post","link":"https:\/\/www.europesays.com\/fr\/121618\/","title":{"rendered":"Allemagne-La croissance du PIB revue \u00e0 0,4% au T1 &#8211; Boursorama"},"content":{"rendered":"<ol>\n<li><a href=\"https:\/\/news.google.com\/rss\/articles\/CBMixAFBVV95cUxPOXNqYXpNYWJ1VDFvMDBYV0ZIdnlhakthS29LNW1iQjFSVTlqV3U1VDg4aDZRYmxUSU5YeU1NVTRQckhzOG9QVkJTVVBzWW9mV0s0XzU2aERzQ052V2cyX0ItcW0zR0E3ZlJKNXJJbG4wYkhaY3BQYVJDb2VrcTl4ZUM5SUhpMl9TLVR6R2N6NFJ6UTY1UWpWYlpoZUswcHVSRENHa1RYRHZfUWdOZkVMeGRmd3ltaGxCRDlOcXlsM3pZakdF0gHKAUFVX3lxTE9IdFFoRks1dERqZDdnaDF3dGdpWXl0aG9vd1F6STY0S0x4T0U3STBBUzVqN1VzYk5vdDMzanB3dlAxa1U1TmVWSkc5LV9OUy1QMjBuQnQ0LXJic2V2cUlURlZST0ZmSjNESWIzaGlHS1RRRkwyUW5vWThGSHJycGx4YWw0TEhxaDlMRWlhelFtYklDTW0zVVhuZDMzY1hnOGMyNzFkNmFpVlcyZ3BGdkh1X05BdHlENlJna256cmpjVi00b2FjUVNaaEE?oc=5\" target=\"_blank\" rel=\"nofollow noopener\">Allemagne-La croissance du PIB revue \u00e0 0,4% au T1<\/a>&nbsp;&nbsp;Boursorama<\/li>\n<li><a href=\"https:\/\/news.google.com\/rss\/articles\/CBMipAFBVV95cUxPWWMwdUVqd3BfTkwzQWZ2SlRFcWJoREVXTm16ZktsUTQxVmx2dk9hbkY5dnJibDJHSUd6eF9hZGV3RUJ6a0hEcWZ1dmIzQ1FZNXRvTlYzYVN5UFQ0THh3WFF6QzFtbXN2MUtuajFFQ3g1cngyTGh6bEZXQTk5a2w0andSQ005MjZaaUNwRzBkeVpXY05MR0Q0bHFlTkVQR1lLbnQzRg?oc=5\" target=\"_blank\" rel=\"nofollow noopener\">L&rsquo;Allemagne revoit sa croissance trimestrielle \u00e0 la hausse<\/a>&nbsp;&nbsp;Les Echos<\/li>\n<li><a href=\"https:\/\/news.google.com\/rss\/articles\/CBMi4gFBVV95cUxPN01SdmtlR0xJLWZWamthZHduazJmY0k2dzNtOWJ5V25MZ2tmNXlSb09hZ0E0TTZhU1BJWlBUYmdxbm8zbmtyLXRzNXFEdEdSUVREVTZkWXZ5Vk1nNEphWEVncmpIdlRSZzVaYkk4ZUxoZTZva1hoYk90VmhQRm1STWFJLUdURXJuS29GcVB0T2hseDBncHo0RlB5cnM2SVV3N0dRZ0hvRW9OSDR4OUp5SUt5S1NGWGk0TllEQi1rM2s2UEVmclZSeFo4Um5kYmlMZDFhc3JSTHZnT0w2UVg2WS1B?oc=5\" target=\"_blank\" rel=\"nofollow noopener\">La croissance allemande dop\u00e9e par l\u2019anticipation des droits de douane am\u00e9ricains<\/a>&nbsp;&nbsp;Sud Ouest<\/li>\n<li><a href=\"https:\/\/news.google.com\/rss\/articles\/CBMi4AFBVV95cUxPa3E0c3FHZjFhb2hFb0tfalcwbGJiWmprVUpsXzc5QmpyQ3JpT3djSndsSlZhRm9FTlNIWmIxakw1LWd1VUVDMzhZS2Ywb2tMQnduRHVZRDJTeXhYSl9CTFN6VXBzejhWSm41d0xsSFpHTk1LVFVtazZMRng1MTBEZTdhR2d1ZXlBYlNFdThvQVpLUlhmMjllZEtSRU1OMjFLQzBXd0psZzZ0b2dQRWZnM3dwUXFDQjc3UXVsa1BSa1BuTkN2SXM4TG1MZE5CTG1ESVVpLWxFQ3JNT0lPTWREZg?oc=5\" target=\"_blank\" rel=\"nofollow noopener\">Allemagne: la croissance au premier trimestre r\u00e9vis\u00e9e en hausse<\/a>&nbsp;&nbsp;BFMTV<\/li>\n<li><a href=\"https:\/\/news.google.com\/rss\/articles\/CBMivAFBVV95cUxOQTBnbm9RSXVuUmtzb0Y0YVhEbkZLOWpVRHJncHZjYnJTbGU5a0o3Wmowa19SdTdac1kwMnVsWWM0elpTXzZfWHJBUjQxLWNnODZWMTUtbllwTThNY1dVYWNTemJ6ZW1PQnVzUWpwX3JBMUFkTjR0U3VYSlo1bWtRVWd0aWUtYm1mRnhiUEYxU3RNYlVvbTFfTldOOFhwWWNRelZXMHBmbzNZSEhTRUpRWG82NDNkdnZjdk1jWQ?oc=5\" target=\"_blank\" rel=\"nofollow noopener\">Allemagne: Le PIB a progress\u00e9 deux fois plus que pr\u00e9c\u00e9demment estim\u00e9 au T1<\/a>&nbsp;&nbsp;L&rsquo;Usine Nouvelle<\/li>\n<\/ol>\n","protected":false},"excerpt":{"rendered":"Allemagne-La croissance du PIB revue \u00e0 0,4% au T1&nbsp;&nbsp;Boursorama L&rsquo;Allemagne revoit sa croissance trimestrielle \u00e0 la hausse&nbsp;&nbsp;Les Echos&hellip;\n","protected":false},"author":2,"featured_media":7013,"comment_status":"","ping_status":"","sticky":false,"template":"","format":"standard","meta":{"footnotes":""},"categories":[1587],"tags":[400,11,672,398,408,1804,405,1805,1803,1777,674,1801,403,402,399,404,12,1802,401,406,407],"class_list":{"0":"post-121618","1":"post","2":"type-post","3":"status-publish","4":"format-standard","5":"has-post-thumbnail","7":"category-allemagne","8":"tag-action-cac-40","9":"tag-actualites","10":"tag-allemagne","11":"tag-bourse-de-paris","12":"tag-boursorama","13":"tag-bundesrepublik-deutschland","14":"tag-cotations","15":"tag-de","16":"tag-deutschland","17":"tag-eu","18":"tag-europe","19":"tag-germany","20":"tag-indices-devises","21":"tag-investir","22":"tag-investissement","23":"tag-marche-boursier","24":"tag-news","25":"tag-republique-federale-dallemagne","26":"tag-sicav","27":"tag-trackers","28":"tag-warrants"},"share_on_mastodon":{"url":"https:\/\/pubeurope.com\/@fr\/114556427582569625","error":""},"_links":{"self":[{"href":"https:\/\/www.europesays.com\/fr\/wp-json\/wp\/v2\/posts\/121618","targetHints":{"allow":["GET"]}}],"collection":[{"href":"https:\/\/www.europesays.com\/fr\/wp-json\/wp\/v2\/posts"}],"about":[{"href":"https:\/\/www.europesays.com\/fr\/wp-json\/wp\/v2\/types\/post"}],"author":[{"embeddable":true,"href":"https:\/\/www.europesays.com\/fr\/wp-json\/wp\/v2\/users\/2"}],"replies":[{"embeddable":true,"href":"https:\/\/www.europesays.com\/fr\/wp-json\/wp\/v2\/comments?post=121618"}],"version-history":[{"count":0,"href":"https:\/\/www.europesays.com\/fr\/wp-json\/wp\/v2\/posts\/121618\/revisions"}],"wp:featuredmedia":[{"embeddable":true,"href":"https:\/\/www.europesays.com\/fr\/wp-json\/wp\/v2\/media\/7013"}],"wp:attachment":[{"href":"https:\/\/www.europesays.com\/fr\/wp-json\/wp\/v2\/media?parent=121618"}],"wp:term":[{"taxonomy":"category","embeddable":true,"href":"https:\/\/www.europesays.com\/fr\/wp-json\/wp\/v2\/categories?post=121618"},{"taxonomy":"post_tag","embeddable":true,"href":"https:\/\/www.europesays.com\/fr\/wp-json\/wp\/v2\/tags?post=121618"}],"curies":[{"name":"wp","href":"https:\/\/api.w.org\/{rel}","templated":true}]}}