{"id":121625,"date":"2025-05-23T09:29:11","date_gmt":"2025-05-23T09:29:11","guid":{"rendered":"https:\/\/www.europesays.com\/fr\/121625\/"},"modified":"2025-05-23T09:29:11","modified_gmt":"2025-05-23T09:29:11","slug":"tour-de-france-2025-demandez-le-programme","status":"publish","type":"post","link":"https:\/\/www.europesays.com\/fr\/121625\/","title":{"rendered":"Tour de France 2025 : demandez le programme !"},"content":{"rendered":"<p class=\"text-align-justify\">Pour la septi\u00e8me ann\u00e9e cons\u00e9cutive, E.Leclerc, partenaire majeur du Tour de France et partenaire officiel de l\u2019embl\u00e9matique Maillot \u00e0 Pois, est de retour d\u00e8s le 5 juillet, \u00e0 Lille, sur les routes de la Grande Boucle !<\/p>\n<p class=\"text-align-justify\">Une \u00e9dition qui s\u2019annonce exceptionnelle et f\u00eatera les 5\ufe0f\u20e30\ufe0f\u20e3 ans du mythique Maillot \u00e0 Pois, symbole de l\u2019exploit et de l\u2019effort, r\u00e9compensant le meilleur grimpeur.<\/p>\n<p class=\"text-align-justify\">Cette ann\u00e9e, E.Leclerc r\u00e9affirme aussi son attachement aux territoires en valorisant \u00e0 nouveau les produits locaux.<\/p>\n<p class=\"text-align-justify\">En r\u00e9sum\u00e9, ce qui nous attend :<\/p>\n<p class=\"text-align-justify\">\ud83d\udc4c\ud83c\udffc Des grimpeurs aux anges, avec 6 \u00e9tapes de montagne et 6 \u00e9tapes accident\u00e9es. De plus, fid\u00e8le \u00e0 son engagement pour un cyclisme accessible \u00e0 toutes, E.Leclerc soutient pour la 4e ann\u00e9e cons\u00e9cutive le Tour de France Femmes, qui s\u2019\u00e9lancera de Vannes.<\/p>\n<p class=\"text-align-justify\">\ud83e\udd70Le retour de l\u2019iconique caravane aux couleurs de Marque Rep\u00e8re, compos\u00e9e de 11 v\u00e9hicules. Emmen\u00e9e par ses incontournables fruits et l\u00e9gumes g\u00e9ants, elle promet une ambiance festive sur les 21 \u00e9tapes. Derri\u00e8re eux, des v\u00e9hicules 100% \u00e9lectriques distribueront le tr\u00e8s convoit\u00e9 bob \u00e0 pois E.Leclerc ainsi que des \u00e9chantillons fabriqu\u00e9s en France et dans des emballages majoritairement en papier facilement recyclables.<\/p>\n<p class=\"text-align-justify\">\ud83d\ude0bSur la zone grand public des villes-d\u00e9parts, E.Leclerc offrira une animation gourmande au c\u0153ur des r\u00e9gions avec deux espaces g\u00e9n\u00e9reux diff\u00e9rents : Nos R\u00e9gions ont du Talent et les fruits et l\u00e9gumes. Au menu, des d\u00e9gustations gratuites de petits biscuits d\u2019Alsace et galettes Bretonnes sarrasin, et de nombreuses animations<\/p>\n<p class=\"text-align-justify\">\ud83d\ude4c\ud83c\udffc Chaque jour sur le Village D\u00e9part, 4 producteurs des Alliances Locales (ces partenariats nou\u00e9s entre les magasins E.Leclerc et producteurs situ\u00e9s \u00e0 moins de 50km) feront d\u00e9couvrir le meilleur de la gastronomie locale. Au total, pas moins de 80 producteurs seront pr\u00e9sents sur la Grande Boucle !<\/p>\n<p class=\"text-align-justify\">\ud83e\udd73 Parce que les 50 ans du Maillot \u00e0 Pois, \u00e7a se f\u00eate comme il se doit, un Club des Supporters E.Leclerc est cr\u00e9\u00e9 pour rassembler les passionn\u00e9s de la montagne et du Tour. Chez E.Leclerc, le Tour ne se s\u2019arr\u00eatera pas sur la route : 932 points de vente et 898 drives c\u00e9l\u00e8breront l\u2019\u00e9v\u00e9nement avec des d\u00e9cos \u00e0 pois, des jeux-concours et des cadeaux estivaux (claquettes, sacs de courses et porte-cl\u00e9s).<\/p>\n<p class=\"text-align-justify\">En attendant ce beau programme qui nous attend, je me suis rendu cette semaine \u00e0 un autre anniversaire \u00e0 f\u00eater : celui de l\u2019arriv\u00e9e du Tour dans la capitale, en pr\u00e9sence de la Maire de Paris Anne Hidalgo, du Pr\u00e9fet de Police Laurent Nunez, du directeur du Tour Christian Prudhomme.<\/p>\n<p class=\"text-align-justify\">J\u2019ai d\u00e9couvert \u00e0 cette occasion que nos champions passeraient par la mythique rue Lepic sur la butte Montmartre\u2026 o\u00f9, pour l\u2019anecdote, j\u2019ai pos\u00e9 mes valises pour la premi\u00e8re fois \u00e0 Paris ! D\u2019une certaine mani\u00e8re, on peut dire que la (grande) boucle est boucl\u00e9e ! \ud83d\ude00<\/p>\n","protected":false},"excerpt":{"rendered":"Pour la septi\u00e8me ann\u00e9e cons\u00e9cutive, E.Leclerc, partenaire majeur du Tour de France et partenaire officiel de l\u2019embl\u00e9matique Maillot&hellip;\n","protected":false},"author":2,"featured_media":121626,"comment_status":"","ping_status":"","sticky":false,"template":"","format":"standard","meta":{"footnotes":""},"categories":[4],"tags":[11,207,5991,1011,27,12,24329,5240,25,24328,210],"class_list":{"0":"post-121625","1":"post","2":"type-post","3":"status-publish","4":"format-standard","5":"has-post-thumbnail","7":"category-france","8":"tag-actualites","9":"tag-cyclisme","10":"tag-e-leclerc","11":"tag-fr","12":"tag-france","13":"tag-news","14":"tag-nos-regions-ont-du-talent","15":"tag-programme","16":"tag-republique-francaise","17":"tag-tdf-2025","18":"tag-tour-de-france"},"share_on_mastodon":{"url":"https:\/\/pubeurope.com\/@fr\/114556447210554615","error":""},"_links":{"self":[{"href":"https:\/\/www.europesays.com\/fr\/wp-json\/wp\/v2\/posts\/121625","targetHints":{"allow":["GET"]}}],"collection":[{"href":"https:\/\/www.europesays.com\/fr\/wp-json\/wp\/v2\/posts"}],"about":[{"href":"https:\/\/www.europesays.com\/fr\/wp-json\/wp\/v2\/types\/post"}],"author":[{"embeddable":true,"href":"https:\/\/www.europesays.com\/fr\/wp-json\/wp\/v2\/users\/2"}],"replies":[{"embeddable":true,"href":"https:\/\/www.europesays.com\/fr\/wp-json\/wp\/v2\/comments?post=121625"}],"version-history":[{"count":0,"href":"https:\/\/www.europesays.com\/fr\/wp-json\/wp\/v2\/posts\/121625\/revisions"}],"wp:featuredmedia":[{"embeddable":true,"href":"https:\/\/www.europesays.com\/fr\/wp-json\/wp\/v2\/media\/121626"}],"wp:attachment":[{"href":"https:\/\/www.europesays.com\/fr\/wp-json\/wp\/v2\/media?parent=121625"}],"wp:term":[{"taxonomy":"category","embeddable":true,"href":"https:\/\/www.europesays.com\/fr\/wp-json\/wp\/v2\/categories?post=121625"},{"taxonomy":"post_tag","embeddable":true,"href":"https:\/\/www.europesays.com\/fr\/wp-json\/wp\/v2\/tags?post=121625"}],"curies":[{"name":"wp","href":"https:\/\/api.w.org\/{rel}","templated":true}]}}