{"id":121629,"date":"2025-05-23T09:33:09","date_gmt":"2025-05-23T09:33:09","guid":{"rendered":"https:\/\/www.europesays.com\/fr\/121629\/"},"modified":"2025-05-23T09:33:09","modified_gmt":"2025-05-23T09:33:09","slug":"il-est-temps-de-se-dire-au-revoir-caroline-garcia-annonce-sa-retraite-et-son-dernier-roland-garros","status":"publish","type":"post","link":"https:\/\/www.europesays.com\/fr\/121629\/","title":{"rendered":"\u00abIl est temps de se dire au revoir\u00bb, Caroline Garcia annonce sa retraite et son dernier Roland-Garros"},"content":{"rendered":"<p>\u00a0\u00bb<br \/>\n        data-script=\u00a0\u00bbhttps:\/\/static.lefigaro.fr\/widget-video\/short-ttl\/video\/index.js\u00a0\u00bb<br \/>\n    &gt;<\/p>\n<p>La Fran\u00e7aise, dans un long message sur les r\u00e9seaux sociaux, annonce ce vendredi sa retraite \u00e0 31 ans. Elle quittera les courts dans les prochaines semaines.<\/p>\n<p class=\"fig-paragraph\">\u00abCher tennis, Il est temps de te dire au revoir. Apr\u00e8s 15 ans \u00e0 concourir au plus haut niveau \u2013 et plus de 25 ans \u00e0 consacrer presque chaque seconde de ma vie \u00e0 ce sport \u2013 je me sens pr\u00eate \u00e0 tourner la page et \u00e0 ouvrir un nouveau chapitre.\u00bb C\u2019est par ces mots que Caroline Garcia, 31 ans, annonce sa retraite sportive. L\u2019ancienne num\u00e9ro 1 fran\u00e7aise, qui a r\u00e9ussi \u00e0 se hisser jusqu\u2019au 4e rang mondial, tire sa r\u00e9v\u00e9rence. Elle sera malgr\u00e9 tout pr\u00e9sente \u00e0 Roland-Garros dans les prochains jours pour un dernier tour de piste.<\/p>\n<p class=\"fig-paragraph\">\u00abMon parcours n\u2019a pas toujours \u00e9t\u00e9 facile, ajoute-t-elle dans un long message post\u00e9 sur les r\u00e9seaux sociaux. Depuis mes d\u00e9buts, le tennis a toujours repr\u00e9sent\u00e9 bien plus que des victoires ou des d\u00e9faites. C\u2019\u00e9tait l\u2019amour ou la haine. La joie ou la frustration. Et malgr\u00e9 tout, je suis profond\u00e9ment reconnaissante pour tout ce que cette aventure m\u2019a offert.\u00bb<\/p>\n<p>Masters 2022, la plus grande victoire de sa carri\u00e8re<\/p>\n<p class=\"fig-paragraph\">Et Caroline Garcia d\u2019encha\u00eener, tout en pr\u00e9cisant qu\u2019elle en dirait plus sur son avenir dans les prochains jours\u00a0: \u00abMais aujourd\u2019hui, il est temps de passer \u00e0 autre chose. Mon corps \u2013 et mes aspirations personnelles \u2013 me le demandent.\u00bb<\/p>\n<p class=\"fig-paragraph\">Pas \u00e9pargn\u00e9e par les blessures physiques ou morales ces derni\u00e8res ann\u00e9es, Caroline Garcia -victorieuse du double \u00e0 Roland-Garros en 2016, de la Fed Cup 2019 ainsi que le Masters en 2022, pour un total de 11 titres en simple et 8 en double- est retomb\u00e9e \u00e0 la 117e place du classement mondial. Elle fera face une derni\u00e8re fois au public parisien \u00e0 Roland-Garros et sera oppos\u00e9e \u00e0 l\u2019Am\u00e9ricaine Bernarda Pera. Pour un dernier tour de piste charg\u00e9 en \u00e9motion.<\/p>\n<p class=\"fig-paragraph\"><strong>\u00c0 VOIR AUSSI &#8211; <\/strong>Coupe de France\u00a0: le parcours du Paris SG jusqu\u2019\u00e0 la finale face au Stade de Reims<\/p>\n<p>\u00a0\u00bb<br \/>\n        data-script=\u00a0\u00bbhttps:\/\/static.lefigaro.fr\/widget-video\/short-ttl\/dugout\/index.js\u00a0\u00bb<br \/>\n    &gt;<\/p>\n","protected":false},"excerpt":{"rendered":"\u00a0\u00bb data-script=\u00a0\u00bbhttps:\/\/static.lefigaro.fr\/widget-video\/short-ttl\/video\/index.js\u00a0\u00bb &gt; La Fran\u00e7aise, dans un long message sur les r\u00e9seaux sociaux, annonce ce vendredi sa retraite&hellip;\n","protected":false},"author":2,"featured_media":121630,"comment_status":"","ping_status":"","sticky":false,"template":"","format":"standard","meta":{"footnotes":""},"categories":[1415],"tags":[47,4169,525,9290,1981,4178,4179,1011,27,1114,3996,4177,4176,4174,4175,1980,4171,60,1467,4172,4173,4170],"class_list":{"0":"post-121629","1":"post","2":"type-post","3":"status-publish","4":"format-standard","5":"has-post-thumbnail","7":"category-tennis","8":"tag-actualite","9":"tag-atp","10":"tag-calendrier","11":"tag-caroline-garcia","12":"tag-classement","13":"tag-coupe-davis","14":"tag-fed-cup","15":"tag-fr","16":"tag-france","17":"tag-infos","18":"tag-jeux-olympiques","19":"tag-masters-1000","20":"tag-masters-500","21":"tag-masters-series","22":"tag-open-daustralie","23":"tag-resultats","24":"tag-roland-garros","25":"tag-sports","26":"tag-tennis","27":"tag-us-open","28":"tag-wimbledon","29":"tag-wta"},"share_on_mastodon":{"url":"https:\/\/pubeurope.com\/@fr\/114556462892739085","error":""},"_links":{"self":[{"href":"https:\/\/www.europesays.com\/fr\/wp-json\/wp\/v2\/posts\/121629","targetHints":{"allow":["GET"]}}],"collection":[{"href":"https:\/\/www.europesays.com\/fr\/wp-json\/wp\/v2\/posts"}],"about":[{"href":"https:\/\/www.europesays.com\/fr\/wp-json\/wp\/v2\/types\/post"}],"author":[{"embeddable":true,"href":"https:\/\/www.europesays.com\/fr\/wp-json\/wp\/v2\/users\/2"}],"replies":[{"embeddable":true,"href":"https:\/\/www.europesays.com\/fr\/wp-json\/wp\/v2\/comments?post=121629"}],"version-history":[{"count":0,"href":"https:\/\/www.europesays.com\/fr\/wp-json\/wp\/v2\/posts\/121629\/revisions"}],"wp:featuredmedia":[{"embeddable":true,"href":"https:\/\/www.europesays.com\/fr\/wp-json\/wp\/v2\/media\/121630"}],"wp:attachment":[{"href":"https:\/\/www.europesays.com\/fr\/wp-json\/wp\/v2\/media?parent=121629"}],"wp:term":[{"taxonomy":"category","embeddable":true,"href":"https:\/\/www.europesays.com\/fr\/wp-json\/wp\/v2\/categories?post=121629"},{"taxonomy":"post_tag","embeddable":true,"href":"https:\/\/www.europesays.com\/fr\/wp-json\/wp\/v2\/tags?post=121629"}],"curies":[{"name":"wp","href":"https:\/\/api.w.org\/{rel}","templated":true}]}}