{"id":121633,"date":"2025-05-23T09:36:09","date_gmt":"2025-05-23T09:36:09","guid":{"rendered":"https:\/\/www.europesays.com\/fr\/121633\/"},"modified":"2025-05-23T09:36:09","modified_gmt":"2025-05-23T09:36:09","slug":"bouteille-a-30-000-euros-palace-flottant-la-ruee-des-vip-sur-les-balcons-et-les-yachts-de-luxe-au-gp-de-monaco","status":"publish","type":"post","link":"https:\/\/www.europesays.com\/fr\/121633\/","title":{"rendered":"Bouteille \u00e0 30.000 euros, palace flottant&#8230; La ru\u00e9e des VIP sur les balcons et les yachts de luxe au GP de Monaco"},"content":{"rendered":"<p><strong>D\u00c9CRYPTAGE &#8211; <\/strong>Des places \u00e0 prix d\u2019or s\u2019arrachent pour profiter de la course dans des conditions exceptionnelles.<\/p>\n<p class=\"fig-paragraph\">Siroter un cocktail avec une vue exceptionnelle sur une grande partie du circuit, assister au d\u00e9part \u00e0 quelques m\u00e8tres seulement de la grille, l\u00e0 o\u00f9 aucun spectateur lambda n\u2019a acc\u00e8s ou faire bronzette en terrasse entre deux s\u00e9ances d\u2019essais&#8230; Rendez-vous de tous les superlatifs du calendrier de la Formule 1, le\u00a0<a href=\"http:\/\/www.lefigaro.fr\/sports\/formule-1\/f1-le-gp-de-monaco-reste-au-calendrier-jusqu-en-2031-20241114\" target=\"_blank\" data-fig-type=\"NewsFlash\" rel=\"noopener\" data-gtm-custom-categorie=\"navigation\" data-gtm-custom-action=\"crossclick\" data-gtm-custom-label=\"Contextuel\" data-gtm-event=\"customEventSPE\" data-fig-domain=\"LEFIGARO\">Grand Prix de Monaco<\/a>\u00a0est aussi celui de toutes les folies pour obtenir les meilleures places possibles, loin des traditionnelles tribunes prises d\u2019assaut\u00a0<a href=\"http:\/\/www.lefigaro.fr\/faits-divers\/grand-prix-de-monaco-les-images-d-un-bateau-pneumatique-venu-s-echouer-a-toute-vitesse-sur-le-port-20240527\" target=\"_blank\" data-fig-type=\"NewsFlash\" rel=\"noopener\" data-gtm-custom-categorie=\"navigation\" data-gtm-custom-action=\"crossclick\" data-gtm-custom-label=\"Contextuel\" data-gtm-event=\"customEventSPE\" data-fig-domain=\"LEFIGARO\">sur le port<\/a>\u00a0depuis de longues semaines malgr\u00e9 des prix tr\u00e8s \u00e9lev\u00e9s (entre 850 et 1000 euros pour une place sur le Quai Albert 1er ).<\/p>\n<p class=\"fig-paragraph\">Mais cette exp\u00e9rience unique hors des gradins a un co\u00fbt. Pour assister \u00e0 la 81e \u00e9dition (dimanche, \u00e0 partir de 15 heures) en vous y prenant \u00e0 la derni\u00e8re minute,\u00a0<a href=\"https:\/\/www.lefigaro.fr\/le-scan-sport\/2018\/05\/24\/27001-20180524ARTFIG00280-prix-des-places-en-formule-1-le-grand-ecart-entre-les-grands-prix.php\" target=\"_blank\" data-fig-type=\"Article\" rel=\"noopener\" data-gtm-custom-categorie=\"navigation\" data-gtm-custom-action=\"crossclick\" data-gtm-custom-label=\"Contextuel\" data-gtm-event=\"customEventSPE\" data-fig-domain=\"LEFIGARO\">comptez 1600 euros par personne<\/a>\u00a0pour vous installer, par exemple, sur le balcon d\u2019un appartement privatis\u00e9, \u00e0 partager avec d\u2019autres spectateurs, au septi\u00e8me \u00e9tage d\u2019un immeuble situ\u00e9 dans la mont\u00e9e de Beau Rivage. Vue imprenable sur tout\u2026<\/p>\n<p class=\"fig-premium-paywall__infos\">\n        Cet article est r\u00e9serv\u00e9 aux abonn\u00e9s.        Il vous reste 80% \u00e0 d\u00e9couvrir.\n    <\/p>\n<p>                <img  data- alt=\"Le Figaro\" class=\"fig-img--complete fig-img\"\/><\/p>\n<p class=\"fig-premium-paywall__title\">Vente Flash<\/p>\n<p class=\"fig-premium-paywall__subtitle\">4,99\u20ac par mois pendant 12 mois. Sans engagement.<\/p>\n<p class=\"fig-premium-paywall__connect\">\n                D\u00e9j\u00e0 abonn\u00e9\u00a0?                <a class=\"fig-premium-paywall__connect-link\" href=\"https:\/\/connect.lefigaro.fr\/login?client=horizon_web&amp;type=main&amp;redirect_uri=https%3A%2F%2Fwww.lefigaro.fr%2Fsports%2Fformule-1%2Fgrand-prix-de-monaco-la-ruee-des-vip-sur-les-balcons-et-les-yachts-de-luxe-20250523\" data-js-gtm=\"{&quot;customCategorie&quot;: &quot;conversion&quot;, &quot;customAction&quot;: &quot;before_Landing_Connexion_paywall_auto&quot;, &quot;customLabel&quot;: &quot;bGVmaWdhcm8uZnJfXzFmMDM1NjFjLTZkMTItNmU4OC05ZTk5LTZiYjYxNTU5MDRiZl9fQXJ0aWNsZQ==_Bouteille \u00e0 30.000 euros, palace flottant... La ru\u00e9e des VIP sur les balcons et les yachts de luxe au GP de Monaco_399&quot;, &quot;customIDSPE&quot;: &quot;bGVmaWdhcm8uZnJfXzFmMDM1NjFjLTZkMTItNmU4OC05ZTk5LTZiYjYxNTU5MDRiZl9fQXJ0aWNsZQ==&quot;, &quot;event&quot;: &quot;customEventSPE&quot;}\" target=\"_blank\" rel=\"noopener\"><br \/>\n                    Connectez-vous<br \/>\n                <\/a>\n            <\/p>\n","protected":false},"excerpt":{"rendered":"D\u00c9CRYPTAGE &#8211; Des places \u00e0 prix d\u2019or s\u2019arrachent pour profiter de la course dans des conditions exceptionnelles. Siroter&hellip;\n","protected":false},"author":2,"featured_media":121634,"comment_status":"","ping_status":"","sticky":false,"template":"","format":"standard","meta":{"footnotes":""},"categories":[1412],"tags":[1977,1976,525,1981,1979,1983,1451,1452,1453,1454,1455,1011,27,1982,3127,1978,1980,60],"class_list":{"0":"post-121633","1":"post","2":"type-post","3":"status-publish","4":"format-standard","5":"has-post-thumbnail","7":"category-f1","8":"tag-auto","9":"tag-auto-moto","10":"tag-calendrier","11":"tag-classement","12":"tag-constructeurs","13":"tag-essai","14":"tag-f1","15":"tag-formula-1","16":"tag-formula1","17":"tag-formule-1","18":"tag-formule1","19":"tag-fr","20":"tag-france","21":"tag-grand-prix","22":"tag-monaco","23":"tag-pilotes","24":"tag-resultats","25":"tag-sports"},"share_on_mastodon":{"url":"https:\/\/pubeurope.com\/@fr\/114556474727122595","error":""},"_links":{"self":[{"href":"https:\/\/www.europesays.com\/fr\/wp-json\/wp\/v2\/posts\/121633","targetHints":{"allow":["GET"]}}],"collection":[{"href":"https:\/\/www.europesays.com\/fr\/wp-json\/wp\/v2\/posts"}],"about":[{"href":"https:\/\/www.europesays.com\/fr\/wp-json\/wp\/v2\/types\/post"}],"author":[{"embeddable":true,"href":"https:\/\/www.europesays.com\/fr\/wp-json\/wp\/v2\/users\/2"}],"replies":[{"embeddable":true,"href":"https:\/\/www.europesays.com\/fr\/wp-json\/wp\/v2\/comments?post=121633"}],"version-history":[{"count":0,"href":"https:\/\/www.europesays.com\/fr\/wp-json\/wp\/v2\/posts\/121633\/revisions"}],"wp:featuredmedia":[{"embeddable":true,"href":"https:\/\/www.europesays.com\/fr\/wp-json\/wp\/v2\/media\/121634"}],"wp:attachment":[{"href":"https:\/\/www.europesays.com\/fr\/wp-json\/wp\/v2\/media?parent=121633"}],"wp:term":[{"taxonomy":"category","embeddable":true,"href":"https:\/\/www.europesays.com\/fr\/wp-json\/wp\/v2\/categories?post=121633"},{"taxonomy":"post_tag","embeddable":true,"href":"https:\/\/www.europesays.com\/fr\/wp-json\/wp\/v2\/tags?post=121633"}],"curies":[{"name":"wp","href":"https:\/\/api.w.org\/{rel}","templated":true}]}}