{"id":121640,"date":"2025-05-23T09:40:14","date_gmt":"2025-05-23T09:40:14","guid":{"rendered":"https:\/\/www.europesays.com\/fr\/121640\/"},"modified":"2025-05-23T09:40:14","modified_gmt":"2025-05-23T09:40:14","slug":"loeuvre-de-vilmouth-inspire-scenes-de-nature","status":"publish","type":"post","link":"https:\/\/www.europesays.com\/fr\/121640\/","title":{"rendered":"l\u2019\u0153uvre de Vilmouth inspire Sc\u00e8nes de nature"},"content":{"rendered":"<p>Sp\u00e9cialiste de la transformation d\u2019objets, le sculpteur et plasticien fran\u00e7ais <a target=\"_self\" href=\"https:\/\/www.lanouvellerepublique.fr\/chatellerault\/vilmouth-est-mort-les-tours-de-la-manu-en-deuil-a-chatellerault\" rel=\"noopener\">Jean-Luc Vilmouth est d\u00e9c\u00e9d\u00e9 en 2015<\/a> \u00e0 l\u2019\u00e2ge de 63\u00a0ans. L\u2019artiste mosellan a sign\u00e9 durant sa vie de nombreuses \u0153uvres, dont certaines monumentales. \u00c0 l\u2019image de celle de Ch\u00e2tellerault, Comme deux tours, qu\u2019il avait cr\u00e9\u00e9e en 1995 \u00e0 partir de deux chemin\u00e9es de l\u2019ancienne manufacture d\u2019armes, et que <a target=\"_self\" href=\"https:\/\/www.lanouvellerepublique.fr\/chatellerault\/chatellerault-30-ans-apres-les-tours-de-vilmouth-sont-devenues-un-embleme-1738755581\" rel=\"noopener\">chacun peut encore admirer, trente ans apr\u00e8s.<\/a><\/p>\n<p>Huit sayn\u00e8tes \u00e0 d\u00e9couvrir au fil de la balade<\/p>\n<p>Pour la 7e\u00a0\u00e9dition de l\u2019\u00e9v\u00e9nement \u00ab\u00a0Sc\u00e8nes de nature\u00a0\u00bb, qui aura lieu ce samedi\u00a024 et dimanche 25\u00a0mai au parc du Verger, le service cadre de vie de la Ville de Ch\u00e2tellerault a choisi de faire un clin d\u2019\u0153il \u00e0 ce 30e\u00a0anniversaire en articulant la th\u00e9matique autour du parcours artistique de Jean-Luc Vilmouth.<\/p>\n<p>\u00ab\u00a0Associer Vilmouth \u00e0 une f\u00eate de la nature, \u00e7a peut para\u00eetre incongru, et en fait, \u00e7a a inspir\u00e9 nos agents, expliquent Laurence Rabussier et Christelle Revel, respectivement adjointe et responsable du service cadre de vie. Les \u00e9quipes sont parties d\u2019\u0153uvres de l\u2019artiste pour les revisiter \u00e0 leur fa\u00e7on.\u00a0\u00bb<\/p>\n<p>Dans le parc public du Verger, dont le cadre exceptionnel en pleine ville et les richesses botanique et paysag\u00e8re sont tr\u00e8s appr\u00e9ci\u00e9s, les employ\u00e9s municipaux ont am\u00e9nag\u00e9 et mis en sc\u00e8ne huit sayn\u00e8tes nature, que le public d\u00e9couvrira au gr\u00e9 d\u2019une d\u00e9ambulation. On citera par exemple Les Tours de la Manu (forc\u00e9ment) et Un petit Tour au bar, un espace potager qui rappelle l\u2019\u0153uvre\u00a0Le Bar des Plantes, install\u00e9e \u00e0 Strasbourg.<\/p>\n<p>Nous avons bloqu\u00e9 l&rsquo;affichage de ce contenu pour respecter vos choix en mati\u00e8re de cookies. En cliquant sur \u00ab\u00a0Accepter\u00a0\u00bb,\u00a0vous acceptez le d\u00e9p\u00f4t de cookies. Vous pouvez modifier vos choix \u00e0 tout moment en vous rendant sur <a class=\"blocSansConsentement_lien__m9THN\" href=\"https:\/\/www.lanouvellerepublique.fr\/politique-de-confidentialite\" target=\"_blank\" rel=\"noopener\">cette page<\/a>.<\/p>\n<p>Accepter<\/p>\n<p>Ces r\u00e9alisations \u00e0 base de plantes et de mat\u00e9riaux recycl\u00e9s portent un message\u00a0: celui de la n\u00e9cessit\u00e9 de respecter l\u2019environnement et de r\u00e9utiliser autant que possible ce que l\u2019on qualifierait de \u00ab\u00a0d\u00e9chets\u00a0\u00bb.<\/p>\n<p>3.500 visiteurs en 2023<\/p>\n<p>Des temps de pause seront propos\u00e9s sur le parcours\u00a0: des expositions (sur la biodiversit\u00e9 sauvage ou encore sur l\u2019ambroisie), un atelier rempotage pour habiller La Pyramide, inspir\u00e9e de la cr\u00e9ation en palettes de Vilmouth, Construction\u00a0; une d\u00e9gustation de produits de la nature\u2026 Dix-huit partenaires engag\u00e9s dans la pr\u00e9servation de l\u2019environnement tiendront un stand pour pr\u00e9senter leurs activit\u00e9s et proposer des animations et sensibilisations.<\/p>\n<p>Une bonne moiti\u00e9 des 95 agents du service cadre de vie participent au week-end et r\u00e9pondront aux questions des visiteurs. \u00ab\u00a0Au quotidien, ils sont parfois chahut\u00e9s, stigmatis\u00e9s. Ici au contraire, les gens viennent dans un esprit constructif, leur demandent des conseils. C\u2019est tr\u00e8s valorisant pour eux\u00a0\u00bb, commentent Christelle Revel et Laurence Rabussier.<\/p>\n<p>Lors de la <a target=\"_self\" href=\"https:\/\/www.lanouvellerepublique.fr\/chatellerault\/chatellerault-4-000-visiteurs-attendus-ce-week-end-pour-le-retour-de-scenes-de-nature\" rel=\"noopener\">6e\u00a0\u00e9dition en 2023<\/a>, Sc\u00e8nes de nature avait, selon la Ville, \u00ab\u00a03.500\u00a0\u00bb visiteurs. Deux ans apr\u00e8s, il devrait y avoir encore beaucoup de monde, ce week-end au Verger.<\/p>\n<p>\u00ab\u00a0Sc\u00e8nes de nature\u00a0\u00bb, samedi\u00a024 et dimanche 25\u00a0mai de 10\u00a0h \u00e0 19\u00a0h au parc du Verger \u00e0 Ch\u00e2tellerault. Entr\u00e9e gratuite.<\/p>\n","protected":false},"excerpt":{"rendered":"Sp\u00e9cialiste de la transformation d\u2019objets, le sculpteur et plasticien fran\u00e7ais Jean-Luc Vilmouth est d\u00e9c\u00e9d\u00e9 en 2015 \u00e0 l\u2019\u00e2ge&hellip;\n","protected":false},"author":2,"featured_media":121641,"comment_status":"","ping_status":"","sticky":false,"template":"","format":"standard","meta":{"footnotes":""},"categories":[1358],"tags":[1392,1348,1384,1385,19489,1386,58,59,14537,1011,27,1393],"class_list":{"0":"post-121640","1":"post","2":"type-post","3":"status-publish","4":"format-standard","5":"has-post-thumbnail","7":"category-arts-et-design","8":"tag-a-la-une-local","9":"tag-arts","10":"tag-arts-and-design","11":"tag-arts-et-design","12":"tag-chatellerault","13":"tag-design","14":"tag-divertissement","15":"tag-entertainment","16":"tag-fetes","17":"tag-fr","18":"tag-france","19":"tag-loisirs"},"share_on_mastodon":{"url":"https:\/\/pubeurope.com\/@fr\/114556490427872397","error":""},"_links":{"self":[{"href":"https:\/\/www.europesays.com\/fr\/wp-json\/wp\/v2\/posts\/121640","targetHints":{"allow":["GET"]}}],"collection":[{"href":"https:\/\/www.europesays.com\/fr\/wp-json\/wp\/v2\/posts"}],"about":[{"href":"https:\/\/www.europesays.com\/fr\/wp-json\/wp\/v2\/types\/post"}],"author":[{"embeddable":true,"href":"https:\/\/www.europesays.com\/fr\/wp-json\/wp\/v2\/users\/2"}],"replies":[{"embeddable":true,"href":"https:\/\/www.europesays.com\/fr\/wp-json\/wp\/v2\/comments?post=121640"}],"version-history":[{"count":0,"href":"https:\/\/www.europesays.com\/fr\/wp-json\/wp\/v2\/posts\/121640\/revisions"}],"wp:featuredmedia":[{"embeddable":true,"href":"https:\/\/www.europesays.com\/fr\/wp-json\/wp\/v2\/media\/121641"}],"wp:attachment":[{"href":"https:\/\/www.europesays.com\/fr\/wp-json\/wp\/v2\/media?parent=121640"}],"wp:term":[{"taxonomy":"category","embeddable":true,"href":"https:\/\/www.europesays.com\/fr\/wp-json\/wp\/v2\/categories?post=121640"},{"taxonomy":"post_tag","embeddable":true,"href":"https:\/\/www.europesays.com\/fr\/wp-json\/wp\/v2\/tags?post=121640"}],"curies":[{"name":"wp","href":"https:\/\/api.w.org\/{rel}","templated":true}]}}