{"id":121659,"date":"2025-05-23T09:50:11","date_gmt":"2025-05-23T09:50:11","guid":{"rendered":"https:\/\/www.europesays.com\/fr\/121659\/"},"modified":"2025-05-23T09:50:11","modified_gmt":"2025-05-23T09:50:11","slug":"en-suede-des-viols-de-femmes-agees-par-leurs-auxiliaires-de-vie-signent-leffritement-dun-modele-social-longtemps-erige-en-exemple","status":"publish","type":"post","link":"https:\/\/www.europesays.com\/fr\/121659\/","title":{"rendered":"En Su\u00e8de, des viols de femmes \u00e2g\u00e9es par leurs auxiliaires de vie, signent l\u2019effritement d\u2019un mod\u00e8le social longtemps \u00e9rig\u00e9 en exemple"},"content":{"rendered":"<p><strong>R\u00c9CIT &#8211; <\/strong>La presse su\u00e9doise s\u2019est fait l\u2019\u00e9cho ces derniers mois de plusieurs viols sordides commis par des aides \u00e0 domicile sur des femmes \u00e2g\u00e9es. Un scandale qui peine \u00e0 \u00e9clore en Su\u00e8de, \u00c9tat-providence, qui se refuse encore \u00e0 accepter son propre d\u00e9clin.<\/p>\n<p class=\"fig-paragraph\">Quand elle a appris par t\u00e9l\u00e9phone ce qui \u00e9tait arriv\u00e9, Mimmi \u00e9tait en voiture. Elle a d\u00fb s\u2019arr\u00eater pour vomir. Sa grand-m\u00e8re, Elsa, \u00e2g\u00e9e de 84 ans, a \u00e9t\u00e9 viol\u00e9e avec une brutalit\u00e9 infinie par\u00a0<a href=\"https:\/\/sante.lefigaro.fr\/social\/personnes-agees\/aide-menagere-personnes-agees\/qui-peut-y-pretendre\" target=\"_blank\" data-fig-type=\"Keyword\" rel=\"noopener nofollow\" data-gtm-custom-categorie=\"navigation\" data-gtm-custom-action=\"crossclick\" data-gtm-custom-label=\"Contextuel\" data-gtm-event=\"customEventSPE\" data-fig-domain=\"SANTE\">un aide \u00e0 domicile<\/a>, un matin du printemps 2024. Ce jour-l\u00e0, l\u2019homme qui venait lui rendre visite quotidiennement pour l\u2019aider \u00e0 se lever, se doucher, mettre ses bas de contention et pr\u00e9parer son repas est arriv\u00e9 plus t\u00f4t que d\u2019habitude. Elsa se r\u00e9veille en sursaut, sentant sa main sur son \u00e9paule. La positionnant sur le rebord du lit, l\u2019auxiliaire de vie se glisse de force entre ses jambes. Elle proteste mais il insiste et la viole. \u00abJ\u2019ai dit non et j\u2019ai essay\u00e9 de le repousser avec mes mains. Mais je n\u2019avais aucune force. Et pourtant, c\u2019est tellement honteux\u00bb, racontait la vieille femme au journal local su\u00e9dois,\u00a0<a href=\"https:\/\/www.unt.se\/story-nyheter\/uppsala\/artikel\/84-ariga-elsa-det-var-jag-som-blev-valdtagen-\/jv4zmyej\" target=\"_blank\" rel=\"nofollow noopener\" data-gtm-custom-categorie=\"navigation\" data-gtm-custom-action=\"crossclick\" data-gtm-custom-label=\"Contextuel\" data-gtm-event=\"customEventSPE\">Upsala Nya Tidning (UNT)<\/a>, en septembre dernier. Quelques mois plus t\u00f4t, alors qu\u2019elle \u00e9tait install\u00e9e \u00e0 table, le m\u00eame personnage avait baiss\u00e9 son pantalon face \u00e0 elle, lui d\u00e9signant son p\u00e9nis\u2026<\/p>\n<p class=\"fig-premium-paywall__infos\">\n        Cet article est r\u00e9serv\u00e9 aux abonn\u00e9s.        Il vous reste 87% \u00e0 d\u00e9couvrir.\n    <\/p>\n<p>                <img  data- alt=\"Le Figaro\" class=\"fig-img--complete fig-img\"\/><\/p>\n<p class=\"fig-premium-paywall__title\">Vente Flash<\/p>\n<p class=\"fig-premium-paywall__subtitle\">4,99\u20ac par mois pendant 12 mois. Sans engagement.<\/p>\n<p class=\"fig-premium-paywall__connect\">\n                D\u00e9j\u00e0 abonn\u00e9\u00a0?                <a class=\"fig-premium-paywall__connect-link\" href=\"https:\/\/connect.lefigaro.fr\/login?client=horizon_web&amp;type=main&amp;redirect_uri=https%3A%2F%2Fwww.lefigaro.fr%2Finternational%2Fen-suede-des-viols-de-femmes-agees-par-leurs-auxiliaires-de-vie-signent-l-effritement-d-un-modele-social-longtemps-erige-en-exemple-20250523\" data-js-gtm=\"{&quot;customCategorie&quot;: &quot;conversion&quot;, &quot;customAction&quot;: &quot;before_Landing_Connexion_paywall_auto&quot;, &quot;customLabel&quot;: &quot;bGVmaWdhcm8uZnJfXzFmMDM2ZTdiLTMyYzYtNjNlOC04YTc5LTQ5OTVlZWFiZWI2M19fQXJ0aWNsZQ==_En Su\u00e8de, des viols de femmes \u00e2g\u00e9es par leurs auxiliaires de vie, signent l\u2019effritement d\u2019un mod\u00e8le social longtemps \u00e9rig\u00e9 en exemple_1000&quot;, &quot;customIDSPE&quot;: &quot;bGVmaWdhcm8uZnJfXzFmMDM2ZTdiLTMyYzYtNjNlOC04YTc5LTQ5OTVlZWFiZWI2M19fQXJ0aWNsZQ==&quot;, &quot;event&quot;: &quot;customEventSPE&quot;}\" rel=\"nofollow noopener\" target=\"_blank\"><br \/>\n                    Connectez-vous<br \/>\n                <\/a>\n            <\/p>\n","protected":false},"excerpt":{"rendered":"R\u00c9CIT &#8211; La presse su\u00e9doise s\u2019est fait l\u2019\u00e9cho ces derniers mois de plusieurs viols sordides commis par des&hellip;\n","protected":false},"author":2,"featured_media":121660,"comment_status":"","ping_status":"","sticky":false,"template":"","format":"standard","meta":{"footnotes":""},"categories":[5],"tags":[259,11,260,1011,27,14,261,12,2571,262,7199,28],"class_list":{"0":"post-121659","1":"post","2":"type-post","3":"status-publish","4":"format-standard","5":"has-post-thumbnail","7":"category-international","8":"tag-actualite-internationale","9":"tag-actualites","10":"tag-affaires-etrangeres","11":"tag-fr","12":"tag-france","13":"tag-international","14":"tag-ministere-des-affaires-etrangeres","15":"tag-news","16":"tag-personnes-agees","17":"tag-politique-etrangere","18":"tag-suede","19":"tag-world"},"share_on_mastodon":{"url":"https:\/\/pubeurope.com\/@fr\/114556529821146197","error":""},"_links":{"self":[{"href":"https:\/\/www.europesays.com\/fr\/wp-json\/wp\/v2\/posts\/121659","targetHints":{"allow":["GET"]}}],"collection":[{"href":"https:\/\/www.europesays.com\/fr\/wp-json\/wp\/v2\/posts"}],"about":[{"href":"https:\/\/www.europesays.com\/fr\/wp-json\/wp\/v2\/types\/post"}],"author":[{"embeddable":true,"href":"https:\/\/www.europesays.com\/fr\/wp-json\/wp\/v2\/users\/2"}],"replies":[{"embeddable":true,"href":"https:\/\/www.europesays.com\/fr\/wp-json\/wp\/v2\/comments?post=121659"}],"version-history":[{"count":0,"href":"https:\/\/www.europesays.com\/fr\/wp-json\/wp\/v2\/posts\/121659\/revisions"}],"wp:featuredmedia":[{"embeddable":true,"href":"https:\/\/www.europesays.com\/fr\/wp-json\/wp\/v2\/media\/121660"}],"wp:attachment":[{"href":"https:\/\/www.europesays.com\/fr\/wp-json\/wp\/v2\/media?parent=121659"}],"wp:term":[{"taxonomy":"category","embeddable":true,"href":"https:\/\/www.europesays.com\/fr\/wp-json\/wp\/v2\/categories?post=121659"},{"taxonomy":"post_tag","embeddable":true,"href":"https:\/\/www.europesays.com\/fr\/wp-json\/wp\/v2\/tags?post=121659"}],"curies":[{"name":"wp","href":"https:\/\/api.w.org\/{rel}","templated":true}]}}