{"id":121667,"date":"2025-05-23T09:54:11","date_gmt":"2025-05-23T09:54:11","guid":{"rendered":"https:\/\/www.europesays.com\/fr\/121667\/"},"modified":"2025-05-23T09:54:11","modified_gmt":"2025-05-23T09:54:11","slug":"nos-idees-sorties-du-week-end-des-30-31-mai-et-1er-juin-2025-dans-la-loire","status":"publish","type":"post","link":"https:\/\/www.europesays.com\/fr\/121667\/","title":{"rendered":"Nos id\u00e9es sorties du week-end des 30, 31 mai et 1er juin 2025 dans la Loire"},"content":{"rendered":"<p class=\"is-style-chapo\">Voici la s\u00e9lection de la r\u00e9daction de If Saint-Etienne pour se divertir et s\u2019amuser dans la Loire le week-end prochain, soit les 30, 31 mai et 1er juin. Une liste d\u2019\u00e9v\u00e9nements, s\u00e9lectionn\u00e9s de mani\u00e8re ind\u00e9pendante et, bien entendu, non-exhaustive.<\/p>\n<p><img loading=\"lazy\" decoding=\"async\" width=\"1024\" height=\"576\" src=\"https:\/\/www.europesays.com\/fr\/wp-content\/uploads\/2025\/05\/Site_Le_Corbusier___Unite_d_Habitation___rue-Inscrire_la_legende-20862-scaled-e1635933872720-1024x57.jpeg\" alt=\"\" class=\"wp-image-19793\"  \/>Jean-Jacques Gelbart \u00a9 F.L.C \/ ADAGP<\/p>\n<p>1 \u2013 Good vibes<\/p>\n<p>Samedi 31 mai, \u00e0 Saint-Etienne, Le Fil re\u00e7oit le groupe <a href=\"https:\/\/www.le-fil.com\/concert\/hilight-tribe\/\" target=\"_blank\" rel=\"noreferrer noopener\">Hilight Tribe<\/a>, pionniers de la Natural trance en France, apr\u00e8s sept ans d\u2019absence \u00e0 Saint-Etienne. Lors de cette soir\u00e9e, ils seront accompagn\u00e9s de Bandikoot in dub, ainsi que de Dubanko &amp; Woody Vibes.<\/p>\n<p>2 \u2013 Garagnas<\/p>\n<p>Dimanche 1er juin, le <a href=\"https:\/\/mai.saint-etienne.fr\/\" target=\"_blank\" rel=\"noreferrer noopener\">Mus\u00e9e d\u2019art et d\u2019industrie<\/a> de Saint-Etienne accueille la Journ\u00e9e du Garagna. Un \u00e9v\u00e9nement interg\u00e9n\u00e9rationnel qui m\u00eale patrimoine textile, pratiques artistiques, jeux, ateliers, etc. Au programme\u00a0: grands jeux en bois, maquillage artistique pour enfants, ou encore repr\u00e9sentations th\u00e9\u00e2trales.<\/p>\n<p>3 \u2013 En visite<\/p>\n<p>Adul\u00e9 ou d\u00e9cri\u00e9, <a href=\"https:\/\/sitelecorbusier.com\/\" target=\"_blank\" rel=\"noreferrer noopener\">Le Corbusier<\/a> est connu pour sa vision de l\u2019habitat collectif. Vendredi 30 et samedi 31 mai, \u00e0 14h, puis 15h30, celle de Firminy ouvre ses portes au public, sur r\u00e9servations, pour une visite guid\u00e9e. Il sera \u00e9galement possible de visiter la maison de la Culture, ainsi que <a href=\"https:\/\/www.if-saint-etienne.fr\/breves\/quand-le-corbusier-sillumine-a-firminy\" target=\"_blank\" rel=\"noreferrer noopener\">l\u2019Eglise Saint-Pierre<\/a>.<\/p>\n<p>4 \u2013 Chapeau\u00a0!<\/p>\n<p>Tous les deux ans, depuis 30 ans, <a href=\"https:\/\/www.ateliermuseeduchapeau.com\/\" target=\"_blank\" rel=\"noreferrer noopener\">l\u2019Atelier-Mus\u00e9e du Chapeau<\/a> organise les Rencontres Internationales des Arts du Chapeau. Il s\u2019agit d\u2019un concours de chapeaux, lanc\u00e9 aux cr\u00e9ateurs du monde entier sur un th\u00e8me donn\u00e9. Venez d\u00e9couvrir les prix, expos\u00e9s au mus\u00e9e, \u00e0 Chazelles-sur-Lyon, durant le week-end.<\/p>\n<p>5 \u2013 Choco<\/p>\n<p><a href=\"https:\/\/www.bertrandchocolatier.com\/\" target=\"_blank\" rel=\"noreferrer noopener\">Bertrand Chocolatier<\/a> vous invite \u00e0 d\u00e9couvrir l\u2019univers du chocolat \u00e0 travers une visite guid\u00e9e organis\u00e9e de 9h30 \u00e0 11h30 vendredi 30 mai, au Coteau. Au programme\u00a0: d\u00e9couverte, visite et d\u00e9gustation de grands crus et de bonbons au chocolat.<\/p>\n","protected":false},"excerpt":{"rendered":"Voici la s\u00e9lection de la r\u00e9daction de If Saint-Etienne pour se divertir et s\u2019amuser dans la Loire le&hellip;\n","protected":false},"author":2,"featured_media":121668,"comment_status":"","ping_status":"","sticky":false,"template":"","format":"standard","meta":{"footnotes":""},"categories":[9653],"tags":[14428,1111,11,2430,1777,674,1011,27,14429,12,14430,25,4001,1669,14431],"class_list":{"0":"post-121667","1":"post","2":"type-post","3":"status-publish","4":"format-standard","5":"has-post-thumbnail","7":"category-saint-etienne","8":"tag-activites-week-end-loire","9":"tag-actu","10":"tag-actualites","11":"tag-auvergne-rhone-alpes","12":"tag-eu","13":"tag-europe","14":"tag-fr","15":"tag-france","16":"tag-idees-sorties-loire","17":"tag-news","18":"tag-recreatif","19":"tag-republique-francaise","20":"tag-saint-etienne","21":"tag-sorties","22":"tag-week-ends"},"share_on_mastodon":{"url":"https:\/\/pubeurope.com\/@fr\/114556545586931741","error":""},"_links":{"self":[{"href":"https:\/\/www.europesays.com\/fr\/wp-json\/wp\/v2\/posts\/121667","targetHints":{"allow":["GET"]}}],"collection":[{"href":"https:\/\/www.europesays.com\/fr\/wp-json\/wp\/v2\/posts"}],"about":[{"href":"https:\/\/www.europesays.com\/fr\/wp-json\/wp\/v2\/types\/post"}],"author":[{"embeddable":true,"href":"https:\/\/www.europesays.com\/fr\/wp-json\/wp\/v2\/users\/2"}],"replies":[{"embeddable":true,"href":"https:\/\/www.europesays.com\/fr\/wp-json\/wp\/v2\/comments?post=121667"}],"version-history":[{"count":0,"href":"https:\/\/www.europesays.com\/fr\/wp-json\/wp\/v2\/posts\/121667\/revisions"}],"wp:featuredmedia":[{"embeddable":true,"href":"https:\/\/www.europesays.com\/fr\/wp-json\/wp\/v2\/media\/121668"}],"wp:attachment":[{"href":"https:\/\/www.europesays.com\/fr\/wp-json\/wp\/v2\/media?parent=121667"}],"wp:term":[{"taxonomy":"category","embeddable":true,"href":"https:\/\/www.europesays.com\/fr\/wp-json\/wp\/v2\/categories?post=121667"},{"taxonomy":"post_tag","embeddable":true,"href":"https:\/\/www.europesays.com\/fr\/wp-json\/wp\/v2\/tags?post=121667"}],"curies":[{"name":"wp","href":"https:\/\/api.w.org\/{rel}","templated":true}]}}