{"id":121671,"date":"2025-05-23T09:56:16","date_gmt":"2025-05-23T09:56:16","guid":{"rendered":"https:\/\/www.europesays.com\/fr\/121671\/"},"modified":"2025-05-23T09:56:16","modified_gmt":"2025-05-23T09:56:16","slug":"loisirs-le-port-en-fete-a-nancy-les-imaginales-a-epinal-et-du-neuf-a-decouvrir-a-saxon-sion-neuf-idees-de-sorties-ce-week-end-en-lorraine","status":"publish","type":"post","link":"https:\/\/www.europesays.com\/fr\/121671\/","title":{"rendered":"Loisirs. Le port en f\u00eate \u00e0 Nancy, les Imaginales \u00e0 Epinal et du neuf \u00e0 d\u00e9couvrir \u00e0 Saxon-Sion&#8230; Neuf id\u00e9es de sorties ce week-end en Lorraine"},"content":{"rendered":"<p>  Nancy : journ\u00e9e festive\u00a0au port de plaisance Saint-Georges<\/p>\n<p>Le Port de Plaisance accueille chaque ann\u00e9e pr\u00e8s de 1\u200a000\u2002bateaux et plus de 4\u200a000 camping-cars venus de 25\u2002pays du monde entier. La Ville propose au Port de plaisance Saint-Georges une journ\u00e9e festive au bord de l\u2019eau\u200a: fl\u00e2nerie sous les arbres, brocante, balades, animation musicale, march\u00e9s locaux\u2026 Les familles y trouvent notamment diff\u00e9rentes activit\u00e9s ludiques pour les enfants, dans une ambiance chaleureuse.<\/p>\n<p>    &#13;<br \/>\n    &#13;<br \/>\n    &#13;<br \/>\n    <a href=\"https:\/\/cdn-s-www.estrepublicain.fr\/images\/319c05eb-2362-4dda-a6ae-c494f6d2f5e4\/NW_raw\/photo-patrice-saucourt-1747906153.jpg\" title=\"Photo\u00a0Patrice Saucourt\" class=\"chocolat-image GA-tracking\" data-ga_type=\"click\" data-ga_category=\"D\u00e9tail\" data-ga_action=\"zoomer\" data-ga_label=\"aggrandir image\" rel=\"nofollow noopener\" target=\"_blank\">&#13;<br \/>\n        <img src=\"https:\/\/www.europesays.com\/fr\/wp-content\/uploads\/2025\/05\/photo-patrice-saucourt-1747906153.jpg\"   alt=\"Photo\u00a0Patrice Saucourt\" fetchpriority=\"high\" decoding=\"async\" data-mobile=\"NW_listA_M|1747906153\" data-base=\"NW_listA|1747906153\"\/>&#13;<br \/>\n    <\/a>&#13;<\/p>\n<p>Photo\u00a0Patrice Saucourt<\/p>\n<p class=\"insetTitle\">Les informations pratiques<\/p>\n<ul>\n<li><strong>Dates.<\/strong>\u00a0Dimanche 25 mai, de 10 h \u00e0 18 h.<\/li>\n<li><strong>Lieu.<\/strong>\u00a0Port de Plaisance Saint-Georges, \u00e0 Nancy (54)<\/li>\n<li><strong>Tarifs.<\/strong> Entr\u00e9e libre<\/li>\n<\/ul>\n<p>  <strong>\u00c9pinal :\u00a0retour en force pour les Imaginales<br \/><\/strong><\/p>\n<p>Cette ann\u00e9e, les Imaginales, festival des mondes imaginaires qui se tiendront \u00e0 \u00c9pinal du 23 au 25 mai,\u00a0 nous invitent \u00e0 nous interroger sur les limites et ce qui nous rend tous uniques avec pour th\u00e8me de r\u00e9flexion \u00ab\u200aHors normes\u200a\u00bb. Ce temps fort de la litt\u00e9rature fantastique, coupl\u00e9 d\u00e9sormais avec un festival de mapping Les Nocturnes des Imaginales verront leur \u00e9dition 2025 encore plus \u00e9toff\u00e9e avec le d\u00e9veloppement de leur programmation, qui feront une place plus large au spectacle vivant. Plusieurs centaines d\u2019auteurs sont attendues autour de d\u00e9dicaces et rencontres. Avec de nombreuses animations, expositions et un concours de bodypainting le week-end. Et en soir\u00e9e, place \u00e0 la cr\u00e9ativit\u00e9 vid\u00e9o sur les murs de la cit\u00e9. Une \u00e9dition qui s\u2019annonce donc toujours plus intense.<\/p>\n<p>    &#13;<br \/>\n    &#13;<br \/>\n    &#13;<br \/>\n    <a href=\"https:\/\/cdn-s-www.estrepublicain.fr\/images\/4b773ad8-e196-496f-9622-92bde6b486b1\/NW_raw\/decollage-pour-les-mondes-imaginaires-d-un-rendez-vous-spinalien-incontournable-photo-jerome-humbrecht-1747907267.jpg\" title=\"D\u00e9collage pour les mondes imaginaires d\u2019un rendez-vous spinalien incontournable.\u00a0Photo J\u00e9r\u00f4me Humbrecht\" class=\"chocolat-image GA-tracking\" data-ga_type=\"click\" data-ga_category=\"D\u00e9tail\" data-ga_action=\"zoomer\" data-ga_label=\"aggrandir image\" rel=\"nofollow noopener\" target=\"_blank\">&#13;<br \/>\n        <img src=\"https:\/\/www.europesays.com\/fr\/wp-content\/uploads\/2025\/05\/decollage-pour-les-mondes-imaginaires-d-un-rendez-vous-spinalien-incontournable-photo-jerome-humbrec.jpeg\"   alt=\"D\u00e9collage pour les mondes imaginaires d\u2019un rendez-vous spinalien incontournable.\u00a0Photo J\u00e9r\u00f4me Humbrecht\" fetchpriority=\"high\" decoding=\"async\" data-mobile=\"NW_listA_M|1747907267\" data-base=\"NW_listA|1747907267\"\/>&#13;<br \/>\n    <\/a>&#13;<\/p>\n<p>D\u00e9collage pour les mondes imaginaires d\u2019un rendez-vous spinalien incontournable.\u00a0Photo J\u00e9r\u00f4me Humbrecht<\/p>\n<p class=\"insetTitle\">Les informations pratiques<\/p>\n<ul>\n<li><strong>Renseignements et programme complet sur imaginales.fr<\/strong><\/li>\n<li><strong>Tarif \u00a0: <\/strong>Entr\u00e9e libre<\/li>\n<\/ul>\n<p>  Saxon-Sion \u00a0: la cit\u00e9 des paysages d\u00e9voile ses nouveaux espaces<\/p>\n<p>La Cit\u00e9 des paysages ouvre grand ses portes et d\u00e9voile ses nouveaux espaces lors d\u2019un week-end festif, cr\u00e9atif et instructif. Profitez de ce concentr\u00e9 de propositions culturelles et scientifiques, de moments de partage et d\u2019\u00e9merveillements qui refl\u00e8tent l\u2019ADN de la Cit\u00e9. \u00c0 d\u00e9couvrir lors de l\u2019inauguration\u200a: le nouveau parcours mus\u00e9al permanent consacr\u00e9 au paysage, un nouvel espace d\u2019exposition temporaire et une premi\u00e8re exposition Nos empreintes, l\u2019Histoire de Sion r\u00e9v\u00e9l\u00e9e par l\u2019arch\u00e9ologie&#8230; Mais aussi la nouvelle salle de diffusion d\u00e9di\u00e9e aux rencontres, conf\u00e9rences et \u00e0 la programmation culturelle, les nouvelles salles d\u2019atelier et de m\u00e9diation culturelle et scientifique et l\u2019espace de documentation.\u00a0<\/p>\n<p>    &#13;<br \/>\n    &#13;<br \/>\n    &#13;<br \/>\n    <a href=\"https:\/\/cdn-s-www.estrepublicain.fr\/images\/78fa8d43-c375-4685-83a0-6ca510b3e27c\/NW_raw\/photo-cedric-jacquot-1747907484.jpg\" title=\"Photo\u00a0C\u00e9dric Jacquot\" class=\"chocolat-image GA-tracking\" data-ga_type=\"click\" data-ga_category=\"D\u00e9tail\" data-ga_action=\"zoomer\" data-ga_label=\"aggrandir image\" rel=\"nofollow noopener\" target=\"_blank\">&#13;<br \/>\n        <img src=\"https:\/\/www.europesays.com\/fr\/wp-content\/uploads\/2025\/05\/photo-cedric-jacquot-1747907484.jpg\"   alt=\"Photo\u00a0C\u00e9dric Jacquot\" fetchpriority=\"high\" decoding=\"async\" data-mobile=\"NW_listA_M|1747907484\" data-base=\"NW_listA|1747907484\"\/>&#13;<br \/>\n    <\/a>&#13;<\/p>\n<p>Photo\u00a0C\u00e9dric Jacquot<\/p>\n<p class=\"insetTitle\">Les informations pratiques<\/p>\n<ul>\n<li><strong>Date.<\/strong> Samedi 24 et dimanche 25 mai., \u00e0 Saxon-Sion.<\/li>\n<li><strong>D\u00e9tail et horaires des diff\u00e9rentes animations en ligne sur le site de la Cit\u00e9 des paysages.<\/strong><\/li>\n<\/ul>\n<p>  Tomblaine \u00a0: d\u00e9but des Rencontres Th\u00e9\u00e2trales \u00a0\u00bbAux Actes Citoyens\u00a0\u00bb<\/p>\n<p>Ouverture ce week-end des 34es Rencontres Th\u00e9\u00e2trales de Tomblaine\u200a! Et, le savez-vous\u200a? La Marraine du festival Aux Actes Citoyens sera\u2026 Delphine Depardieu\u200a! Com\u00e9dienne \u00e0 la carri\u00e8re exceptionnelle, qui triomphe actuellement \u00e0 Paris, \u00e0 la Com\u00e9die des Champs Elys\u00e9e, dans Les Liaisons Dangereuses et vient de se voir d\u00e9cerner le Moli\u00e8re 2025 de la com\u00e9dienne dans un spectacle priv\u00e9\u200a !<\/p>\n<p>    &#13;<br \/>\n    &#13;<br \/>\n    &#13;<br \/>\n    <a href=\"https:\/\/cdn-s-www.estrepublicain.fr\/images\/0ff2847f-c2d0-4c31-abbd-d3343efe2ddf\/NW_raw\/illustration-dr-1747907631.jpg\" title=\"Illustration DR\" class=\"chocolat-image GA-tracking\" data-ga_type=\"click\" data-ga_category=\"D\u00e9tail\" data-ga_action=\"zoomer\" data-ga_label=\"aggrandir image\" rel=\"nofollow noopener\" target=\"_blank\">&#13;<br \/>\n        <img src=\"https:\/\/www.europesays.com\/fr\/wp-content\/uploads\/2025\/05\/illustration-dr-1747907631.jpg\"   alt=\"Illustration DR\" fetchpriority=\"high\" decoding=\"async\" data-mobile=\"NW_listA_M|1747907631\" data-base=\"NW_listA|1747907631\"\/>&#13;<br \/>\n    <\/a>&#13;<\/p>\n<p>Illustration DR<\/p>\n<p class=\"insetTitle\">Les informations pratiques<\/p>\n<ul>\n<li><strong>Dates.<\/strong>\u00a0Samedi 24 mai, \u00e0 15\u200ah. Diff\u00e9rents spectacles jusqu\u2019au 31 mai.\u00a0<\/li>\n<li><strong>Lieu.<\/strong> \u00a0Espace Jean-Jaur\u00e9s, \u00e0 Tomblaine (54).\u00a0<\/li>\n<li><strong>Tarifs \u00a0: <\/strong>De 17 \u00e0 21 euros \u00a0; dates et horaires en ligne. R\u00e9servations\u200a: Espace Jean Jaur\u00e8s\u200a<br \/>au 03 \u200a83 \u200a33 \u200a27 \u200a50.<\/li>\n<\/ul>\n<p>  Meuse \u00a0: 80 m\u00e9tiers reconstitu\u00e9s \u00e0 Azannes-et-Soumazannes<\/p>\n<p>Dimanche, de 10\u200ah \u00e0 18\u200ah, le Domaine des Roises \u00e0 Azannes accueille Les Vieux M\u00e9tiers, dans la Meuse. Plus de 400 b\u00e9n\u00e9voles en costume d\u2019\u00e9poque reconstituent la vie au XIXe si\u00e8cle \u00e0 travers 80\u2002m\u00e9tiers anciens comme dentelli\u00e8re, forgeron, modiste ou boulanger. Le village sera \u00e9galement ouvert le jeudi 29\u2002mai et le 1er\u00a0 juin.<\/p>\n<p>    &#13;<br \/>\n    &#13;<br \/>\n    &#13;<br \/>\n    <a href=\"https:\/\/cdn-s-www.estrepublicain.fr\/images\/9bca276b-53f5-4f41-9870-a379424da67a\/NW_raw\/450-habitants-sont-figes-dans-le-temps-au-xixe-et-xxe-siecle-photo-camille-rannou-1747908147.jpg\" title=\"450 habitants sont fig\u00e9s dans le temps au XIXe\u00a0 et XXe\u00a0 si\u00e8cle. Photo Camille Rannou\u00a0\" class=\"chocolat-image GA-tracking\" data-ga_type=\"click\" data-ga_category=\"D\u00e9tail\" data-ga_action=\"zoomer\" data-ga_label=\"aggrandir image\" rel=\"nofollow noopener\" target=\"_blank\">&#13;<br \/>\n        <img src=\"https:\/\/www.europesays.com\/fr\/wp-content\/uploads\/2025\/05\/450-habitants-sont-figes-dans-le-temps-au-xixe-et-xxe-siecle-photo-camille-rannou-1747908147.jpg\"   alt=\"450 habitants sont fig\u00e9s dans le temps au XIXe\u00a0 et XXe\u00a0 si\u00e8cle. Photo Camille Rannou\u00a0\" fetchpriority=\"high\" decoding=\"async\" data-mobile=\"NW_listA_M|1747908147\" data-base=\"NW_listA|1747908147\"\/>&#13;<br \/>\n    <\/a>&#13;<\/p>\n<p>450 habitants sont fig\u00e9s dans le temps au XIXe\u00a0 et XXe\u00a0 si\u00e8cle. Photo Camille Rannou\u00a0<\/p>\n<p class=\"insetTitle\">Les informations pratiques<\/p>\n<ul>\n<li><strong>Date.<\/strong>\u00a0Dimanche 25 mai, de 10\u200ah \u00e0 18\u200ah.<\/li>\n<li><strong>Lieu.<\/strong>\u00a0A Azannes-et-Soumazannes (55).<\/li>\n<li><strong>Tarif.<\/strong>\u00a018 \u20ac, 15\u20ac pour les \u00e9tudiants et les PMR ; gratuit pour les moins de 16 ans.\u00a0<\/li>\n<\/ul>\n<p>  Vosges \u00a0: l\u2019Orchestre La Belle Image fait dialoguer Vivaldi et Piazzolla<\/p>\n<p>L\u2019orchestre symphonique La Belle Image propose samedi 24 mai \u00e0 20 h, en l\u2019\u00e9glise de Pouxeux un concert exceptionnel.Au programme de cette soir\u00e9e, deux \u0153uvres embl\u00e9matiques se r\u00e9pondront avec une \u00e9loquence saisissante. Les spectateurs auront le plaisir de red\u00e9couvrir Les Quatre Saisons d\u2019Antonio Vivaldi. En \u00e9cho \u00e0 la nature exub\u00e9rante de Vivaldi, l\u2019orchestre explorera Les Quatre Saisons de Buenos Aires d\u2019Astor Piazzolla<\/p>\n<p>    &#13;<br \/>\n    &#13;<br \/>\n    &#13;<br \/>\n    <a href=\"https:\/\/cdn-s-www.estrepublicain.fr\/images\/c7cae65b-d224-460c-9da7-07a9cdafcc51\/NW_raw\/l-orchestre-se-produit-dans-les-villes-de-la-communaute-d-agglomeration-d-epinal-photo-d-archives-1747908881.jpg\" title=\"L\u2019orchestre se produit dans les villes de la communaut\u00e9 d\u2019agglom\u00e9ration d\u2019\u00c9pinal.\u00a0Photo d\u2019archives\" class=\"chocolat-image GA-tracking\" data-ga_type=\"click\" data-ga_category=\"D\u00e9tail\" data-ga_action=\"zoomer\" data-ga_label=\"aggrandir image\" rel=\"nofollow noopener\" target=\"_blank\">&#13;<br \/>\n        <img src=\"https:\/\/www.europesays.com\/fr\/wp-content\/uploads\/2025\/05\/l-orchestre-se-produit-dans-les-villes-de-la-communaute-d-agglomeration-d-epinal-photo-d-archives-17.jpeg\"   alt=\"L\u2019orchestre se produit dans les villes de la communaut\u00e9 d\u2019agglom\u00e9ration d\u2019\u00c9pinal.\u00a0Photo d\u2019archives\" fetchpriority=\"high\" decoding=\"async\" data-mobile=\"NW_listA_M|1747908881\" data-base=\"NW_listA|1747908881\"\/>&#13;<br \/>\n    <\/a>&#13;<\/p>\n<p>L\u2019orchestre se produit dans les villes de la communaut\u00e9 d\u2019agglom\u00e9ration d\u2019\u00c9pinal.\u00a0Photo d\u2019archives<\/p>\n<p class=\"insetTitle\">Les informations pratiques<\/p>\n<ul>\n<li>\n<ul>\n<li><strong>Date.<\/strong>\u00a0Samedi 24 mai, \u00e0 20 h.<\/li>\n<li><strong>Lieu.<\/strong>\u00a0Eglise de Pouxeux (88).<\/li>\n<li><strong>Tarif.<\/strong>\u00a0\u00a05 \u20ac ; entr\u00e9e gratuite pour les moins de 12 ans.<\/li>\n<li><strong>R\u00e9servations<\/strong> sur : www.tourisme-epinal.com ou directement sur place, \u00e0 partir d\u2019une heure avant le d\u00e9but du concert.<\/li>\n<\/ul>\n<\/li>\n<\/ul>\n<p>  Mouzay \u00a0: un rallye nature dans la vall\u00e9e\u00a0de la Meuse<\/p>\n<p>Dans le cadre de la F\u00eate de la nature, un rallye nature port\u00e9 par la codecom du Pays de Stenay et du Val dunois permettra de d\u00e9couvrir les richesses des prairies humides naturelles de fauche de cette partie de la vall\u00e9e de la Meuse.<br \/>Dimanche 25\u00a0mai, de 10\u200ah \u00e0 17\u200ah, gratuit sur inscription jusqu\u2019au 24\u00a0mai inclus. Rendez-vous au Pont des Poteaux.<\/p>\n<p>    &#13;<br \/>\n    &#13;<br \/>\n    &#13;<br \/>\n    <a href=\"https:\/\/cdn-s-www.estrepublicain.fr\/images\/749f1177-8fc6-4e80-9b6c-cd5fa1f9c2e9\/NW_raw\/photo-frederic-mercenier-1747909282.jpg\" title=\"Photo Fr\u00e9d\u00e9ric Mercenier\" class=\"chocolat-image GA-tracking\" data-ga_type=\"click\" data-ga_category=\"D\u00e9tail\" data-ga_action=\"zoomer\" data-ga_label=\"aggrandir image\" rel=\"nofollow noopener\" target=\"_blank\">&#13;<br \/>\n        <img src=\"https:\/\/www.europesays.com\/fr\/wp-content\/uploads\/2025\/05\/photo-frederic-mercenier-1747909282.jpg\"   alt=\"Photo Fr\u00e9d\u00e9ric Mercenier\" fetchpriority=\"high\" decoding=\"async\" data-mobile=\"NW_listA_M|1747909282\" data-base=\"NW_listA|1747909282\"\/>&#13;<br \/>\n    <\/a>&#13;<\/p>\n<p>Photo Fr\u00e9d\u00e9ric Mercenier<\/p>\n<p class=\"insetTitle\">Les informations pratiques<\/p>\n<ul>\n<li><strong>Date.<\/strong> Dimanche 25\u00a0mai, de 10\u200ah \u00e0 17\u200ah.<\/li>\n<li><strong>Lieu.<\/strong> \u00a0Pont des Poteaux, \u00e0 Mouzay (55).<\/li>\n<li><strong>Tarifs.<\/strong>\u00a0Gratuit sur inscription jusqu\u2019au 24\u00a0mai inclus.Contact\u200a: Dominique Landragin, t\u00e9l.\u200a06\u200a 83 \u200a29 \u200a25\u200a47.<\/li>\n<\/ul>\n<p>  Meuse \u00a0: balade \u00e0 la d\u00e9couverte des papillons et orchid\u00e9es<\/p>\n<p>Pascal Klein, conservateur b\u00e9n\u00e9vole, propose, dimanche 25 mai, au terrain de football de Nix\u00e9ville-Blercourt , une balade \u00e0 la d\u00e9couverte d\u2019une pelouse marneuse \u00e0 l\u2019aspect labyrinthique et d\u2019une quinzaine de sortes d\u2019orchid\u00e9es. Chaussures de marche et jumelles conseill\u00e9es. L\u2019horaire de la marche sera transmis lors de l\u2019inscription. Gratuit, sur r\u00e9servation obligatoire, jusqu\u2019\u00e0 ce vendredi\u00a0 23 mai.<\/p>\n<p>    &#13;<br \/>\n    &#13;<br \/>\n    &#13;<br \/>\n    <a href=\"https:\/\/cdn-s-www.estrepublicain.fr\/images\/792bbef8-c4b8-464f-a214-f7ac047b2b4d\/NW_raw\/photo-rl-1747384214.jpg\" title=\"Photo RL\" class=\"chocolat-image GA-tracking\" data-ga_type=\"click\" data-ga_category=\"D\u00e9tail\" data-ga_action=\"zoomer\" data-ga_label=\"aggrandir image\" rel=\"nofollow noopener\" target=\"_blank\">&#13;<br \/>\n        <img src=\"https:\/\/www.europesays.com\/fr\/wp-content\/uploads\/2025\/05\/photo-rl-1747384214.jpg\"   alt=\"Photo RL\" fetchpriority=\"high\" decoding=\"async\" data-mobile=\"NW_listA_M|1747384214\" data-base=\"NW_listA|1747384214\"\/>&#13;<br \/>\n    <\/a>&#13;<\/p>\n<p>Photo RL<\/p>\n<ul>\n<li><strong>Date.<\/strong>\u00a0Dimanche 25\u00a0mai, de 14h30 \u00e0 17h30.<\/li>\n<li><strong>Lieu.<\/strong>\u00a0\u00a0Au terrain de football de Nix\u00e9ville-Blercourt (55).<\/li>\n<li><strong>Tarifs.<\/strong> Gratuit, sur r\u00e9servation obligatoire, jusqu\u2019\u00e0 ce vendredi\u00a0 23 mai.\u00a0Contact\u200a: Pascal Klein, t\u00e9l.\u200a06\u200a43\u200a45\u200a28\u200a53.<\/li>\n<\/ul>\n<p>  Moselle \u00a0: la F\u00eate de nos fermes au domaine de Volkrange<\/p>\n<p>Organis\u00e9e par le Lions Club Thionville Portes de France en partenariat avec la Ville de Thionville, la 5e F\u00eate de nos fermes s\u2019installe au ch\u00e2teau de Volkrange ces samedi\u00a024 et dimanche 25\u00a0mai. Le lancement de la f\u00eate est fix\u00e9 samedi \u00e0 partir de 18\u00a0h. La soir\u00e9e, intitul\u00e9e D\u00e9ciles et d\u00e9cibels, verra la pr\u00e9sence de trois groupes de musique venus de Moselle Nord.<br \/>Le lendemain, ouverture du site \u00e0 9\u00a0h, jusqu\u2019\u00e0 18\u00a0h. Plus d\u2019une trentaine d\u2019artisans et de producteurs locaux s\u2019installeront dans le parc.\u00a0Petits et grands pourront profiter d\u2019un panel d\u2019animations comme les traditionnels chamboule-tout, p\u00eache aux canards et structures gonflables.\u00a0Comme d\u2019habitude, les b\u00e9n\u00e9fices de la journ\u00e9e seront r\u00e9partis entre diverses associations. L\u2019entr\u00e9e est gratuite.<\/p>\n<p>    &#13;<br \/>\n    &#13;<br \/>\n    &#13;<br \/>\n    <a href=\"https:\/\/cdn-s-www.estrepublicain.fr\/images\/fc3924fb-6c5b-4d98-821c-66bb13acdce7\/NW_raw\/la-5e-fete-de-nos-fermes-a-lieu-ce-week-end-au-chateau-de-volkrange-a-thionville-photo-philippe-neu-1747909886.jpg\" title=\"La 5e\u00a0F\u00eate de nos Fermes a lieu ce week-end au ch\u00e2teau de Volkrange, \u00e0 Thionville. Photo\u00a0Philippe Neu\" class=\"chocolat-image GA-tracking\" data-ga_type=\"click\" data-ga_category=\"D\u00e9tail\" data-ga_action=\"zoomer\" data-ga_label=\"aggrandir image\" rel=\"nofollow noopener\" target=\"_blank\">&#13;<br \/>\n        <img src=\"https:\/\/www.europesays.com\/fr\/wp-content\/uploads\/2025\/05\/la-5e-fete-de-nos-fermes-a-lieu-ce-week-end-au-chateau-de-volkrange-a-thionville-photo-philippe-neu-.jpeg\"   alt=\"La 5e\u00a0F\u00eate de nos Fermes a lieu ce week-end au ch\u00e2teau de Volkrange, \u00e0 Thionville. Photo\u00a0Philippe Neu\" fetchpriority=\"high\" decoding=\"async\" data-mobile=\"NW_listA_M|1747909886\" data-base=\"NW_listA|1747909886\"\/>&#13;<br \/>\n    <\/a>&#13;<\/p>\n<p>La 5e\u00a0F\u00eate de nos Fermes a lieu ce week-end au ch\u00e2teau de Volkrange, \u00e0 Thionville. Photo\u00a0Philippe Neu<\/p>\n<p class=\"insetTitle\">Les informations pratiques<\/p>\n<ul>\n<li>\n<ul>\n<li><strong>Date.<\/strong>\u00a0Samedi 24, \u00e0 partir de 18 h et dimanche 25 mai de 9 h \u00e0 18 h.<\/li>\n<li><strong>Lieu.<\/strong>\u00a0Ch\u00e2teau de Volkrange, \u00e0 Thionville (Moselle)<\/li>\n<li><strong>Tarifs.<\/strong>\u00a0Entr\u00e9e libre<\/li>\n<\/ul>\n<\/li>\n<\/ul>\n","protected":false},"excerpt":{"rendered":"Nancy : journ\u00e9e festive\u00a0au port de plaisance Saint-Georges Le Port de Plaisance accueille chaque ann\u00e9e pr\u00e8s de 1\u200a000\u2002bateaux&hellip;\n","protected":false},"author":2,"featured_media":121672,"comment_status":"","ping_status":"","sticky":false,"template":"","format":"standard","meta":{"footnotes":""},"categories":[9635],"tags":[1111,11,3600,1687,3602,1704,1777,674,11210,11208,107,1011,27,775,3457,11209,1702,1703,12,3456,25,273,3140],"class_list":{"0":"post-121671","1":"post","2":"type-post","3":"status-publish","4":"format-standard","5":"has-post-thumbnail","7":"category-nancy","8":"tag-actu","9":"tag-actualites","10":"tag-bar-le-duc","11":"tag-culture-loisirs","12":"tag-edition-bar-le-duc","13":"tag-edition-nancy-et-agglomeration","14":"tag-eu","15":"tag-europe","16":"tag-fains-veel","17":"tag-faulx","18":"tag-fil-info","19":"tag-fr","20":"tag-france","21":"tag-grand-est","22":"tag-meurthe-et-moselle","23":"tag-meuse","24":"tag-nancy","25":"tag-nancy-ville-54b","26":"tag-news","27":"tag-region-lorraine","28":"tag-republique-francaise","29":"tag-selection-de-la-redaction","30":"tag-spectacle"},"share_on_mastodon":{"url":"https:\/\/pubeurope.com\/@fr\/114556553530352789","error":""},"_links":{"self":[{"href":"https:\/\/www.europesays.com\/fr\/wp-json\/wp\/v2\/posts\/121671","targetHints":{"allow":["GET"]}}],"collection":[{"href":"https:\/\/www.europesays.com\/fr\/wp-json\/wp\/v2\/posts"}],"about":[{"href":"https:\/\/www.europesays.com\/fr\/wp-json\/wp\/v2\/types\/post"}],"author":[{"embeddable":true,"href":"https:\/\/www.europesays.com\/fr\/wp-json\/wp\/v2\/users\/2"}],"replies":[{"embeddable":true,"href":"https:\/\/www.europesays.com\/fr\/wp-json\/wp\/v2\/comments?post=121671"}],"version-history":[{"count":0,"href":"https:\/\/www.europesays.com\/fr\/wp-json\/wp\/v2\/posts\/121671\/revisions"}],"wp:featuredmedia":[{"embeddable":true,"href":"https:\/\/www.europesays.com\/fr\/wp-json\/wp\/v2\/media\/121672"}],"wp:attachment":[{"href":"https:\/\/www.europesays.com\/fr\/wp-json\/wp\/v2\/media?parent=121671"}],"wp:term":[{"taxonomy":"category","embeddable":true,"href":"https:\/\/www.europesays.com\/fr\/wp-json\/wp\/v2\/categories?post=121671"},{"taxonomy":"post_tag","embeddable":true,"href":"https:\/\/www.europesays.com\/fr\/wp-json\/wp\/v2\/tags?post=121671"}],"curies":[{"name":"wp","href":"https:\/\/api.w.org\/{rel}","templated":true}]}}