{"id":121684,"date":"2025-05-23T10:03:07","date_gmt":"2025-05-23T10:03:07","guid":{"rendered":"https:\/\/www.europesays.com\/fr\/121684\/"},"modified":"2025-05-23T10:03:07","modified_gmt":"2025-05-23T10:03:07","slug":"un-chasseur-condamne-pour-avoir-tue-un-rapace-protege","status":"publish","type":"post","link":"https:\/\/www.europesays.com\/fr\/121684\/","title":{"rendered":"un chasseur condamn\u00e9 pour avoir tu\u00e9 un rapace prot\u00e9g\u00e9"},"content":{"rendered":"<p>            Par<br \/>\n        <strong><br \/>\n            <a href=\"https:\/\/actu.fr\/auteur\/redaction-grenoble\" title=\"Consulter tous les articles de R\u00e9daction Grenoble\" rel=\"nofollow noopener\" target=\"_blank\">R\u00e9daction Grenoble<\/a><br \/>\n        <\/strong><\/p>\n<p>        Publi\u00e9 le<\/p>\n<p>            23 mai 2025 \u00e0 11h34        <\/p>\n<p>Une belle victoire pour les d\u00e9fenseurs de la cause animale. Mercredi 21 mai, la cour d\u2019appel de <a href=\"https:\/\/actu.fr\/grenoble\/\" rel=\"nofollow noopener\" target=\"_blank\">Grenoble<\/a> a confirm\u00e9 la condamnation d\u2019un chasseur trentenaire is\u00e9rois ayant abattu en f\u00e9vrier 2024 Morzine, une jeune femelle <strong>pygargue \u00e0 queue blanche<\/strong> \u2014 une esp\u00e8ce prot\u00e9g\u00e9e \u2014 dans le massif de l\u2019Oisans en Is\u00e8re.<\/p>\n<p class=\" wall-content\">Avec son fr\u00e8re, il avait fait appel de sa condamnation en premi\u00e8re instance \u00e0 quatre mois de prison avec sursis et suspension de son permis de chasse. La <strong>cour d\u2019appel a confirm\u00e9<\/strong> cette peine et est m\u00eame <strong>all\u00e9e plus loin<\/strong>, en augmentant le montant des dommages et int\u00e9r\u00eats.<\/p>\n<p>\u00ab\u00a0Les juges ont \u00e9cout\u00e9 les scientifiques\u00a0\u00bb<\/p>\n<p class=\" wall-content\">\u00ab\u00a0Le montant total des r\u00e9parations s\u2019\u00e9l\u00e8ve d\u00e9sormais \u00e0 116 200 euros, dont le <strong>pr\u00e9judice \u00e9cologique<\/strong> reconnu \u00e0 hauteur de 81 000 euros\u00a0\u00bb, pr\u00e9cise dans un <a href=\"https:\/\/www.lpo.fr\/qui-sommes-nous\/espace-presse\/communiques\/cp-2025\/pygargue-abattue-la-cour-d-appel-revoit-a-la-hausse-le-prejudice-ecologique\" rel=\"nofollow noopener\" target=\"_blank\">communiqu\u00e9 de presse<\/a> la LPO (Ligue de protection pour les oiseaux),<\/p>\n<blockquote class=\"ac-article-quote wall-content\">\n<p>C&rsquo;est une grande victoire car les juges ont \u00e9cout\u00e9 les scientifiques pour la prise en compte du pr\u00e9judice \u00e9cologique. Seules de lourdes sanctions peuvent dissuader de tels actes de cruaut\u00e9 gratuite, qui mettent en p\u00e9ril des ann\u00e9es d\u2019efforts de conservation.<\/p>\n<p>    <strong>Allain Bougrain Dubourg<\/strong><br \/>\n        Pr\u00e9sident de la LPO\u00a0    <\/p><\/blockquote>\n<p class=\" wall-content\">Bernard Boulloud, avocat du chasseur condamn\u00e9, a indiqu\u00e9 \u00e0 l\u2019AFP que son client, actuellement en d\u00e9placement en montagne, n\u2019a pas encore pris connaissance de la d\u00e9cision en appel. Il estime qu\u2019un pourvoi en cassation peut \u00ab\u00a0\u00eatre envisag\u00e9\u00a0\u00bb.\u00a0<\/p>\n<p>Vid\u00e9os : en ce moment sur ActuUne trentaine de sp\u00e9cimens en France<\/p>\n<p class=\" wall-content\">Morzine, la femelle pygargue \u00e0 queue blanche abattue, est n\u00e9e en captivit\u00e9 au parc \u00ab\u00a0Les Aigles du L\u00e9man\u00a0\u00bb en <a href=\"https:\/\/actu.fr\/auvergne-rhone-alpes\/haute-savoie_74\" rel=\"nofollow noopener\" target=\"_blank\">Haute-Savoie<\/a>. Elle a \u00e9t\u00e9 \u00e9lev\u00e9e et rel\u00e2ch\u00e9e dans le cadre d\u2019un programme national scientifique de r\u00e9introduction de l\u2019esp\u00e8ce.\u00a0<\/p>\n<p class=\" wall-content\">\u00ab\u00a0Le pygargue \u00e0 queue blanche (Haliaeetus albicilla) est le <strong>rapace nicheur le plus rare<\/strong> de France avec \u00e0 peine une trentaine d\u2019individus pour sept couples reproducteurs, rappelle la LPO. Quatre des 14 oiseaux rel\u00e2ch\u00e9s depuis 2022 ont d\u00e9j\u00e0 \u00e9t\u00e9 tu\u00e9s \u00e0 la suite de destructions volontaires par tir ou empoisonnement.\u00a0\u00bb<\/p>\n<p class=\" wall-content\">D\u2019ici 2030, 85 individus doivent \u00eatre rel\u00e2ch\u00e9s dans les Alpes dans le cadre de ce programme de r\u00e9introduction.<\/p>\n<p class=\" wall-content\"><strong>Avec AFP<\/strong><\/p>\n<p class=\" wall-content\">Suivez toute l\u2019actualit\u00e9 de vos villes et m\u00e9dias favoris en vous inscrivant \u00e0 <a href=\"https:\/\/moncompte.actu.fr\" title=\"D\u00e9couvez Mon Actu\" rel=\"nofollow noopener\" data-trk=\"{&quot;cta&quot;:{&quot;action&quot;:&quot;https:\\\/\\\/moncompte.actu.fr&quot;,&quot;category&quot;:&quot;mon compte&quot;,&quot;from&quot;:&quot;article footer&quot;,&quot;name&quot;:&quot;Mon actu&quot;,&quot;type&quot;:&quot;cta&quot;}}\" target=\"_blank\">Mon Actu<\/a>.<\/p>\n","protected":false},"excerpt":{"rendered":"Par R\u00e9daction Grenoble Publi\u00e9 le 23 mai 2025 \u00e0 11h34 Une belle victoire pour les d\u00e9fenseurs de la&hellip;\n","protected":false},"author":2,"featured_media":121685,"comment_status":"","ping_status":"","sticky":false,"template":"","format":"standard","meta":{"footnotes":""},"categories":[9566],"tags":[1111,11,1867,2430,436,1777,674,1011,27,2731,303,12,25,104],"class_list":{"0":"post-121684","1":"post","2":"type-post","3":"status-publish","4":"format-standard","5":"has-post-thumbnail","7":"category-grenoble","8":"tag-actu","9":"tag-actualites","10":"tag-animaux","11":"tag-auvergne-rhone-alpes","12":"tag-environnement","13":"tag-eu","14":"tag-europe","15":"tag-fr","16":"tag-france","17":"tag-grenoble","18":"tag-justice","19":"tag-news","20":"tag-republique-francaise","21":"tag-societe"},"share_on_mastodon":{"url":"https:\/\/pubeurope.com\/@fr\/114556581031667906","error":""},"_links":{"self":[{"href":"https:\/\/www.europesays.com\/fr\/wp-json\/wp\/v2\/posts\/121684","targetHints":{"allow":["GET"]}}],"collection":[{"href":"https:\/\/www.europesays.com\/fr\/wp-json\/wp\/v2\/posts"}],"about":[{"href":"https:\/\/www.europesays.com\/fr\/wp-json\/wp\/v2\/types\/post"}],"author":[{"embeddable":true,"href":"https:\/\/www.europesays.com\/fr\/wp-json\/wp\/v2\/users\/2"}],"replies":[{"embeddable":true,"href":"https:\/\/www.europesays.com\/fr\/wp-json\/wp\/v2\/comments?post=121684"}],"version-history":[{"count":0,"href":"https:\/\/www.europesays.com\/fr\/wp-json\/wp\/v2\/posts\/121684\/revisions"}],"wp:featuredmedia":[{"embeddable":true,"href":"https:\/\/www.europesays.com\/fr\/wp-json\/wp\/v2\/media\/121685"}],"wp:attachment":[{"href":"https:\/\/www.europesays.com\/fr\/wp-json\/wp\/v2\/media?parent=121684"}],"wp:term":[{"taxonomy":"category","embeddable":true,"href":"https:\/\/www.europesays.com\/fr\/wp-json\/wp\/v2\/categories?post=121684"},{"taxonomy":"post_tag","embeddable":true,"href":"https:\/\/www.europesays.com\/fr\/wp-json\/wp\/v2\/tags?post=121684"}],"curies":[{"name":"wp","href":"https:\/\/api.w.org\/{rel}","templated":true}]}}