{"id":121688,"date":"2025-05-23T10:05:09","date_gmt":"2025-05-23T10:05:09","guid":{"rendered":"https:\/\/www.europesays.com\/fr\/121688\/"},"modified":"2025-05-23T10:05:09","modified_gmt":"2025-05-23T10:05:09","slug":"cest-dur-a-encaisser-ce-parc-accrobranche-de-rennes-a-t-il-ete-victime-dun-incendie-criminel","status":"publish","type":"post","link":"https:\/\/www.europesays.com\/fr\/121688\/","title":{"rendered":"\u00ab\u00a0C\u2019est dur \u00e0 encaisser\u00a0\u00bb\u00a0: ce parc accrobranche de Rennes a-t-il \u00e9t\u00e9 victime d\u2019un incendie criminel\u00a0?"},"content":{"rendered":"<p>Un incendie s\u2019est d\u00e9clar\u00e9 un peu apr\u00e8s 23 h 30, dans la nuit du jeudi 15 au vendredi 16 mai, au parc accrobranche For\u00eat Adr\u00e9naline, situ\u00e9 dans le parc des Gayeulles, \u00e0 Rennes. Si l\u2019intervention rapide des pompiers a permis de limiter la propagation des flammes \u00e0 la for\u00eat environnante, plusieurs filets trampolines suspendus entre les arbres ont \u00e9t\u00e9 endommag\u00e9s. Aucun bless\u00e9 n\u2019a \u00e9t\u00e9 \u00e0 d\u00e9plorer.<\/p>\n<p>Suite \u00e0 ce sinistre, la direction du parc For\u00eat Adr\u00e9naline a d\u00e9pos\u00e9 plainte contre X. D\u2019apr\u00e8s elle, les premiers \u00e9l\u00e9ments recueillis par les policiers orienteraient l\u2019enqu\u00eate sur la piste criminelle. Contact\u00e9s par Le T\u00e9l\u00e9gramme, ni la police, ni le parquet n\u2019ont donn\u00e9 suite.<\/p>\n<p>Des d\u00e9g\u00e2ts cons\u00e9quents<\/p>\n<p>\u00ab Un \u00e9l\u00e9ment inflammable aurait \u00e9t\u00e9 introduit dans un de nos toboggans en plastique d\u2019un parcours de trampoline \u00bb, confie Ludovic Stephan, directeur des op\u00e9rations du parc. \u00ab Le plastique a fondu, ce qui a entra\u00een\u00e9 un d\u00e9part de feu important. On estime le co\u00fbt des r\u00e9parations entre 40 000 et 50 000 \u20ac \u00bb.<\/p>\n<p>La d\u00e9couverte de l\u2019incendie, vendredi matin, a \u00e9t\u00e9 un choc pour les salari\u00e9s du parc. \u00ab C\u2019est dur \u00e0 encaisser pour les \u00e9quipes qui avaient d\u00e9j\u00e0 beaucoup donn\u00e9 cet hiver pour r\u00e9nover l\u2019espace d\u2019accueil \u00bb, poursuit Ludovic Stephan.<\/p>\n<p>Malgr\u00e9 les d\u00e9g\u00e2ts, l\u2019activit\u00e9 accrobranche qui compose la majorit\u00e9 de l\u2019offre du parc reste ouverte. Seuls les parcours de l\u2019attraction Trampoforest sont ferm\u00e9s le temps des r\u00e9parations. \u00ab On esp\u00e8re pouvoir rouvrir \u00e0 100 % \u00e0 la fin du mois de juin \u00bb, pr\u00e9cise la direction.<\/p>\n","protected":false},"excerpt":{"rendered":"Un incendie s\u2019est d\u00e9clar\u00e9 un peu apr\u00e8s 23 h 30, dans la nuit du jeudi 15 au vendredi&hellip;\n","protected":false},"author":2,"featured_media":121689,"comment_status":"","ping_status":"","sticky":false,"template":"","format":"standard","meta":{"footnotes":""},"categories":[2821],"tags":[1111,11,829,1777,674,3383,1011,27,848,12,584,25],"class_list":{"0":"post-121688","1":"post","2":"type-post","3":"status-publish","4":"format-standard","5":"has-post-thumbnail","7":"category-rennes","8":"tag-actu","9":"tag-actualites","10":"tag-bretagne","11":"tag-eu","12":"tag-europe","13":"tag-faits-divers-a-rennes","14":"tag-fr","15":"tag-france","16":"tag-ille-et-vilaine","17":"tag-news","18":"tag-rennes","19":"tag-republique-francaise"},"share_on_mastodon":{"url":"https:\/\/pubeurope.com\/@fr\/114556589154623058","error":""},"_links":{"self":[{"href":"https:\/\/www.europesays.com\/fr\/wp-json\/wp\/v2\/posts\/121688","targetHints":{"allow":["GET"]}}],"collection":[{"href":"https:\/\/www.europesays.com\/fr\/wp-json\/wp\/v2\/posts"}],"about":[{"href":"https:\/\/www.europesays.com\/fr\/wp-json\/wp\/v2\/types\/post"}],"author":[{"embeddable":true,"href":"https:\/\/www.europesays.com\/fr\/wp-json\/wp\/v2\/users\/2"}],"replies":[{"embeddable":true,"href":"https:\/\/www.europesays.com\/fr\/wp-json\/wp\/v2\/comments?post=121688"}],"version-history":[{"count":0,"href":"https:\/\/www.europesays.com\/fr\/wp-json\/wp\/v2\/posts\/121688\/revisions"}],"wp:featuredmedia":[{"embeddable":true,"href":"https:\/\/www.europesays.com\/fr\/wp-json\/wp\/v2\/media\/121689"}],"wp:attachment":[{"href":"https:\/\/www.europesays.com\/fr\/wp-json\/wp\/v2\/media?parent=121688"}],"wp:term":[{"taxonomy":"category","embeddable":true,"href":"https:\/\/www.europesays.com\/fr\/wp-json\/wp\/v2\/categories?post=121688"},{"taxonomy":"post_tag","embeddable":true,"href":"https:\/\/www.europesays.com\/fr\/wp-json\/wp\/v2\/tags?post=121688"}],"curies":[{"name":"wp","href":"https:\/\/api.w.org\/{rel}","templated":true}]}}