{"id":121692,"date":"2025-05-23T10:07:34","date_gmt":"2025-05-23T10:07:34","guid":{"rendered":"https:\/\/www.europesays.com\/fr\/121692\/"},"modified":"2025-05-23T10:07:34","modified_gmt":"2025-05-23T10:07:34","slug":"en-juin-le-challenge-au-boulot-a-velo-revient-pour-faire-pedaler-les-strasbourgeoises","status":"publish","type":"post","link":"https:\/\/www.europesays.com\/fr\/121692\/","title":{"rendered":"En juin, le challenge \u00ab Au boulot \u00e0 v\u00e9lo \u00bb revient pour faire p\u00e9daler les Strasbourgeois(es)"},"content":{"rendered":"<p>    <img loading=\"lazy\" width=\"1800\" height=\"900\" src=\"https:\/\/www.europesays.com\/fr\/wp-content\/uploads\/2025\/04\/jeanne-callthepolice.jpg\" class=\"attachment-full size-full\" alt=\"\" id=\"imageLove\" decoding=\"async\"  \/><\/p>\n<p id=\"breadcrumbs\"><a href=\"https:\/\/pokaa.fr\/\" rel=\"nofollow noopener\" target=\"_blank\">Accueil<\/a> \/ <a href=\"https:\/\/pokaa.fr\/categories\/ses-sorties\/\" rel=\"nofollow noopener\" target=\"_blank\">Sorties<\/a> \/ En juin, le challenge \u00ab Au boulot \u00e0 v\u00e9lo \u00bb revient pour faire p\u00e9daler les Strasbourgeois(es)<\/p>\n<p>                    Sorties<\/p>\n<p><strong>Du 1er au 30 juin, l\u2019association CADR67 organise la 16e \u00e9dition de son challenge \u00ab Au boulot \u00e0 v\u00e9lo \u00bb. Destin\u00e9 aux collectivit\u00e9s, associations, entreprises et coop\u00e9ratives de l\u2019Eurom\u00e9tropole, ce d\u00e9fi encourage leurs salari\u00e9(e)s \u00e0 se mettre en selle pour se rendre au bureau. Et ce m\u00eame lorsqu\u2019ils et elles sont en t\u00e9l\u00e9travail\u202f!<\/strong><\/p>\n<p>Il fait beau, il fait chaud, ne serait-ce pas l\u2019occasion de sortir le v\u00e9lo\u202f? Cette ann\u00e9e encore, l\u2019association de promotion et de pratique de la bicyclette CADR67 propose aux professionnel(le)s de l\u2019Eurom\u00e9tropole d\u2019accumuler les kilom\u00e8tres sous les roues de leur biclou, dans le cadre de son challenge \u00ab Au boulot \u00e0 v\u00e9lo \u00bb.<\/p>\n<p><strong>Un d\u00e9fi \u00e0 relever en \u00e9quipe, avec ses coll\u00e8gues, pour figurer en haut du classement<\/strong>.<\/p>\n<p>Concr\u00e8tement, comment \u00e7a marche\u202f? <strong>Chaque \u00e9tablissement \u2013 association, collectivit\u00e9, entreprise ou coop\u00e9rative \u2013 d\u00e9signe un(e) r\u00e9f\u00e9rent(e) pour l\u2019inscrire sur le <a href=\"https:\/\/auboulotavelo.eu\/inscription-abav\/\" target=\"_blank\" rel=\"noopener nofollow\">site<\/a> ou l\u2019application du challenge<\/strong>. Une fois l\u2019inscription effectu\u00e9e, il ou elle peut transmettre un lien \u00e0 chaque participant(e)s de l\u2019\u00e9tablissement pour qu\u2019il ou elle s\u2019inscrive \u00e0 son tour. Ensuite\u2026 il n\u2019y a plus qu\u2019a p\u00e9daler!<\/p>\n<p>    <img width=\"800\" height=\"450\" src=\"https:\/\/www.europesays.com\/fr\/wp-content\/uploads\/2025\/05\/coutot-roehrig-1024x576-1-800x450.jpg\" class=\"attachment-image-size-L size-image-size-L\" alt=\"Au boulot \u00e0 v\u00e9lo\" decoding=\"async\" loading=\"lazy\"  \/>         \u00a9 Page web Au boulot \u00e0 v\u00e9lo \/ Capture d&rsquo;\u00e9cran <\/p>\n<p>Plus on est de fous\/folles, plus on a de chance de gagner<\/p>\n<p><strong>Les trajets pris en compte dans le cadre du challenge sont tous ceux qui ont pour origine ou destination le lieu de travail.<\/strong> Sont \u00e9galement comptabilis\u00e9s les d\u00e9placements professionnels \u00e0 v\u00e9lo pendant le temps de travail.<\/p>\n<p>Et pour les t\u00e9l\u00e9travailleur\/euses ? Il sera possible de d\u00e9clarer des kilom\u00e8tres effectu\u00e9s lors d\u2019une sortie v\u00e9lo dans la journ\u00e9e. Mais pour \u00eatre valid\u00e9s, ils devront \u00eatre enregistr\u00e9s via l\u2019application mobile et ne pas exc\u00e9der la distance alle et retour entre le domicile et le travail dans une journ\u00e9e.<\/p>\n<p>    <img width=\"800\" height=\"600\" src=\"https:\/\/www.europesays.com\/fr\/wp-content\/uploads\/2025\/05\/ademe-800x600.jpg\" class=\"attachment-image-size-L size-image-size-L\" alt=\"Au boulot \u00e0 v\u00e9lo\" decoding=\"async\" loading=\"lazy\"  \/>         \u00a9 Page web Au boulot \u00e0 v\u00e9lo \/ Capture d&rsquo;\u00e9cran <\/p>\n<p>\u00c0 la fin du challenge, les r\u00e9sultats seront class\u00e9s en fonction de la taille des \u00e9tablissements concern\u00e9s. Cela va des entreprises ou associations d\u2019un ou deux salari\u00e9(e)s et auto-entrepreneurs\/euses aux structures de plus de 500 salari\u00e9(e)s.<\/p>\n<p>Les finalistes de chaque cat\u00e9gorie recevront un prix. Mais pour arriver en t\u00eate de classement, p\u00e9daler pour dix ne sera pas suffisant. Le challenge prend en effet en compte le nombre de cyclistes par rapport \u00e0 l\u2019effectif total de l\u2019\u00e9tablissement. <strong>Pour gagner, il vaut donc mieux \u00eatre nombreux\/ses \u00e0 p\u00e9daler\u202f!<\/strong><\/p>\n<p>Pas de v\u00e9lo ? Un vel&rsquo;hop ! <\/p>\n<p>Et si les choses semblent mal parties, il y aura des occasions de se rattraper\u202f!\u00a0<strong>\u00ab Au boulot \u00e0 v\u00e9lo \u00bb propose en effet de gagner des kilom\u00e8tres suppl\u00e9mentaires lors d\u2019une chasse aux balises du 10 au 24 juin et \u00e0 l\u2019occasion d\u2019une soir\u00e9e de la derni\u00e8re chance, le 26 juin !<\/strong><\/p>\n<p>C\u00f4t\u00e9 \u00e9v\u00e9nement, CADR67 organisera \u00e9galement un pic-nique au Parc du Heyritz le 6 juin pour tous les participant(e)s.<\/p>\n<p>Vous voici convaincu(e), pr\u00eat(e)s \u00e0 participer, mais vous n\u2019avez pas de v\u00e9lo\u202f? Pas de panique\u202f! <strong>Cette ann\u00e9e encore, Vel\u2019hop soutient le challenge et pr\u00eate des biclous gratuitement \u00e0 celles et ceux qui en ont besoin<\/strong>. Une raison en plus de p\u00e9daler cet \u00e9t\u00e9 !<\/p>\n<p>            Challenge \u00ab Au boulot \u00e0 v\u00e9lo \u00bb<\/p>\n<p>            Quoi ? <\/p>\n<p>\u00c9v\u00e9nement cycliste festif<\/p>\n<p>                Quand ?<\/p>\n<p><strong>Du 1er au 30 juin<\/strong><\/p>\n<p>            o\u00f9 ?<\/p>\n<p>Eurom\u00e9tropole de Strasbourg<\/p>\n<p>                Plus d&rsquo;infos ?<\/p>\n<p><a href=\"https:\/\/auboulotavelo.eu\/inscription-abav\/\" target=\"_blank\" rel=\"noopener nofollow\">Inscription\u00a0<\/a><\/p>\n<p>    <img width=\"800\" height=\"533\" src=\"https:\/\/www.europesays.com\/fr\/wp-content\/uploads\/2025\/05\/caf-800x533.jpg\" class=\"attachment-image-size-L size-image-size-L\" alt=\"Au boulot \u00e0 v\u00e9lo\" decoding=\"async\" loading=\"lazy\"  \/>         \u00a9 Page web \u00ab\u00a0Au boulot \u00e0 v\u00e9lo\u00a0\u00bb <\/p>\n","protected":false},"excerpt":{"rendered":"Accueil \/ Sorties \/ En juin, le challenge \u00ab Au boulot \u00e0 v\u00e9lo \u00bb revient pour faire p\u00e9daler&hellip;\n","protected":false},"author":2,"featured_media":121693,"comment_status":"","ping_status":"","sticky":false,"template":"","format":"standard","meta":{"footnotes":""},"categories":[2820],"tags":[1111,11,24331,24332,1777,674,1011,27,775,12,25,640,24333,208],"class_list":{"0":"post-121692","1":"post","2":"type-post","3":"status-publish","4":"format-standard","5":"has-post-thumbnail","7":"category-strasbourg","8":"tag-actu","9":"tag-actualites","10":"tag-au-boulot-a-velo","11":"tag-cadr67","12":"tag-eu","13":"tag-europe","14":"tag-fr","15":"tag-france","16":"tag-grand-est","17":"tag-news","18":"tag-republique-francaise","19":"tag-strasbourg","20":"tag-velhop","21":"tag-velo"},"share_on_mastodon":{"url":"https:\/\/pubeurope.com\/@fr\/114556596886151302","error":""},"_links":{"self":[{"href":"https:\/\/www.europesays.com\/fr\/wp-json\/wp\/v2\/posts\/121692","targetHints":{"allow":["GET"]}}],"collection":[{"href":"https:\/\/www.europesays.com\/fr\/wp-json\/wp\/v2\/posts"}],"about":[{"href":"https:\/\/www.europesays.com\/fr\/wp-json\/wp\/v2\/types\/post"}],"author":[{"embeddable":true,"href":"https:\/\/www.europesays.com\/fr\/wp-json\/wp\/v2\/users\/2"}],"replies":[{"embeddable":true,"href":"https:\/\/www.europesays.com\/fr\/wp-json\/wp\/v2\/comments?post=121692"}],"version-history":[{"count":0,"href":"https:\/\/www.europesays.com\/fr\/wp-json\/wp\/v2\/posts\/121692\/revisions"}],"wp:featuredmedia":[{"embeddable":true,"href":"https:\/\/www.europesays.com\/fr\/wp-json\/wp\/v2\/media\/121693"}],"wp:attachment":[{"href":"https:\/\/www.europesays.com\/fr\/wp-json\/wp\/v2\/media?parent=121692"}],"wp:term":[{"taxonomy":"category","embeddable":true,"href":"https:\/\/www.europesays.com\/fr\/wp-json\/wp\/v2\/categories?post=121692"},{"taxonomy":"post_tag","embeddable":true,"href":"https:\/\/www.europesays.com\/fr\/wp-json\/wp\/v2\/tags?post=121692"}],"curies":[{"name":"wp","href":"https:\/\/api.w.org\/{rel}","templated":true}]}}