{"id":121700,"date":"2025-05-23T10:11:12","date_gmt":"2025-05-23T10:11:12","guid":{"rendered":"https:\/\/www.europesays.com\/fr\/121700\/"},"modified":"2025-05-23T10:11:12","modified_gmt":"2025-05-23T10:11:12","slug":"un-restaurant-canadien-va-sinstaller-en-centre-ville","status":"publish","type":"post","link":"https:\/\/www.europesays.com\/fr\/121700\/","title":{"rendered":"un restaurant canadien va s&rsquo;installer en centre-ville"},"content":{"rendered":"<p>            Par<br \/>\n        <strong><br \/>\n            <a href=\"https:\/\/actu.fr\/auteur\/thomas-bernard\" title=\"Consulter tous les articles de Thomas Bernard\" target=\"_blank\" rel=\"noopener\">Thomas Bernard<\/a><br \/>\n        <\/strong><\/p>\n<p>        Publi\u00e9 le<\/p>\n<p>            23 mai 2025 \u00e0 11h41        <\/p>\n<p>Un restaurant canadien d\u00e9barque bient\u00f4t dans la cit\u00e9 des ducs de Bretagne. All\u00e9e Flesselles, pr\u00e8s de la crois\u00e9e des trams, la nouvelle adresse prend la place de l\u2019ancien restaurant italien Fuxia. Apr\u00e8s Rennes, Angers, <a href=\"https:\/\/actu.fr\/bretagne\/brest_29019\/un-restaurant-canadien-a-brest-poutinebros-debarque-rue-de-siam_53794144.html\" target=\"_blank\" rel=\"noopener\">Brest<\/a> et Tours, <a href=\"https:\/\/www.poutinebros.com\/\" target=\"_blank\" rel=\"noopener\">la franchise Poutinebros<\/a> ouvre son<strong> premier restaurant \u00e0 Nantes.<\/strong><\/p>\n<p>Poutine<\/p>\n<p class=\" wall-content\">Ce jeudi 22\u00a0mai, le franchis\u00e9 de l\u2019adresse nantaise installait des affiches sur la devanture du commerce.<\/p>\n<p class=\" wall-content\">Le restaurant est d\u00e9di\u00e9 \u00e0 <strong>la cuisine canadienne et particuli\u00e8rement \u00e0 la poutine<\/strong>. Cette sp\u00e9cialit\u00e9 qu\u00e9b\u00e9coise est un plat \u00e0 base de frites, de fromages en grain et de sauce brune.<\/p>\n<p class=\" wall-content\">Fond\u00e9 par deux fr\u00e8res \u00e0 Rennes en 2014, Poutinebros a \u00e9t\u00e9 r\u00e9compens\u00e9 du titre de <strong>\u00ab\u2009meilleure poutine du monde\u2009\u00bb<\/strong> en cat\u00e9gorie internationale en\u00a02016 et\u00a02021. L\u2019enseigne s\u2019est lanc\u00e9e en franchise en 2022.<\/p>\n<p class=\" wall-content\">\u00c0 Nantes, l\u2019ouverture du restaurant est pr\u00e9vue pour cet \u00e9t\u00e9, <strong>aucune date pr\u00e9cise n\u2019a \u00e9t\u00e9 officialis\u00e9e<\/strong>. Selon nos informations, l\u2019entreprise doit r\u00e9gler certains d\u00e9tails avec les architectes des b\u00e2timents de France.<\/p>\n<p>Vid\u00e9os : en ce moment sur Actu<\/p>\n<p class=\" wall-content\">Contact\u00e9e par <a href=\"https:\/\/actu.fr\/nantes\/\" target=\"_blank\" rel=\"noopener\">actu Nantes<\/a>, l\u2019enseigne Poutinebros nous a indiqu\u00e9 viser une ouverture \u00ab\u2009d\u2019ici la fin juin, d\u00e9but juillet\u2009\u00bb.<\/p>\n<p class=\" wall-content\">Suivez toute l\u2019actualit\u00e9 de vos villes et m\u00e9dias favoris en vous inscrivant \u00e0 <a href=\"https:\/\/moncompte.actu.fr\" title=\"D\u00e9couvez Mon Actu\" rel=\"nofollow noopener\" data-trk=\"{&quot;cta&quot;:{&quot;action&quot;:&quot;https:\\\/\\\/moncompte.actu.fr&quot;,&quot;category&quot;:&quot;mon compte&quot;,&quot;from&quot;:&quot;article footer&quot;,&quot;name&quot;:&quot;Mon actu&quot;,&quot;type&quot;:&quot;cta&quot;}}\" target=\"_blank\">Mon Actu<\/a>.<\/p>\n","protected":false},"excerpt":{"rendered":"Par Thomas Bernard Publi\u00e9 le 23 mai 2025 \u00e0 11h41 Un restaurant canadien d\u00e9barque bient\u00f4t dans la cit\u00e9&hellip;\n","protected":false},"author":2,"featured_media":121701,"comment_status":"","ping_status":"","sticky":false,"template":"","format":"standard","meta":{"footnotes":""},"categories":[2818],"tags":[1111,11,215,1777,674,1011,27,766,12,3147,2636,25,1340,104],"class_list":{"0":"post-121700","1":"post","2":"type-post","3":"status-publish","4":"format-standard","5":"has-post-thumbnail","7":"category-nantes","8":"tag-actu","9":"tag-actualites","10":"tag-commerce","11":"tag-eu","12":"tag-europe","13":"tag-fr","14":"tag-france","15":"tag-nantes","16":"tag-news","17":"tag-nouveaux-commerces","18":"tag-pays-de-la-loire","19":"tag-republique-francaise","20":"tag-restaurant","21":"tag-societe"},"share_on_mastodon":{"url":"https:\/\/pubeurope.com\/@fr\/114556612351309528","error":""},"_links":{"self":[{"href":"https:\/\/www.europesays.com\/fr\/wp-json\/wp\/v2\/posts\/121700","targetHints":{"allow":["GET"]}}],"collection":[{"href":"https:\/\/www.europesays.com\/fr\/wp-json\/wp\/v2\/posts"}],"about":[{"href":"https:\/\/www.europesays.com\/fr\/wp-json\/wp\/v2\/types\/post"}],"author":[{"embeddable":true,"href":"https:\/\/www.europesays.com\/fr\/wp-json\/wp\/v2\/users\/2"}],"replies":[{"embeddable":true,"href":"https:\/\/www.europesays.com\/fr\/wp-json\/wp\/v2\/comments?post=121700"}],"version-history":[{"count":0,"href":"https:\/\/www.europesays.com\/fr\/wp-json\/wp\/v2\/posts\/121700\/revisions"}],"wp:featuredmedia":[{"embeddable":true,"href":"https:\/\/www.europesays.com\/fr\/wp-json\/wp\/v2\/media\/121701"}],"wp:attachment":[{"href":"https:\/\/www.europesays.com\/fr\/wp-json\/wp\/v2\/media?parent=121700"}],"wp:term":[{"taxonomy":"category","embeddable":true,"href":"https:\/\/www.europesays.com\/fr\/wp-json\/wp\/v2\/categories?post=121700"},{"taxonomy":"post_tag","embeddable":true,"href":"https:\/\/www.europesays.com\/fr\/wp-json\/wp\/v2\/tags?post=121700"}],"curies":[{"name":"wp","href":"https:\/\/api.w.org\/{rel}","templated":true}]}}