{"id":121702,"date":"2025-05-23T10:12:22","date_gmt":"2025-05-23T10:12:22","guid":{"rendered":"https:\/\/www.europesays.com\/fr\/121702\/"},"modified":"2025-05-23T10:12:22","modified_gmt":"2025-05-23T10:12:22","slug":"comment-proteger-nos-enfants-des-ecrans-et-des-reseaux-sociaux-le-point-avec-un-chercheur-de-nantes","status":"publish","type":"post","link":"https:\/\/www.europesays.com\/fr\/121702\/","title":{"rendered":"Comment prot\u00e9ger nos enfants des \u00e9crans et des r\u00e9seaux sociaux ? Le point avec un chercheur de Nantes"},"content":{"rendered":"<p class=\"block date\" id=\"dateEtAuteur\">Publi\u00e9 : 11h23  par H\u00e9l\u00e8ne  HAMON <\/p>\n<p><img decoding=\"async\" class=\"\" style=\"width:100%\" src=\"https:\/\/www.europesays.com\/fr\/wp-content\/uploads\/2025\/05\/apps_426559_12801747991743458.jpg\" alt=\"Apps\"\/>Alors qu&rsquo;Emmanuel Macron souhaite une interdiction des r\u00e9seaux sociaux pour les moins de 15 ans dans toute l\u2019Europe, les plateformes ne semblent pas pr\u00eates \u00e0 prendre leur part de responsabilit\u00e9. Alors comment se pr\u00e9munir des risques ? Olivier Ertzscheid connait bien le sujet, il est enseignant chercheur en sciences de l\u2019information et de la communication \u00e0 l\u2019Universit\u00e9 de Nantes .  <\/p>\n<p>Harc\u00e8lement, risques sur la sant\u00e9 mentale, dysmorphophobie, addictions, d\u00e9sinformation&#8230; Les raisons de limiter voire interdire les r\u00e9seaux sociaux aux plus jeunes sont nombreuses. Une interdiction pure et simple de ces plateformes aux moins de 15 ans, c&rsquo;est m\u00eame le souhait d&rsquo;Emmanuel Macron qui l&rsquo;a r\u00e9p\u00e9t\u00e9 cette semaine, lors de la remise des prix \u00ab\u00a0Non au harc\u00e8lement\u00a0\u00bb au palais de l&rsquo;Elys\u00e9e.<\/p>\n<p>Au-del\u00e0 des r\u00e9seaux sociaux, les professionnels s\u2019accordent \u00e0 dire que l\u2019exposition aux \u00e9crans \u00e0 un jeune \u00e2ge est particuli\u00e8rement toxique pour la sant\u00e9 mentale. Fin avril d\u00e9j\u00e0, cinq soci\u00e9t\u00e9s savantes, dont la Soci\u00e9t\u00e9 fran\u00e7aise de p\u00e9diatrie, appelaient \u00e0 proscrire les \u00e9crans pour les moins de six ans. Des \u00e9crans jug\u00e9s d\u00e9l\u00e9t\u00e8res car ils alt\u00e8reraient durablement leur sant\u00e9 et leurs capacit\u00e9s intellectuelles.<\/p>\n<blockquote><p>\nPas d&rsquo;\u00e9cran avant de 3 ans, jamais d&rsquo;\u00e9cran tout seul entre 3 et 6 ans\n<\/p><\/blockquote>\n<p>Pourtant quand on est parent, quelques r\u00e8gles s\u2019imposent, selon Olivier Ertzscheid, enseignant chercheur en sciences de l\u2019information et de la communication \u00e0 l\u2019Universit\u00e9 de Nantes. \u00ab\u00a0La r\u00e8gle qui fait \u00e0 peu pr\u00e8s consensus, c&rsquo;est celle formul\u00e9e notamment par le psychiatre Serge Tisseron : pas d&rsquo;\u00e9cran avant de 3 ans, jamais d&rsquo;\u00e9cran tout seul entre 3 et 6 ans, et de 6 \u00e0 9 ans, un accompagnement \u00e9ducatif avec un temps d&rsquo;\u00e9cran limit\u00e9. <\/p>\n<p>La p\u00e9riode cl\u00e9 est vraiment la p\u00e9riode de la toute petite enfance, quand un enfant est devant un \u00e9cran, il n&rsquo;a pas d&rsquo;interaction visuelle directe avec d&rsquo;autres enfants ou d&rsquo;autre adultes, toute la maturit\u00e9 \u00e9motionnelle passe par le rapport \u00e0 l&rsquo;autre, et apr\u00e8s d\u00e8s qu&rsquo;on arrive dans une phase d&rsquo;adolescence, <strong>les \u00e9crans ne sont pas toujours des ennemis toxiques, tels qu&rsquo;on se pla\u00eet souvent \u00e0 le d\u00e9crire de mani\u00e8re un peu caricaturale,<\/strong> il y a beaucoup d&rsquo;essais de socialisation qui chez les adolescents passent aussi par les \u00e9crans, parce qu&rsquo;ils sont en lien avec d&rsquo;autres adolescents, malheureusement il y aussi un nombre de d\u00e9rives tr\u00e8s importantes\u00a0\u00bb.<\/p>\n<p> Olivier Ertzscheid, enseignant chercheur \u00e0 Nantes Olivier Ertzscheid, enseignant chercheur \u00e0 Nantes <\/p>\n<p>Au c\u0153ur du probl\u00e8me, notamment, le r\u00e9seau social TikTok et son absence de r\u00e9glementation. \u00ab\u00a0Toutes les 6 \u00e0 10 secondes on a une interaction, cela veut dire qu&rsquo;on passe \u00e0 la vid\u00e9o suivante, on revisionne la vid\u00e9o en boucle et chaque fois qu&rsquo;on interagit avec un algorithme, on lui donne de l&rsquo;information et il nous conna\u00eet de mieux en mieux.<\/p>\n<blockquote><p>\n\u00ab\u00a0Ces plateformes savent parfaitement rep\u00e9rer ces contenus \u00ab\u00a0probl\u00e9matiques et dangereux\u00a0\u00bb\n<\/p><\/blockquote>\n<p>C&rsquo;est ce qui fait que cet algorithme de TikTok est pr\u00e9sent\u00e9 comme tr\u00e8s addictif. Comme on a un rythme d&rsquo;interaction tr\u00e8s fort avec lui et comme il s&rsquo;agit en plus de publics tr\u00e8s jeunes, le rapport qui va s&rsquo;installer va tr\u00e8s vite \u00eatre un rapport de d\u00e9pendance. <strong>Il est de la responsabilit\u00e9 de la plateforme TikTok d&rsquo;\u00e9radiquer les contenus qui sont clairement identifi\u00e9s comme des contenus toxiques. <\/strong>Ces plateformes savent parfaitement rep\u00e9rer ces contenus probl\u00e9matiques et dangereux et elles refusent, pour des raisons qui sont principalement \u00e9conomiques.<\/p>\n<p>Ces plateformes doivent \u00ab\u00a0les mod\u00e9rer efficacement, c&rsquo;est-\u00e0-dire les retirer, ou \u00e9viter que des publics dont elles connaissent l&rsquo;\u00e2ge ne se retrouvent face \u00e0 ces contenus-l\u00e0\u00a0\u00bb. Une donn\u00e9e interroge, celle fournie par la CNIL : en 2021, l&rsquo;\u00e2ge moyen d&rsquo;inscription sur un r\u00e9seau social dans notre pays s&rsquo;\u00e9levait \u00e0 8,5 ans alors que ces plateformes sont en th\u00e9orie prohib\u00e9es pour les moins de 13 ans.<\/p>\n<p>Peaux lisses, corps saillants, fitres \u00e0 tout-va&#8230; Les codes d&rsquo;Instagram ou de TikTok peuvent entra\u00eener une perte d&rsquo;estime de soi. Les utilisateurs peuvent m\u00eame d\u00e9velopper un trouble, la dysmorphophobie, qui se caract\u00e9rise par une obsession constante relative \u00e0 des d\u00e9fauts physiques, souvent minimes voire m\u00eame inexistants aux yeux des autres.<\/p>\n<blockquote><p>\nLe ph\u00e9nom\u00e8ne \u00ab\u00a0SkinnyTok \u00a0\u00bb\n<\/p><\/blockquote>\n<p><strong>\u00ab\u00a0\u00c0 force d&rsquo;\u00eatre confront\u00e9s \u00e0 des repr\u00e9sentations travaill\u00e9es avec des filtres et qui ne sont pas des vrais visages ou corps, on arrive par effet miroir \u00e0 trouver que son propre visage ou son propre corps ne correspond pas \u00e0 ces standards que l&rsquo;on voit en ligne.<\/strong> On en a beaucoup parl\u00e9 par exemple avec ce qu&rsquo;on appelle le SkinnyTok c&rsquo;est-\u00e0-dire sur TikTok, ces corps d&rsquo;adolescents et de jeunes adultes extr\u00eamement amaigris qui tendent \u00e0 d\u00e9finir une esp\u00e8ce de standard de beaut\u00e9 puisque l&rsquo;algorithme de TikTok choisit de les mettre en permanence en avant alors qu\u2019il sait pertinemment que derri\u00e8re \u00e7a va occasionner ou aggraver en tout cas un certain nombre de ph\u00e9nom\u00e8nes li\u00e9s \u00e0 des troubles alimentaires\u00a0\u00bb.<\/p>\n<p>Olivier Ertzscheid, enseignant chercheur \u00e0 NantesOlivier Ertzscheid, enseignant chercheur \u00e0 Nantes <\/p>\n<p>Preuve que le cyberharc\u00e8lement est un ph\u00e9nom\u00e8ne d&rsquo;ampleur, 20% des 6-18 ans ont \u00e9t\u00e9 confront\u00e9s aux violences en ligne. Un chiffre port\u00e9 \u00e0 60% chez les 18-25 ans. Le harc\u00e8lement en ligne est puni s\u00e9v\u00e8rement par la loi : deux ans de prison et 30 000 euros d&rsquo;amende. Ces peines peuvent \u00eare plus lourdes si la victime est mineure.<\/p>\n<p>\u00a0<\/p>\n<p>\u00a0<\/p>\n","protected":false},"excerpt":{"rendered":"Publi\u00e9 : 11h23 par H\u00e9l\u00e8ne HAMON Alors qu&rsquo;Emmanuel Macron souhaite une interdiction des r\u00e9seaux sociaux pour les moins&hellip;\n","protected":false},"author":2,"featured_media":121703,"comment_status":"","ping_status":"","sticky":false,"template":"","format":"standard","meta":{"footnotes":""},"categories":[2818],"tags":[1111,11,13292,1438,1465,13293,3450,829,4356,2171,4357,3472,434,1777,674,9593,3337,3321,2257,1011,27,9518,848,1114,13289,2693,66,3047,1781,13291,13290,3729,766,12,9144,2636,3319,584,25,4937,3728,3272,60,3087,3165,2546],"class_list":{"0":"post-121702","1":"post","2":"type-post","3":"status-publish","4":"format-standard","5":"has-post-thumbnail","7":"category-nantes","8":"tag-actu","9":"tag-actualites","10":"tag-aeroport-notre-dame-des-landes","11":"tag-angers","12":"tag-basket","13":"tag-bonnets-rouges","14":"tag-brest","15":"tag-bretagne","16":"tag-coronavirus","17":"tag-cotes-darmor","18":"tag-covid-19","19":"tag-dinan","20":"tag-epidemie","21":"tag-eu","22":"tag-europe","23":"tag-fcn","24":"tag-festivals","25":"tag-finistere","26":"tag-foot","27":"tag-fr","28":"tag-france","29":"tag-hand","30":"tag-ille-et-vilaine","31":"tag-infos","32":"tag-la-roche-sur-yon","33":"tag-laval","34":"tag-ligue-1","35":"tag-loire-atlantique","36":"tag-lorient","37":"tag-maine-et-loire","38":"tag-mayenne","39":"tag-morbihan","40":"tag-nantes","41":"tag-news","42":"tag-ouest","43":"tag-pays-de-la-loire","44":"tag-quimper","45":"tag-rennes","46":"tag-republique-francaise","47":"tag-saint-brieuc","48":"tag-saint-malo","49":"tag-saint-nazaire","50":"tag-sports","51":"tag-stade-rennais","52":"tag-vannes","53":"tag-vendee"},"share_on_mastodon":{"url":"","error":"Validation failed: Text character limit of 500 exceeded"},"_links":{"self":[{"href":"https:\/\/www.europesays.com\/fr\/wp-json\/wp\/v2\/posts\/121702","targetHints":{"allow":["GET"]}}],"collection":[{"href":"https:\/\/www.europesays.com\/fr\/wp-json\/wp\/v2\/posts"}],"about":[{"href":"https:\/\/www.europesays.com\/fr\/wp-json\/wp\/v2\/types\/post"}],"author":[{"embeddable":true,"href":"https:\/\/www.europesays.com\/fr\/wp-json\/wp\/v2\/users\/2"}],"replies":[{"embeddable":true,"href":"https:\/\/www.europesays.com\/fr\/wp-json\/wp\/v2\/comments?post=121702"}],"version-history":[{"count":0,"href":"https:\/\/www.europesays.com\/fr\/wp-json\/wp\/v2\/posts\/121702\/revisions"}],"wp:featuredmedia":[{"embeddable":true,"href":"https:\/\/www.europesays.com\/fr\/wp-json\/wp\/v2\/media\/121703"}],"wp:attachment":[{"href":"https:\/\/www.europesays.com\/fr\/wp-json\/wp\/v2\/media?parent=121702"}],"wp:term":[{"taxonomy":"category","embeddable":true,"href":"https:\/\/www.europesays.com\/fr\/wp-json\/wp\/v2\/categories?post=121702"},{"taxonomy":"post_tag","embeddable":true,"href":"https:\/\/www.europesays.com\/fr\/wp-json\/wp\/v2\/tags?post=121702"}],"curies":[{"name":"wp","href":"https:\/\/api.w.org\/{rel}","templated":true}]}}