{"id":121714,"date":"2025-05-23T10:18:09","date_gmt":"2025-05-23T10:18:09","guid":{"rendered":"https:\/\/www.europesays.com\/fr\/121714\/"},"modified":"2025-05-23T10:18:09","modified_gmt":"2025-05-23T10:18:09","slug":"sante-lille-fait-partie-des-villes-ou-lon-bouge-le-moins-en-france","status":"publish","type":"post","link":"https:\/\/www.europesays.com\/fr\/121714\/","title":{"rendered":"Sant\u00e9. Lille fait partie des villes o\u00f9 l\u2019on bouge le moins en France"},"content":{"rendered":"<p>            Par<br \/>\n        <strong><br \/>\n            <a href=\"https:\/\/actu.fr\/auteur\/raphael-mahlmann\" title=\"Consulter tous les articles de Rapha\u00ebl Mahlmann\" target=\"_blank\" rel=\"noopener\">Rapha\u00ebl Mahlmann<\/a><br \/>\n        <\/strong><\/p>\n<p>        Publi\u00e9 le<\/p>\n<p>            23 mai 2025 \u00e0 12h12        <\/p>\n<p>L\u2019entreprise Withings, innovante en mati\u00e8re de suivi de <a href=\"https:\/\/actu.fr\/hauts-de-france\/lille_59350\/sante-lair-de-la-metropole-de-lille-est-gorge-de-pesticides-selon-une-etude_62253381.html\" target=\"_blank\" rel=\"noopener\">sant\u00e9<\/a> en temps r\u00e9el, a r\u00e9cemment lanc\u00e9 sa premi\u00e8re \u00e9dition de l\u2019Observatoire de la sant\u00e9 et de la long\u00e9vit\u00e9. Pour l\u2019occasion, elle a men\u00e9 une \u00e9tude sur <b>l\u2019inactivit\u00e9 des Fran\u00e7ais<\/b>, dont le r\u00e9sultat s\u2019av\u00e8re alarmant concernant les <a href=\"https:\/\/actu.fr\/hauts-de-france\/\" target=\"_blank\" rel=\"noopener\">Hauts-de-France<\/a> La r\u00e9gion est en tr\u00e8s mauvaise position, puisqu\u2019elle compte<b> l\u2019une des populations les plus s\u00e9dentaires du pays<\/b>, ce qui n\u2019est pas sans risque, bien entendu, sur le long terme. M\u00eame constat d\u2019\u00e9chec pour Lille, plut\u00f4t tr\u00e8s mal plac\u00e9e dans les m\u00e9tropoles actives. Le point.<\/p>\n<p>Les Hauts-de-France et Lille, endroits parmi les plus inactifs de France<\/p>\n<p class=\" wall-content\">Conduite en mai 2025, l\u2019\u00e9tude r\u00e9v\u00e8le son \u201cpalmar\u00e8s noir des villes et r\u00e9gions les plus s\u00e9dentaires de France\u201d. Dans le classement g\u00e9n\u00e9ral, la r\u00e9gion figure \u00e0 la <b>deuxi\u00e8me place<\/b> parmi les 3 r\u00e9gions les plus inactives de France. <a href=\"https:\/\/actu.fr\/hauts-de-france\/lille_59350\" target=\"_blank\" rel=\"noopener\">Lille<\/a> (Nord), quant \u00e0 elle, se situe \u00e0 la <b>27e place sur 34<\/b> dans le classement des agglom\u00e9rations actives, faisant donc partie des villes o\u00f9 l\u2019on bouge le moins. Un palmar\u00e8s pas vraiment glorieux\u2026<\/p>\n<p>Un risque de sant\u00e9 publique\u2009: l\u2019inactivit\u00e9, cause des maladies cardiovasculaires<\/p>\n<p class=\" wall-content\">Les chiffres sont particuli\u00e8rement <b>alarmants<\/b> lorsque l\u2019on sait que 9\u2009% des d\u00e9c\u00e8s sont attribu\u00e9s \u00e0 l\u2019inactivit\u00e9 dans le monde. Celle-ci augmente consid\u00e9rablement le risque de <a href=\"https:\/\/actu.fr\/hauts-de-france\/lille_59350\/depistage-le-bus-du-coeur-des-femmes-est-a-lille-pendant-trois-jours_61651940.html\" target=\"_blank\" rel=\"noopener\">maladies cardiovasculaires<\/a> comme l\u2019hypertension, l\u2019insuffisance cardiaque, l\u2019AVC ou encore l\u2019infarctus. Withings explique d\u2019ailleurs que les personnes marchant <b>10\u2009000 pas par jour<\/b> ont 50\u2009% moins de chance de mourir d\u2019une pathologie cardiovasculaire que ceux qui n\u2019en marchent que 2\u2009000.<\/p>\n<p class=\" wall-content\">Ces constatations peuvent \u00eatre mises en lien avec le haut taux de ces maladies dans la r\u00e9gion. Selon l\u2019Institut Pasteur de Lille, les Hauts-de-France pr\u00e9sentent 2 \u00e0 3\u00a0fois plus de nouveaux cas de <b>maladies cardiovasculaires<\/b> que le reste du territoire. De m\u00eame, on observe une surrepr\u00e9sentation de ces pathologies dans les causes de mortalit\u00e9 de la r\u00e9gion.<\/p>\n<p>Comment lutter contre l\u2019inactivit\u00e9\u2009?<\/p>\n<p class=\" wall-content\">Si l\u2019inactivit\u00e9 est \u00e0 ce point <b>n\u00e9faste pour la sant\u00e9<\/b>, comment bouger plus\u2009? La F\u00e9d\u00e9ration fran\u00e7aise de cardiologie, repr\u00e9sent\u00e9e par l\u2019association de cardiologie du Nord-Pas-de-Calais et de Picardie dans les Hauts-de-France, se mobilise. Pr\u00e9vention, action, elle est \u00e0 l\u2019origine d\u2019initiatives telles que les Parcours du c\u0153ur. Depuis plus de 50 ans, les Parcours du C\u0153ur proposent des parcours d\u2019activit\u00e9s physiques accessibles \u00e0 tous un peu partout dans la r\u00e9gion.<\/p>\n<p class=\" wall-content\">L\u2019entreprise Withings partage aussi ces<b> quatre conseils<\/b> qui pourraient vous \u00eatre utiles pour faire plus d\u2019activit\u00e9s physiques\u2009:<\/p>\n<p class=\" wall-content\">\u2013 <b>Compter ses pas<\/b>\u2009: avec un tracker, une montre connect\u00e9e ou simplement avec l\u2019application sant\u00e9 de votre t\u00e9l\u00e9phone, c\u2019est simple, rapide et accessible.<\/p>\n<p class=\" wall-content\">\u2013 <b>Partager ses objectifs<\/b>\u2009: famille, amis, coll\u00e8gues, c\u2019est toujours plus dr\u00f4le \u00e0 plusieurs\u2009!<\/p>\n<p class=\" wall-content\">\u2013 <b>Chacun son rythme<\/b>\u2009: se donner des objectifs progressifs et r\u00e9alistes pourrait vous aider \u00e0 ne pas vous d\u00e9motiver et poursuivre vos efforts sur le long terme.<\/p>\n<p class=\" wall-content\">\u2013 <b>Lancer des rappels sur vos appareils connect\u00e9s et applications de sant\u00e9\u2009<\/b>: \u00e0 l\u2019\u00e8re des smartphones de derni\u00e8res technologies, nous avons quasiment tous des applications de sant\u00e9 ultra-connect\u00e9es, plus aucune excuse pour oublier\u2009!<\/p>\n<p class=\" wall-content\">Suivez toute l\u2019actualit\u00e9 de vos villes et m\u00e9dias favoris en vous inscrivant \u00e0 <a href=\"https:\/\/moncompte.actu.fr\" title=\"D\u00e9couvez Mon Actu\" rel=\"nofollow noopener\" data-trk=\"{&quot;cta&quot;:{&quot;action&quot;:&quot;https:\\\/\\\/moncompte.actu.fr&quot;,&quot;category&quot;:&quot;mon compte&quot;,&quot;from&quot;:&quot;article footer&quot;,&quot;name&quot;:&quot;Mon actu&quot;,&quot;type&quot;:&quot;cta&quot;}}\" target=\"_blank\">Mon Actu<\/a>.<\/p>\n","protected":false},"excerpt":{"rendered":"Par Rapha\u00ebl Mahlmann Publi\u00e9 le 23 mai 2025 \u00e0 12h12 L\u2019entreprise Withings, innovante en mati\u00e8re de suivi de&hellip;\n","protected":false},"author":2,"featured_media":121715,"comment_status":"","ping_status":"","sticky":false,"template":"","format":"standard","meta":{"footnotes":""},"categories":[2815],"tags":[1111,11,1777,674,1011,27,811,1307,226,12,25,71,104,517],"class_list":{"0":"post-121714","1":"post","2":"type-post","3":"status-publish","4":"format-standard","5":"has-post-thumbnail","7":"category-lille","8":"tag-actu","9":"tag-actualites","10":"tag-eu","11":"tag-europe","12":"tag-fr","13":"tag-france","14":"tag-hauts-de-france","15":"tag-lille","16":"tag-maladie","17":"tag-news","18":"tag-republique-francaise","19":"tag-sante","20":"tag-societe","21":"tag-sport"},"share_on_mastodon":{"url":"https:\/\/pubeurope.com\/@fr\/114556640069246041","error":""},"_links":{"self":[{"href":"https:\/\/www.europesays.com\/fr\/wp-json\/wp\/v2\/posts\/121714","targetHints":{"allow":["GET"]}}],"collection":[{"href":"https:\/\/www.europesays.com\/fr\/wp-json\/wp\/v2\/posts"}],"about":[{"href":"https:\/\/www.europesays.com\/fr\/wp-json\/wp\/v2\/types\/post"}],"author":[{"embeddable":true,"href":"https:\/\/www.europesays.com\/fr\/wp-json\/wp\/v2\/users\/2"}],"replies":[{"embeddable":true,"href":"https:\/\/www.europesays.com\/fr\/wp-json\/wp\/v2\/comments?post=121714"}],"version-history":[{"count":0,"href":"https:\/\/www.europesays.com\/fr\/wp-json\/wp\/v2\/posts\/121714\/revisions"}],"wp:featuredmedia":[{"embeddable":true,"href":"https:\/\/www.europesays.com\/fr\/wp-json\/wp\/v2\/media\/121715"}],"wp:attachment":[{"href":"https:\/\/www.europesays.com\/fr\/wp-json\/wp\/v2\/media?parent=121714"}],"wp:term":[{"taxonomy":"category","embeddable":true,"href":"https:\/\/www.europesays.com\/fr\/wp-json\/wp\/v2\/categories?post=121714"},{"taxonomy":"post_tag","embeddable":true,"href":"https:\/\/www.europesays.com\/fr\/wp-json\/wp\/v2\/tags?post=121714"}],"curies":[{"name":"wp","href":"https:\/\/api.w.org\/{rel}","templated":true}]}}