{"id":121716,"date":"2025-05-23T10:19:07","date_gmt":"2025-05-23T10:19:07","guid":{"rendered":"https:\/\/www.europesays.com\/fr\/121716\/"},"modified":"2025-05-23T10:19:07","modified_gmt":"2025-05-23T10:19:07","slug":"pres-de-marseille-il-se-jette-dans-le-vide-pour-fuir-son-agresseur-un-homme-entre-la-vie-et-la-mort","status":"publish","type":"post","link":"https:\/\/www.europesays.com\/fr\/121716\/","title":{"rendered":"Pr\u00e8s de Marseille. Il se jette dans le vide pour fuir son agresseur, un homme entre la vie et la mort"},"content":{"rendered":"<p>            Par<br \/>\n        <strong><br \/>\n            <a href=\"https:\/\/actu.fr\/auteur\/fabien-binacchi\" title=\"Consulter tous les articles de Fabien Binacchi\" rel=\"nofollow noopener\" target=\"_blank\">Fabien Binacchi<\/a><br \/>\n        <\/strong><\/p>\n<p>        Publi\u00e9 le<\/p>\n<p>            23 mai 2025 \u00e0 11h11        <\/p>\n<p>Il a \u00e9t\u00e9 d\u00e9couvert <strong>dans un \u00e9tat tr\u00e8s grave.<\/strong> Ce jeudi 22\u00a0mai, \u00e0 <a href=\"https:\/\/actu.fr\/provence-alpes-cote-d-azur\/aix-en-provence_13001\" rel=\"nofollow noopener\" target=\"_blank\">Aix-en-Provence<\/a> (<a href=\"https:\/\/actu.fr\/provence-alpes-cote-d-azur\/bouches-du-rhone_13\" rel=\"nofollow noopener\" target=\"_blank\">Bouches-du-Rh\u00f4ne<\/a>), un homme de 30\u00a0ans a \u00e9t\u00e9 pris en charge apr\u00e8s une chute de 10m, apprend <a href=\"https:\/\/actu.fr\/marseille\/\" rel=\"nofollow noopener\" target=\"_blank\">actu Marseille<\/a> aupr\u00e8s des secours. Selon <a href=\"https:\/\/www.laprovence.com\/article\/faits-divers-justice\/11866163982533\/aix-pris-en-chasse-par-un-homme-arme-d-un-couteau-il-fait-une-chute-de-8-metres-en-sautant-d-un-pont\" rel=\"nofollow noopener\" target=\"_blank\">La Provence<\/a>, il se serait jet\u00e9 d\u2019un pont <strong>pour \u00e9chapper \u00e0 un agresseur qui le mena\u00e7ait avec un couteau.<\/strong><\/p>\n<p>\u00ab\u2009Inconscient et polytraumatis\u00e9\u2009\u00bb<\/p>\n<p class=\" wall-content\">Les pompiers des Bouches-du-Rh\u00f4ne interviennent <strong>un peu avant 19h<\/strong> ce jeudi 22\u00a0mai dans le centre d\u2019Aix-en-Provence. Un homme vient de tomber <strong>de la couverture de la voie ferr\u00e9e, avenue Wolfgang Amadeus Mozart.<\/strong> Une chute \u00ab\u2009d\u2019une hauteur de 10m\u2009\u00bb \u00e0 proximit\u00e9 des rails, qui l\u2019a laiss\u00e9 \u00ab\u2009inconscient et polytraumatis\u00e9\u2009\u00bb \u00e0 l\u2019arriv\u00e9e des secours.<\/p>\n<p class=\" wall-content\">Il est transport\u00e9 vers un centre hospitalier entre la vie et la mort.<\/p>\n<p>Un individu interpell\u00e9<\/p>\n<p class=\" wall-content\">Un suicide\u2009? Si son geste appara\u00eet d\u00e9lib\u00e9r\u00e9, c\u2019est plut\u00f4t pour <strong>tenter de se sauver<\/strong> que la victime s\u2019est jet\u00e9e dans le vide. Selon les premiers \u00e9l\u00e9ments, relat\u00e9s par La Provence, il aurait saut\u00e9 pour \u00e9chapper \u00e0 un agresseur qui le mena\u00e7ait avec un couteau.<\/p>\n<p class=\" wall-content\">Toujours d\u2019apr\u00e8s nos confr\u00e8res, cet individu a \u00e9t\u00e9 interpell\u00e9 un peu plus tard par la police. Une enqu\u00eate pour <strong>\u00ab\u2009tentative d\u2019homicide\u2009\u00bb<\/strong> a \u00e9t\u00e9 ouverte.<\/p>\n<p>Vid\u00e9os : en ce moment sur Actu<\/p>\n<p class=\" wall-content\">Suivez toute l\u2019actualit\u00e9 de vos villes et m\u00e9dias favoris en vous inscrivant \u00e0 <a href=\"https:\/\/moncompte.actu.fr\" title=\"D\u00e9couvez Mon Actu\" rel=\"nofollow noopener\" data-trk=\"{&quot;cta&quot;:{&quot;action&quot;:&quot;https:\\\/\\\/moncompte.actu.fr&quot;,&quot;category&quot;:&quot;mon compte&quot;,&quot;from&quot;:&quot;article footer&quot;,&quot;name&quot;:&quot;Mon actu&quot;,&quot;type&quot;:&quot;cta&quot;}}\" target=\"_blank\">Mon Actu<\/a>.<\/p>\n","protected":false},"excerpt":{"rendered":"Par Fabien Binacchi Publi\u00e9 le 23 mai 2025 \u00e0 11h11 Il a \u00e9t\u00e9 d\u00e9couvert dans un \u00e9tat tr\u00e8s&hellip;\n","protected":false},"author":2,"featured_media":121717,"comment_status":"","ping_status":"","sticky":false,"template":"","format":"standard","meta":{"footnotes":""},"categories":[2814],"tags":[119,1111,11,1777,674,118,1011,27,884,12,1072,1311,882,25],"class_list":{"0":"post-121716","1":"post","2":"type-post","3":"status-publish","4":"format-standard","5":"has-post-thumbnail","7":"category-marseille","8":"tag-accident","9":"tag-actu","10":"tag-actualites","11":"tag-eu","12":"tag-europe","13":"tag-faits-divers","14":"tag-fr","15":"tag-france","16":"tag-marseille","17":"tag-news","18":"tag-police","19":"tag-pompiers","20":"tag-provence-alpes-cote-dazur","21":"tag-republique-francaise"},"share_on_mastodon":{"url":"https:\/\/pubeurope.com\/@fr\/114556644027148578","error":""},"_links":{"self":[{"href":"https:\/\/www.europesays.com\/fr\/wp-json\/wp\/v2\/posts\/121716","targetHints":{"allow":["GET"]}}],"collection":[{"href":"https:\/\/www.europesays.com\/fr\/wp-json\/wp\/v2\/posts"}],"about":[{"href":"https:\/\/www.europesays.com\/fr\/wp-json\/wp\/v2\/types\/post"}],"author":[{"embeddable":true,"href":"https:\/\/www.europesays.com\/fr\/wp-json\/wp\/v2\/users\/2"}],"replies":[{"embeddable":true,"href":"https:\/\/www.europesays.com\/fr\/wp-json\/wp\/v2\/comments?post=121716"}],"version-history":[{"count":0,"href":"https:\/\/www.europesays.com\/fr\/wp-json\/wp\/v2\/posts\/121716\/revisions"}],"wp:featuredmedia":[{"embeddable":true,"href":"https:\/\/www.europesays.com\/fr\/wp-json\/wp\/v2\/media\/121717"}],"wp:attachment":[{"href":"https:\/\/www.europesays.com\/fr\/wp-json\/wp\/v2\/media?parent=121716"}],"wp:term":[{"taxonomy":"category","embeddable":true,"href":"https:\/\/www.europesays.com\/fr\/wp-json\/wp\/v2\/categories?post=121716"},{"taxonomy":"post_tag","embeddable":true,"href":"https:\/\/www.europesays.com\/fr\/wp-json\/wp\/v2\/tags?post=121716"}],"curies":[{"name":"wp","href":"https:\/\/api.w.org\/{rel}","templated":true}]}}