{"id":121722,"date":"2025-05-23T10:22:13","date_gmt":"2025-05-23T10:22:13","guid":{"rendered":"https:\/\/www.europesays.com\/fr\/121722\/"},"modified":"2025-05-23T10:22:13","modified_gmt":"2025-05-23T10:22:13","slug":"lyon-les-createurs-sinstallent-place-de-la-croix-rousse-avec-lestive","status":"publish","type":"post","link":"https:\/\/www.europesays.com\/fr\/121722\/","title":{"rendered":"Lyon. Les cr\u00e9ateurs s\u2019installent place de la Croix-Rousse avec \u00ab\u00a0L\u2019Estive\u00a0\u00bb"},"content":{"rendered":"<p>Le March\u00e9 de cr\u00e9ateurs L\u2019Estive\u00a0revient le dimanche 25\u00a0mai, place de la Croix-Rousse. L\u2019\u00e9v\u00e9nement est port\u00e9 par Arts Pentes implant\u00e9 dans les 1er et 4e arrondissements. En \u00e9cho \u00e0 son march\u00e9 de No\u00ebl des cr\u00e9ateurs, organis\u00e9 place Sathonay, l\u2019association veut ainsi c\u00e9l\u00e9brer l\u2019approche de l\u2019\u00e9t\u00e9.<\/p>\n<p>  Une quarantaine de cr\u00e9ateurs<\/p>\n<p>Pour cela, <a href=\"https:\/\/www.leprogres.fr\/culture-loisirs\/2024\/06\/09\/a-la-croix-rousse-la-8e-edition-de-l-estive-fait-le-plein\" target=\"_blank\" rel=\"noopener\">elle r\u00e9unit artisans d\u2019art, artistes et cr\u00e9ateurs<\/a> \u00a0: une quarantaine est attendue. Au programme\u00a0: bijoux, mode, maroquinerie, design, d\u00e9co, c\u00e9ramique, arts plastiques\u2026<\/p>\n<p>C\u2019est l\u2019occasion id\u00e9ale pour d\u00e9nicher des cadeaux originaux, uniques, produits en petites s\u00e9ries et 100\u00a0% faits mains.<\/p>\n<p class=\"note\">Dimanche 25\u00a0mai, de 10 \u00e0 19 heures, place de la Croix-Rousse, \u00e0 Lyon 4e. Acc\u00e8s libre. <a href=\"https:\/\/www.artspentes.com\/\" target=\"_blank\" rel=\"noopener\">www.artspentes.com<\/a><\/p>\n","protected":false},"excerpt":{"rendered":"Le March\u00e9 de cr\u00e9ateurs L\u2019Estive\u00a0revient le dimanche 25\u00a0mai, place de la Croix-Rousse. L\u2019\u00e9v\u00e9nement est port\u00e9 par Arts Pentes&hellip;\n","protected":false},"author":2,"featured_media":121723,"comment_status":"","ping_status":"","sticky":false,"template":"","format":"standard","meta":{"footnotes":""},"categories":[1889],"tags":[1111,11,2430,1687,2757,1777,674,1685,1011,27,2428,2756,2089,12,25],"class_list":{"0":"post-121722","1":"post","2":"type-post","3":"status-publish","4":"format-standard","5":"has-post-thumbnail","7":"category-lyon","8":"tag-actu","9":"tag-actualites","10":"tag-auvergne-rhone-alpes","11":"tag-culture-loisirs","12":"tag-edition-lyon-villeurbanne","13":"tag-eu","14":"tag-europe","15":"tag-foire-et-salon","16":"tag-fr","17":"tag-france","18":"tag-lyon","19":"tag-lyon-bassin","20":"tag-marche","21":"tag-news","22":"tag-republique-francaise"},"share_on_mastodon":{"url":"https:\/\/pubeurope.com\/@fr\/114556655674039337","error":""},"_links":{"self":[{"href":"https:\/\/www.europesays.com\/fr\/wp-json\/wp\/v2\/posts\/121722","targetHints":{"allow":["GET"]}}],"collection":[{"href":"https:\/\/www.europesays.com\/fr\/wp-json\/wp\/v2\/posts"}],"about":[{"href":"https:\/\/www.europesays.com\/fr\/wp-json\/wp\/v2\/types\/post"}],"author":[{"embeddable":true,"href":"https:\/\/www.europesays.com\/fr\/wp-json\/wp\/v2\/users\/2"}],"replies":[{"embeddable":true,"href":"https:\/\/www.europesays.com\/fr\/wp-json\/wp\/v2\/comments?post=121722"}],"version-history":[{"count":0,"href":"https:\/\/www.europesays.com\/fr\/wp-json\/wp\/v2\/posts\/121722\/revisions"}],"wp:featuredmedia":[{"embeddable":true,"href":"https:\/\/www.europesays.com\/fr\/wp-json\/wp\/v2\/media\/121723"}],"wp:attachment":[{"href":"https:\/\/www.europesays.com\/fr\/wp-json\/wp\/v2\/media?parent=121722"}],"wp:term":[{"taxonomy":"category","embeddable":true,"href":"https:\/\/www.europesays.com\/fr\/wp-json\/wp\/v2\/categories?post=121722"},{"taxonomy":"post_tag","embeddable":true,"href":"https:\/\/www.europesays.com\/fr\/wp-json\/wp\/v2\/tags?post=121722"}],"curies":[{"name":"wp","href":"https:\/\/api.w.org\/{rel}","templated":true}]}}