{"id":121724,"date":"2025-05-23T10:23:07","date_gmt":"2025-05-23T10:23:07","guid":{"rendered":"https:\/\/www.europesays.com\/fr\/121724\/"},"modified":"2025-05-23T10:23:07","modified_gmt":"2025-05-23T10:23:07","slug":"metro-rer-en-ile-de-france-les-amendes-passent-de-50-a-70-euros","status":"publish","type":"post","link":"https:\/\/www.europesays.com\/fr\/121724\/","title":{"rendered":"M\u00e9tro-RER en Ile-de-France : les amendes passent de 50 \u00e0 70 euros"},"content":{"rendered":"<p>La RATP a annonc\u00e9 jeudi une augmentation de 20 euros des amendes tarifaires \u2013 en cas de paiement imm\u00e9diat \u2013 \u00e0 compter du 2 juin, dans le cadre du plan de lutte contre la fraude lanc\u00e9 en f\u00e9vrier par Ile-de-France Mobilit\u00e9s sur l\u2019ensemble des r\u00e9seaux franciliens.<\/p>\n<p>\u201cA compter du 2 juin, afin d\u2019am\u00e9liorer l\u2019efficacit\u00e9 de la lutte contre la fraude, l\u2019amende tarifaire en paiement imm\u00e9diat passe \u00e0 70 euros, soit une augmentation de 20 euros\u201d, indique la R\u00e9gie autonome des transports parisiens.<\/p>\n<p>En paiement diff\u00e9r\u00e9, sous la limite des 90 jours, l\u2019amende passe \u00e0 120 euros, et ensuite \u00e0 180 euros au-del\u00e0 des 90 jours, en forfait major\u00e9, pr\u00e9cise-t-elle.<\/p>\n<p>Concernant les bus et tramways, l\u2019amende pour non-validation d\u2019un abonnement passera \u00e0 15 euros, ce qui repr\u00e9sente une augmentation de 10 euros, \u201cafin d\u2019inciter les clients \u00e0 valider leur titre et ainsi adapter l\u2019offre de transport \u00e0 la demande gr\u00e2ce \u00e0 des remont\u00e9es de fr\u00e9quentation plus pr\u00e9cises\u201d.<\/p>\n<p>La RATP rappelle que la fraude repr\u00e9sente \u201cplusieurs dizaines de millions d\u2019euros de perte annuelle et plus de 1,7 million d\u2019infractions chaque ann\u00e9e sur l\u2019ensemble du r\u00e9seau\u201d qu\u2019elle exploite pour le compte d\u2019Ile-de-France Mobilit\u00e9s.<\/p>\n<p>Le durcissement des amendes va \u00eatre accompagn\u00e9 d\u2019affichages sur l\u2019ensemble du r\u00e9seau m\u00e9tro et RER, dans les stations de tramway ainsi que dans les bus \u00e0 compter du 2 juin.<\/p>\n<p>Pour lutter contre la fraude, la RATP mobilise entre 400 et 600 agents de contr\u00f4le chaque jour sur son r\u00e9seau.<\/p>\n<p>Ile-de-France Mobilit\u00e9s a annonc\u00e9 mi-f\u00e9vrier un plan de lutte visant \u00e0 diminuer la fraude de moiti\u00e9. Il s\u2019est traduit par le contr\u00f4le de 270 000 voyageurs et pr\u00e8s de 11 500 amendes ont \u00e9t\u00e9 dress\u00e9es, indique la RATP.<\/p>\n","protected":false},"excerpt":{"rendered":"La RATP a annonc\u00e9 jeudi une augmentation de 20 euros des amendes tarifaires \u2013 en cas de paiement&hellip;\n","protected":false},"author":2,"featured_media":121725,"comment_status":"","ping_status":"","sticky":false,"template":"","format":"standard","meta":{"footnotes":""},"categories":[1592],"tags":[1111,11,7622,1777,674,1011,27,662,10883,4047,1137,12,17050,626,625,25,24334,24335,800,8692],"class_list":{"0":"post-121724","1":"post","2":"type-post","3":"status-publish","4":"format-standard","5":"has-post-thumbnail","7":"category-ile-de-france","8":"tag-actu","9":"tag-actualites","10":"tag-amendes","11":"tag-eu","12":"tag-europe","13":"tag-fr","14":"tag-france","15":"tag-ile-de-france","16":"tag-ile-de-france-mobilites","17":"tag-metro","18":"tag-mobilite","19":"tag-news","20":"tag-paiement","21":"tag-paris","22":"tag-ratp","23":"tag-republique-francaise","24":"tag-tarif","25":"tag-tramways","26":"tag-transports","27":"tag-voyageurs"},"share_on_mastodon":{"url":"https:\/\/pubeurope.com\/@fr\/114556660038573258","error":""},"_links":{"self":[{"href":"https:\/\/www.europesays.com\/fr\/wp-json\/wp\/v2\/posts\/121724","targetHints":{"allow":["GET"]}}],"collection":[{"href":"https:\/\/www.europesays.com\/fr\/wp-json\/wp\/v2\/posts"}],"about":[{"href":"https:\/\/www.europesays.com\/fr\/wp-json\/wp\/v2\/types\/post"}],"author":[{"embeddable":true,"href":"https:\/\/www.europesays.com\/fr\/wp-json\/wp\/v2\/users\/2"}],"replies":[{"embeddable":true,"href":"https:\/\/www.europesays.com\/fr\/wp-json\/wp\/v2\/comments?post=121724"}],"version-history":[{"count":0,"href":"https:\/\/www.europesays.com\/fr\/wp-json\/wp\/v2\/posts\/121724\/revisions"}],"wp:featuredmedia":[{"embeddable":true,"href":"https:\/\/www.europesays.com\/fr\/wp-json\/wp\/v2\/media\/121725"}],"wp:attachment":[{"href":"https:\/\/www.europesays.com\/fr\/wp-json\/wp\/v2\/media?parent=121724"}],"wp:term":[{"taxonomy":"category","embeddable":true,"href":"https:\/\/www.europesays.com\/fr\/wp-json\/wp\/v2\/categories?post=121724"},{"taxonomy":"post_tag","embeddable":true,"href":"https:\/\/www.europesays.com\/fr\/wp-json\/wp\/v2\/tags?post=121724"}],"curies":[{"name":"wp","href":"https:\/\/api.w.org\/{rel}","templated":true}]}}