{"id":121726,"date":"2025-05-23T10:24:09","date_gmt":"2025-05-23T10:24:09","guid":{"rendered":"https:\/\/www.europesays.com\/fr\/121726\/"},"modified":"2025-05-23T10:24:09","modified_gmt":"2025-05-23T10:24:09","slug":"la-ratp-augmente-le-prix-des-amendes-pour-fraude-des-agriculteurs-en-colere-linfo-a-midi-en-ile-de-france","status":"publish","type":"post","link":"https:\/\/www.europesays.com\/fr\/121726\/","title":{"rendered":"La RATP augmente le prix des amendes pour fraude, des agriculteurs en col\u00e8re&#8230; L&rsquo;info \u00e0 midi en \u00cele-de-France"},"content":{"rendered":"<p>            Par<br \/>\n        <strong><br \/>\n            <a href=\"https:\/\/actu.fr\/auteur\/redaction-paris\" title=\"Consulter tous les articles de R\u00e9daction Paris\" target=\"_blank\" rel=\"noopener\">R\u00e9daction Paris<\/a><br \/>\n        <\/strong><\/p>\n<p>        Publi\u00e9 le<\/p>\n<p>            23 mai 2025 \u00e0 11h58        <\/p>\n<p>C\u2019est bient\u00f4t le week-end\u2009! Que s\u2019est-il pass\u00e9 \u00e0 midi en \u00cele-de-France ce vendredi 23\u00a0mai 2025\u2009? Voici l\u2019essentiel de l\u2019actualit\u00e9\u2009: la RATP a annonc\u00e9 que les tarifs des amendes pour fraude allaient augmenter, en Essonne, des chauffeurs de taxi sont soup\u00e7onn\u00e9s d\u2019escroqueries et dans le Val-d\u2019Oise, les agriculteurs en col\u00e8re pr\u00e9parent leur mobilisation.<\/p>\n<p>Les informations \u00e0 retenir ce vendredi 23\u00a0mai 2025, \u00e0 midi, en \u00cele-de-France<\/p>\n<p class=\"expresso-item wall-content\"><strong>Essonne. <\/strong><a title=\"Lire l&#039;article\" href=\"https:\/\/actu.fr\/faits-divers\/essonne-cinq-chauffeurs-de-taxi-soupconnes-d-avoir-escroque-400-000-euros-a-l-assurance-maladie_62677595.html\" target=\"_blank\" rel=\"noopener\">Cinq chauffeurs de taxi soup\u00e7onn\u00e9s d\u2019avoir escroqu\u00e9 400\u2009000\u00a0euros \u00e0 l\u2019Assurance maladie<\/a><br \/>Soup\u00e7onn\u00e9s d\u2019\u00eatre les t\u00eates d\u2019un r\u00e9seau ayant d\u00e9tourn\u00e9 plus d\u2019un million d\u2019euros, ces cinq chauffeurs ont \u00e9t\u00e9 plac\u00e9s en garde \u00e0 vue en Essonne.<\/p>\n<p class=\"expresso-item wall-content\"><strong>Seine-et-Marne. <\/strong><a title=\"Lire l&#039;article\" href=\"https:\/\/actu.fr\/ile-de-france\/le-mesnil-amelot_77291\/en-images-grand-paris-express-en-seine-et-marne-le-tunnelier-trace-sa-route-pour-la-future-ligne-17_62675981.html\" target=\"_blank\" rel=\"noopener\">EN IMAGES. Grand Paris Express\u2009: le tunnelier trace sa route pour la future ligne 17<\/a><br \/>Parti au tout d\u00e9but de l\u2019ann\u00e9e, le tunnelier Virginie creuse sans rel\u00e2che ce qui sera le tron\u00e7on 3 de la future ligne 17 du M\u00e9tro au d\u00e9part du Mesnil-Amelot (Seine-et-Marne).<\/p>\n<p class=\"expresso-item wall-content\"><strong>Val-d\u2019Oise. <\/strong><a title=\"Lire l&#039;article\" href=\"https:\/\/actu.fr\/ile-de-france\/vigny_95658\/nouvelles-actions-des-agriculteurs-en-preparation-dans-le-val-doise_62675830.html\" target=\"_blank\" rel=\"noopener\">Nouvelles actions des agriculteurs en pr\u00e9paration<\/a><br \/>Des actions pourraient avoir lieu lundi 26\u00a0mai 2025 dans le Val-d\u2019Oise.<\/p>\n<p class=\"expresso-item wall-content\"><strong>Paris. <\/strong><a title=\"Lire l&#039;article\" href=\"https:\/\/actu.fr\/ile-de-france\/paris_75056\/pour-lutter-contre-la-fraude-dans-les-transports-la-ratp-augmente-le-tarif-des-amendes_62677366.html\" target=\"_blank\" rel=\"noopener\">Pour lutter contre la fraude dans les transports, la RATP augmente le tarif des amendes<\/a><br \/>\u00c0 partir du 2\u00a0juin 2025, frauder dans les transports en commun d\u2019\u00cele-de-France va co\u00fbter plus cher. \u00cele-de-France Mobilit\u00e9s vient d\u2019annoncer une hausse du tarif de ses amendes.<\/p>\n<p class=\"expresso-item wall-content\"><strong>Seine-Saint-Denis. <\/strong><a title=\"Lire l&#039;article\" href=\"https:\/\/actu.fr\/ile-de-france\/saint-denis_93066\/rixes-entre-saint-denis-et-la-courneuve-apres-une-explosions-des-tensions-les-habitants-mobilises-pour-la-p_62672514.html\" target=\"_blank\" rel=\"noopener\">Rixes entre Saint-Denis et La Courneuve\u2009: apr\u00e8s plusieurs violences les habitants mobilis\u00e9s pour la paix<\/a><br \/>Ce mercredi 21\u00a0mai 2025, une r\u00e9union entre jeunes de Saint-Denis et de La Courneuve s\u2019est tenue \u00e0 l\u2019initiative des habitants pour faire cesser les violences entre quartiers.<\/p>\n<p class=\" wall-content\"><strong>Suivez-nous pour en savoir plus\u2009!<\/strong><br \/>Vous voulez plus d\u2019infos sur l\u2019\u00cele-de-France\u2009? Vous pouvez nous retrouver sur Actu \u00cele-de-France. Pour nous suivre sur les r\u00e9seaux sociaux, dans vos d\u00e9partements\u2009:<\/p>\n<p class=\" wall-content\"><strong>Paris<\/strong>\u2009: retrouvez\u00a0actu\u00a0Paris\u00a0sur\u00a0<a href=\"https:\/\/www.facebook.com\/actufr.paris\/\" target=\"_blank\" rel=\"noopener\">Facebook<\/a>\u00a0et\u00a0<a href=\"https:\/\/twitter.com\/actufrparis\" target=\"_blank\" rel=\"noopener\">Twitter<\/a>\u2009;<br \/><strong>Seine-et-Marne<\/strong>\u2009: retrouvez\u00a0La R\u00e9publique de Seine-et-Marne (sud) sur\u00a0<a href=\"https:\/\/www.facebook.com\/RepubliqueSeineMarne\/\" target=\"_blank\" rel=\"noopener\">Facebook<\/a>\u00a0et\u00a0<a href=\"https:\/\/twitter.com\/LaRep77\" target=\"_blank\" rel=\"noopener\">Twitter<\/a>\u2009; La Marne (nord) sur\u00a0<a href=\"https:\/\/www.facebook.com\/journallarmarne\/?__tn__=%2Cd%2CP-R&amp;eid=ARDLZc91LaHbXzDwChLLLQJVMBLx_ABJremTC2-RG0CYvg0f4f8CLvbV5G1Lli4g_6QoXDcKkU1_LX1W\" target=\"_blank\" rel=\"noopener\">Facebook<\/a>\u00a0et\u00a0<a href=\"https:\/\/twitter.com\/JournalLaMarne\" target=\"_blank\" rel=\"noopener\">Twitter<\/a>\u2009; et\u00a0Le Pays Briard\u00a0sur\u00a0<a href=\"https:\/\/www.facebook.com\/LePaysBriard\/?ref=bookmarks\" target=\"_blank\" rel=\"noopener\">Facebook<\/a>\u00a0et\u00a0<a href=\"https:\/\/twitter.com\/LePaysBriard\" target=\"_blank\" rel=\"noopener\">Twitter<\/a>\u2009;<br \/><strong>Yvelines\u2009:<\/strong> retrouvez\u00a078actu\u00a0sur\u00a0<a href=\"https:\/\/www.facebook.com\/78actu\/\" target=\"_blank\" rel=\"noopener\">Facebook<\/a>\u00a0et\u00a0<a href=\"https:\/\/x.com\/78actu\">Twitter<\/a>\u2009;<br \/><strong>Essonne\u2009:<\/strong> retrouvez\u00a0actu Essonne\u00a0sur\u00a0<a href=\"https:\/\/www.facebook.com\/actuessonne\/?ref=br_rs\" target=\"_blank\" rel=\"noopener\">Facebook<\/a>\u00a0et\u00a0<a href=\"https:\/\/twitter.com\/ActuEssonne\" target=\"_blank\" rel=\"noopener\">Twitter<\/a>\u2009;<br \/><strong>Hauts-de-Seine\u2009:<\/strong> retrouvez\u00a0actu\u00a0Hauts-de-Seine\u00a0sur\u00a0<a href=\"https:\/\/www.facebook.com\/actufr.hautsdeseine\/\" target=\"_blank\" rel=\"noopener\">Facebook<\/a>\u00a0et\u00a0<a href=\"https:\/\/twitter.com\/actufr92\" target=\"_blank\" rel=\"noopener\">Twitter<\/a>\u2009;<br \/><strong>Seine-Saint-Denis\u2009:<\/strong> retrouvez actu Seine-Saint-Denis sur\u00a0<a href=\"https:\/\/www.facebook.com\/actufr.seinesaintdenis\/\" target=\"_blank\" rel=\"noopener\">Facebook<\/a>\u00a0et\u00a0<a href=\"https:\/\/x.com\/Actufr93\">Twitter<\/a>\u2009;<br \/><strong>Val-de-Marne\u2009:<\/strong> retrouvez actu Val-de-Marne sur\u00a0<a href=\"https:\/\/www.facebook.com\/actu94.valdemarne\/\" target=\"_blank\" rel=\"noopener\">Facebook\u00a0<\/a>et\u00a0<a href=\"https:\/\/x.com\/actufr94\">Twitter\u2009<\/a>;<br \/><strong>Val-d\u2019Oise\u2009:<\/strong> retrouvez La Gazette du Val-d\u2019Oise sur\u00a0<a href=\"https:\/\/x.com\/actufr94\">Twitter<\/a><\/p>\n<p class=\" wall-content\">Suivez toute l\u2019actualit\u00e9 de vos villes et m\u00e9dias favoris en vous inscrivant \u00e0 <a href=\"https:\/\/moncompte.actu.fr\" title=\"D\u00e9couvez Mon Actu\" rel=\"nofollow noopener\" data-trk=\"{&quot;cta&quot;:{&quot;action&quot;:&quot;https:\\\/\\\/moncompte.actu.fr&quot;,&quot;category&quot;:&quot;mon compte&quot;,&quot;from&quot;:&quot;article footer&quot;,&quot;name&quot;:&quot;Mon actu&quot;,&quot;type&quot;:&quot;cta&quot;}}\" target=\"_blank\">Mon Actu<\/a>.<\/p>\n<p>                    <script async src=\"https:\/\/platform.twitter.com\/widgets.js\" charset=\"utf-8\"><\/script><\/p>\n","protected":false},"excerpt":{"rendered":"Par R\u00e9daction Paris Publi\u00e9 le 23 mai 2025 \u00e0 11h58 C\u2019est bient\u00f4t le week-end\u2009! Que s\u2019est-il pass\u00e9 \u00e0&hellip;\n","protected":false},"author":2,"featured_media":121727,"comment_status":"","ping_status":"","sticky":false,"template":"","format":"standard","meta":{"footnotes":""},"categories":[1592],"tags":[1111,11,327,1777,674,1011,27,662,4047,12,626,625,25,104],"class_list":{"0":"post-121726","1":"post","2":"type-post","3":"status-publish","4":"format-standard","5":"has-post-thumbnail","7":"category-ile-de-france","8":"tag-actu","9":"tag-actualites","10":"tag-agriculture","11":"tag-eu","12":"tag-europe","13":"tag-fr","14":"tag-france","15":"tag-ile-de-france","16":"tag-metro","17":"tag-news","18":"tag-paris","19":"tag-ratp","20":"tag-republique-francaise","21":"tag-societe"},"share_on_mastodon":{"url":"https:\/\/pubeurope.com\/@fr\/114556663382211302","error":""},"_links":{"self":[{"href":"https:\/\/www.europesays.com\/fr\/wp-json\/wp\/v2\/posts\/121726","targetHints":{"allow":["GET"]}}],"collection":[{"href":"https:\/\/www.europesays.com\/fr\/wp-json\/wp\/v2\/posts"}],"about":[{"href":"https:\/\/www.europesays.com\/fr\/wp-json\/wp\/v2\/types\/post"}],"author":[{"embeddable":true,"href":"https:\/\/www.europesays.com\/fr\/wp-json\/wp\/v2\/users\/2"}],"replies":[{"embeddable":true,"href":"https:\/\/www.europesays.com\/fr\/wp-json\/wp\/v2\/comments?post=121726"}],"version-history":[{"count":0,"href":"https:\/\/www.europesays.com\/fr\/wp-json\/wp\/v2\/posts\/121726\/revisions"}],"wp:featuredmedia":[{"embeddable":true,"href":"https:\/\/www.europesays.com\/fr\/wp-json\/wp\/v2\/media\/121727"}],"wp:attachment":[{"href":"https:\/\/www.europesays.com\/fr\/wp-json\/wp\/v2\/media?parent=121726"}],"wp:term":[{"taxonomy":"category","embeddable":true,"href":"https:\/\/www.europesays.com\/fr\/wp-json\/wp\/v2\/categories?post=121726"},{"taxonomy":"post_tag","embeddable":true,"href":"https:\/\/www.europesays.com\/fr\/wp-json\/wp\/v2\/tags?post=121726"}],"curies":[{"name":"wp","href":"https:\/\/api.w.org\/{rel}","templated":true}]}}