{"id":121728,"date":"2025-05-23T10:25:09","date_gmt":"2025-05-23T10:25:09","guid":{"rendered":"https:\/\/www.europesays.com\/fr\/121728\/"},"modified":"2025-05-23T10:25:09","modified_gmt":"2025-05-23T10:25:09","slug":"agressions-sexuelles-chez-un-osteopathe-non-voyant-a-paris-lancien-champion-paralympique-condamne","status":"publish","type":"post","link":"https:\/\/www.europesays.com\/fr\/121728\/","title":{"rendered":"Agressions sexuelles chez un ost\u00e9opathe non-voyant \u00e0 Paris : l&rsquo;ancien champion paralympique condamn\u00e9"},"content":{"rendered":"<p>            Par<br \/>\n        <strong><br \/>\n            <a href=\"https:\/\/actu.fr\/auteur\/antoine-blanchet\" title=\"Consulter tous les articles de Antoine Blanchet\" rel=\"nofollow noopener\" target=\"_blank\">Antoine Blanchet<\/a><br \/>\n        <\/strong><\/p>\n<p>        Publi\u00e9 le<\/p>\n<p>            23 mai 2025 \u00e0 11h02        <\/p>\n<p>Ce jeudi 22\u00a0mai 2025, le tribunal correctionnel de <a href=\"https:\/\/actu.fr\/paris\/\" rel=\"nofollow noopener\" target=\"_blank\">Paris<\/a> a condamn\u00e9 l\u2019ancien champion paralympique Patrice Senmartin<strong> \u00e0 quatre ans de prison, dont deux ann\u00e9es fermes<\/strong>. L\u2019athl\u00e8te non-voyant, devenu ost\u00e9opathe, a \u00e9t\u00e9 reconnu coupable <a href=\"https:\/\/actu.fr\/ile-de-france\/paris_75056\/paris-devenu-osteopathe-l-ancien-champion-paralympique-aveugle-agressait-il-sexuellement-ses-patientes_62606875.html\" rel=\"nofollow noopener\" target=\"_blank\">de huit agressions sexuelles commises sur des patientes<\/a>. Deux des faits \u00e9taient des viols, mais ont \u00e9t\u00e9 correctionnalis\u00e9s. Un mandat d\u2019arr\u00eat a \u00e9t\u00e9 d\u00e9cern\u00e9 \u00e0 l\u2019encontre du praticien, absent au d\u00e9lib\u00e9r\u00e9.<\/p>\n<p>Obligation de d\u00e9dommager les victimes<\/p>\n<p class=\" wall-content\">Toutes les victimes \u00e9voquaient un sch\u00e9ma similaire. Lors de s\u00e9ances de massage chez <a href=\"https:\/\/actu.fr\/lifestyle\/quattendre-dun-osteopathe_11782232.html\" rel=\"nofollow noopener\" target=\"_blank\">l\u2019ost\u00e9opathe<\/a>, ce dernier <strong>commettait des attouchements<\/strong> sur leurs parties intimes. Les faits les plus graves concernent Marine*. Patrice Senmartin lui aurait pratiqu\u00e9 des cunnilingus sans son consentement. L\u2019ancien athl\u00e8te devra verser des dommages et int\u00e9r\u00eats aux parties civiles, allant <strong>jusqu\u2019\u00e0 6\u2009000\u00a0euros<\/strong> de pr\u00e9judice moral.<\/p>\n<p class=\" wall-content\">Lors de l\u2019audience, qui s\u2019est tenue mi-mai, le pr\u00e9venu, ancien champion paralympique de cyclisme, avait balay\u00e9 toutes les accusations. Il avait assur\u00e9 que ses manipulations suivaient le protocole. Tout au plus avait-il regrett\u00e9 un \u00ab\u2009manque de communication\u2009\u00bb vis-\u00e0-vis des victimes. Concernant Marine, il avait reconnu avoir commis des actes sexuels, mais que la jeune femme \u00e9tait \u00ab\u2009demandeuse\u2009\u00bb.<\/p>\n<p>Interdit d\u00e9finitivement d\u2019exercer<\/p>\n<p class=\" wall-content\">Eu \u00e9gard \u00e0 la gravit\u00e9 des faits et \u00e0 \u00ab\u2009l\u2019absence de prise de conscience\u2009\u00bb du pr\u00e9venu, le tribunal l\u2019a condamn\u00e9 \u00e0 plusieurs peines compl\u00e9mentaires. Il est d\u00e9sormais interdit d\u00e9finitivement d\u2019exercer la profession d\u2019ost\u00e9opathe et d\u2019entrer en contact avec les victimes. Une obligation de soins a aussi \u00e9t\u00e9 prononc\u00e9e \u00e0 son encontre. Il sera aussi inscrit sur le fichier des auteurs d\u2019infractions sexuelles ou violentes (Fijais).<\/p>\n<p class=\" wall-content\">Comme l\u2019indique le code de proc\u00e9dure p\u00e9nale, Patrice Senmartin dispose de dix jours pour faire appel de cette d\u00e9cision.<\/p>\n<p>Vid\u00e9os : en ce moment sur Actu<\/p>\n<p class=\" wall-content\">Suivez toute l\u2019actualit\u00e9 de vos villes et m\u00e9dias favoris en vous inscrivant \u00e0 <a href=\"https:\/\/moncompte.actu.fr\" title=\"D\u00e9couvez Mon Actu\" rel=\"nofollow noopener\" data-trk=\"{&quot;cta&quot;:{&quot;action&quot;:&quot;https:\\\/\\\/moncompte.actu.fr&quot;,&quot;category&quot;:&quot;mon compte&quot;,&quot;from&quot;:&quot;article footer&quot;,&quot;name&quot;:&quot;Mon actu&quot;,&quot;type&quot;:&quot;cta&quot;}}\" target=\"_blank\">Mon Actu<\/a>.<\/p>\n","protected":false},"excerpt":{"rendered":"Par Antoine Blanchet Publi\u00e9 le 23 mai 2025 \u00e0 11h02 Ce jeudi 22\u00a0mai 2025, le tribunal correctionnel de&hellip;\n","protected":false},"author":2,"featured_media":121729,"comment_status":"","ping_status":"","sticky":false,"template":"","format":"standard","meta":{"footnotes":""},"categories":[1888],"tags":[1111,1928,11,1927,1777,674,118,1011,27,303,12,1926,626,1925,2694,25,799],"class_list":{"0":"post-121728","1":"post","2":"type-post","3":"status-publish","4":"format-standard","5":"has-post-thumbnail","7":"category-paris","8":"tag-actu","9":"tag-actu-paris","10":"tag-actualites","11":"tag-actualites-paris","12":"tag-eu","13":"tag-europe","14":"tag-faits-divers","15":"tag-fr","16":"tag-france","17":"tag-justice","18":"tag-news","19":"tag-news-paris","20":"tag-paris","21":"tag-paris-news","22":"tag-proces","23":"tag-republique-francaise","24":"tag-violences-sexuelles"},"share_on_mastodon":{"url":"","error":""},"_links":{"self":[{"href":"https:\/\/www.europesays.com\/fr\/wp-json\/wp\/v2\/posts\/121728","targetHints":{"allow":["GET"]}}],"collection":[{"href":"https:\/\/www.europesays.com\/fr\/wp-json\/wp\/v2\/posts"}],"about":[{"href":"https:\/\/www.europesays.com\/fr\/wp-json\/wp\/v2\/types\/post"}],"author":[{"embeddable":true,"href":"https:\/\/www.europesays.com\/fr\/wp-json\/wp\/v2\/users\/2"}],"replies":[{"embeddable":true,"href":"https:\/\/www.europesays.com\/fr\/wp-json\/wp\/v2\/comments?post=121728"}],"version-history":[{"count":0,"href":"https:\/\/www.europesays.com\/fr\/wp-json\/wp\/v2\/posts\/121728\/revisions"}],"wp:featuredmedia":[{"embeddable":true,"href":"https:\/\/www.europesays.com\/fr\/wp-json\/wp\/v2\/media\/121729"}],"wp:attachment":[{"href":"https:\/\/www.europesays.com\/fr\/wp-json\/wp\/v2\/media?parent=121728"}],"wp:term":[{"taxonomy":"category","embeddable":true,"href":"https:\/\/www.europesays.com\/fr\/wp-json\/wp\/v2\/categories?post=121728"},{"taxonomy":"post_tag","embeddable":true,"href":"https:\/\/www.europesays.com\/fr\/wp-json\/wp\/v2\/tags?post=121728"}],"curies":[{"name":"wp","href":"https:\/\/api.w.org\/{rel}","templated":true}]}}