{"id":121730,"date":"2025-05-23T10:26:09","date_gmt":"2025-05-23T10:26:09","guid":{"rendered":"https:\/\/www.europesays.com\/fr\/121730\/"},"modified":"2025-05-23T10:26:09","modified_gmt":"2025-05-23T10:26:09","slug":"paris-proche-de-lequilibre-apres-les-statistiques-23-05-2025-a-1119","status":"publish","type":"post","link":"https:\/\/www.europesays.com\/fr\/121730\/","title":{"rendered":"Paris: proche de l&rsquo;\u00e9quilibre apr\u00e8s les statistiques &#8211; 23\/05\/2025 \u00e0 11:19"},"content":{"rendered":"<p>                                                                (CercleFinance.com) &#8211; Le CAC40 d\u00e9bute la s\u00e9ance proche de l&rsquo;\u00e9quilibre vers 7850Pts, au lendemain d&rsquo;une s\u00e9ance morose dans un contexte qui demeure peu propice aux prises de risques.<\/p>\n<p>Apr\u00e8s leur chute de mercredi cons\u00e9cutive \u00e0 une pi\u00e8tre adjudication de bons du Tr\u00e9sor \u00e0 20 ans, les indices actions am\u00e9ricains ont tent\u00e9 de se redresser tout le long de la s\u00e9ance de jeudi, mais leurs gains se sont affaiss\u00e9s peu avant la cl\u00f4ture.\n<\/p>\n<p>Une certaine aversion au risque continuait de pr\u00e9valoir, comme l&rsquo;illustraient la flamb\u00e9e du<br \/>\n<a href=\"https:\/\/www.boursorama.com\/cours\/9xBTCUSD\/\" rel=\"nofollow noopener\" target=\"_blank\"><br \/>\n bitcoin<br \/>\n<\/a><br \/>\nqui a approch\u00e9 les 112.000 dollars jeudi, ainsi que la vigueur des cours de l&rsquo;or, qui gravite actuellement au-dessus des 3.300 dollars l&rsquo;once.\n<\/p>\n<p>&lsquo;Historiquement valoris\u00e9 comme une valeur refuge, l&rsquo;or conserve son attrait structurel \u00e0 long terme. Malgr\u00e9 des pressions baissi\u00e8res \u00e0 court terme, des facteurs de risque subsistent qui soutiennent sa demande&rsquo;, juge Antonio Di Giacomo, chez XS.\n<\/p>\n<p>&lsquo;Les inqui\u00e9tudes croissantes quant \u00e0 la viabilit\u00e9 de la dette am\u00e9ricaine ont renforc\u00e9 sa perception comme r\u00e9serve de valeur fiable face aux turbulences \u00e9conomiques potentielles&rsquo;, poursuit l&rsquo;analyste, qui pointe aussi le r\u00f4le des tensions g\u00e9opolitiques.\n<\/p>\n<p>Au chapitre des donn\u00e9es macro\u00e9conomiques, on \u00e9t\u00e9 publi\u00e9 ce matin l&rsquo;indice de confiance de m\u00e9nages fran\u00e7ais pour le mois en cours, puis une nouvelle estimation du PIB allemand pour le premier trimestre 2025.\n<\/p>\n<p>La confiance des m\u00e9nages fran\u00e7ais se d\u00e9grade en mai, au vu de l&rsquo;indicateur synth\u00e9tique de l&rsquo;Insee qui perd trois points \u00e0 88, et s&rsquo;\u00e9loigne ainsi de sa moyenne de longue p\u00e9riode (100 entre janvier 1987 et d\u00e9cembre 2024).\n<\/p>\n<p>Le PIB de l&rsquo;Allemagne a augment\u00e9 de 0,4% au premier trimestre 2025 par rapport au dernier trimestre 2024, en donn\u00e9es corrig\u00e9es des prix, des variations saisonni\u00e8res et calendaires, selon Destatis.\n<\/p>\n<p>De l&rsquo;autre c\u00f4t\u00e9 de l&rsquo;Atlantique, ne sont attendues ce jour que les ventes de logements neufs aux Etats-Unis pour avril, au lendemain de l&rsquo;annonce d&rsquo;un tassement de 0,5% des ventes de logements anciens sur la m\u00eame p\u00e9riode.\n<\/p>\n<p>Sur le front des valeurs, Orange fait part de la signature d&rsquo;un protocole d&rsquo;accord avec le Cr\u00e9dit Coop\u00e9ratif, engageant des discussions exclusives en vue de lui c\u00e9der &lsquo;Anytime&rsquo;, une fintech filiale d&rsquo;Orange Bank et sp\u00e9cialis\u00e9e dans l&rsquo;accompagnement des associations.\n<\/p>\n<p>Laurent-Perrier publie un r\u00e9sultat net part du groupe (RNPG) en baisse de 25,4% \u00e0 47,4 millions d&rsquo;euros pour son exercice 2024-25, ainsi qu&rsquo;une marge op\u00e9rationnelle en retrait de cinq points \u00e0 26,3% pour des ventes de champagne en repli de 6,8% \u00e0 282,9 millions d&rsquo;euros.\n<\/p>\n<p>Innate Pharma annonce la pr\u00e9sentation de donn\u00e9es de suivi \u00e0 long terme &lsquo;probantes&rsquo; de l&rsquo;essai clinique de phase II TELLOMAK \u00e9valuant son lacutamab, lors du congr\u00e8s annuel 2025 de la soci\u00e9t\u00e9 am\u00e9ricaine d&rsquo;oncologie clinique (ASCO), \u00e0 Chicago.<\/p>\n","protected":false},"excerpt":{"rendered":"(CercleFinance.com) &#8211; Le CAC40 d\u00e9bute la s\u00e9ance proche de l&rsquo;\u00e9quilibre vers 7850Pts, au lendemain d&rsquo;une s\u00e9ance morose dans&hellip;\n","protected":false},"author":2,"featured_media":7013,"comment_status":"","ping_status":"","sticky":false,"template":"","format":"standard","meta":{"footnotes":""},"categories":[1888],"tags":[400,1111,1928,11,1927,398,408,405,1777,674,1011,27,403,402,399,404,12,1926,626,1925,25,401,406,407],"class_list":{"0":"post-121730","1":"post","2":"type-post","3":"status-publish","4":"format-standard","5":"has-post-thumbnail","7":"category-paris","8":"tag-action-cac-40","9":"tag-actu","10":"tag-actu-paris","11":"tag-actualites","12":"tag-actualites-paris","13":"tag-bourse-de-paris","14":"tag-boursorama","15":"tag-cotations","16":"tag-eu","17":"tag-europe","18":"tag-fr","19":"tag-france","20":"tag-indices-devises","21":"tag-investir","22":"tag-investissement","23":"tag-marche-boursier","24":"tag-news","25":"tag-news-paris","26":"tag-paris","27":"tag-paris-news","28":"tag-republique-francaise","29":"tag-sicav","30":"tag-trackers","31":"tag-warrants"},"share_on_mastodon":{"url":"https:\/\/pubeurope.com\/@fr\/114556671364333151","error":""},"_links":{"self":[{"href":"https:\/\/www.europesays.com\/fr\/wp-json\/wp\/v2\/posts\/121730","targetHints":{"allow":["GET"]}}],"collection":[{"href":"https:\/\/www.europesays.com\/fr\/wp-json\/wp\/v2\/posts"}],"about":[{"href":"https:\/\/www.europesays.com\/fr\/wp-json\/wp\/v2\/types\/post"}],"author":[{"embeddable":true,"href":"https:\/\/www.europesays.com\/fr\/wp-json\/wp\/v2\/users\/2"}],"replies":[{"embeddable":true,"href":"https:\/\/www.europesays.com\/fr\/wp-json\/wp\/v2\/comments?post=121730"}],"version-history":[{"count":0,"href":"https:\/\/www.europesays.com\/fr\/wp-json\/wp\/v2\/posts\/121730\/revisions"}],"wp:featuredmedia":[{"embeddable":true,"href":"https:\/\/www.europesays.com\/fr\/wp-json\/wp\/v2\/media\/7013"}],"wp:attachment":[{"href":"https:\/\/www.europesays.com\/fr\/wp-json\/wp\/v2\/media?parent=121730"}],"wp:term":[{"taxonomy":"category","embeddable":true,"href":"https:\/\/www.europesays.com\/fr\/wp-json\/wp\/v2\/categories?post=121730"},{"taxonomy":"post_tag","embeddable":true,"href":"https:\/\/www.europesays.com\/fr\/wp-json\/wp\/v2\/tags?post=121730"}],"curies":[{"name":"wp","href":"https:\/\/api.w.org\/{rel}","templated":true}]}}