{"id":121733,"date":"2025-05-23T10:28:08","date_gmt":"2025-05-23T10:28:08","guid":{"rendered":"https:\/\/www.europesays.com\/fr\/121733\/"},"modified":"2025-05-23T10:28:08","modified_gmt":"2025-05-23T10:28:08","slug":"on-emmene-des-adherents-au-fnac-live-paris-2025","status":"publish","type":"post","link":"https:\/\/www.europesays.com\/fr\/121733\/","title":{"rendered":"on emm\u00e8ne des adh\u00e9rents au Fnac Live Paris 2025 !"},"content":{"rendered":"<p>La Fnac organise un jeu concours r\u00e9serv\u00e9 aux adh\u00e9rents Fnac+ pour permettre \u00e0 ceux qui n\u2019habitent pas en r\u00e9gion parisienne de se rendre au Fnac Live.<\/p>\n<p>Le festival <a href=\"https:\/\/leclaireur.fnac.com\/festival\/fnac-live-paris\/\" target=\"_blank\" rel=\"noreferrer noopener\">Fnac Live Paris<\/a> reprend ses quartiers d\u2019\u00e9t\u00e9 au c\u0153ur de la capitale pour sa 13\u00e8me \u00e9dition. Durant 3 jours, une vingtaine de concerts gratuits et accessibles \u00e0 tous se succ\u00e9deront \u00e0 partir de 17h sur la Grande Sc\u00e8ne du nouveau parvis v\u00e9g\u00e9talis\u00e9 de l\u2019H\u00f4tel de Ville de Paris et ses Salons. Les premiers noms de la programmation ont d\u00e9j\u00e0 \u00e9t\u00e9 d\u00e9voil\u00e9s : Baby Volcano, Eddy de Pretto, Miossec, Olivia Ruiz, St Vincent, Zin\u00e9e\u2026<\/p>\n<p>La suite de la programmation sera d\u00e9voil\u00e9e le 10 juin. En attendant, la Fnac propose \u00e0 ses adh\u00e9rents n\u2019habitant pas en r\u00e9gion parisienne de participer \u00e0 un jeu concours. <\/p>\n<p>Les <a href=\"https:\/\/www.fnac.com\/choisir-carte\" target=\"_blank\" rel=\"noreferrer noopener\">adh\u00e9rents Fnac+<\/a> qui tenteront leur chance auront la chance de gagner 2 places VIP ! Ce pack exclusif comprend le train, l\u2019h\u00f4tel et un coupe-file pour vivre l\u2019exp\u00e9rience Fnac Live en mode privil\u00e9gi\u00e9. Ne ratez pas cette occasion unique d\u2019assister au festival de l\u2019ann\u00e9e dans des conditions exceptionnelles !<\/p>\n<p>Pour participer, rendez-vous sur <a href=\"https:\/\/animation.fnac.com\/zn\/onvousemmeneaufnaclive\" target=\"_blank\" rel=\"noreferrer noopener\">le lien suivant<\/a> ! Ce jeu concours a lieu du 22 au 28 mai 2025.<\/p>\n","protected":false},"excerpt":{"rendered":"La Fnac organise un jeu concours r\u00e9serv\u00e9 aux adh\u00e9rents Fnac+ pour permettre \u00e0 ceux qui n\u2019habitent pas en&hellip;\n","protected":false},"author":2,"featured_media":121734,"comment_status":"","ping_status":"","sticky":false,"template":"","format":"standard","meta":{"footnotes":""},"categories":[1888],"tags":[11,24336,1777,674,24337,1011,27,12,626,25],"class_list":{"0":"post-121733","1":"post","2":"type-post","3":"status-publish","4":"format-standard","5":"has-post-thumbnail","7":"category-paris","8":"tag-actualites","9":"tag-adherent-fnac","10":"tag-eu","11":"tag-europe","12":"tag-fnac-live","13":"tag-fr","14":"tag-france","15":"tag-news","16":"tag-paris","17":"tag-republique-francaise"},"share_on_mastodon":{"url":"https:\/\/pubeurope.com\/@fr\/114556679243912380","error":""},"_links":{"self":[{"href":"https:\/\/www.europesays.com\/fr\/wp-json\/wp\/v2\/posts\/121733","targetHints":{"allow":["GET"]}}],"collection":[{"href":"https:\/\/www.europesays.com\/fr\/wp-json\/wp\/v2\/posts"}],"about":[{"href":"https:\/\/www.europesays.com\/fr\/wp-json\/wp\/v2\/types\/post"}],"author":[{"embeddable":true,"href":"https:\/\/www.europesays.com\/fr\/wp-json\/wp\/v2\/users\/2"}],"replies":[{"embeddable":true,"href":"https:\/\/www.europesays.com\/fr\/wp-json\/wp\/v2\/comments?post=121733"}],"version-history":[{"count":0,"href":"https:\/\/www.europesays.com\/fr\/wp-json\/wp\/v2\/posts\/121733\/revisions"}],"wp:featuredmedia":[{"embeddable":true,"href":"https:\/\/www.europesays.com\/fr\/wp-json\/wp\/v2\/media\/121734"}],"wp:attachment":[{"href":"https:\/\/www.europesays.com\/fr\/wp-json\/wp\/v2\/media?parent=121733"}],"wp:term":[{"taxonomy":"category","embeddable":true,"href":"https:\/\/www.europesays.com\/fr\/wp-json\/wp\/v2\/categories?post=121733"},{"taxonomy":"post_tag","embeddable":true,"href":"https:\/\/www.europesays.com\/fr\/wp-json\/wp\/v2\/tags?post=121733"}],"curies":[{"name":"wp","href":"https:\/\/api.w.org\/{rel}","templated":true}]}}