{"id":121737,"date":"2025-05-23T10:30:08","date_gmt":"2025-05-23T10:30:08","guid":{"rendered":"https:\/\/www.europesays.com\/fr\/121737\/"},"modified":"2025-05-23T10:30:08","modified_gmt":"2025-05-23T10:30:08","slug":"les-russes-vont-transformer-les-villes-detruites-du-donbass-en-musees-de-leur-guerre-totale","status":"publish","type":"post","link":"https:\/\/www.europesays.com\/fr\/121737\/","title":{"rendered":"Les Russes vont transformer les villes d\u00e9truites du Donbass en \u201cmus\u00e9es de leur guerre totale\u201d"},"content":{"rendered":"\n<p>C\u2019est le 16\u00a0mai, \u00e0 l\u2019occasion du forum Russie-Monde islamique qui se tenait \u00e0 Kazan (Russie), que Denis\u00a0Pouchiline, pr\u00e9sident de la r\u00e9publique populaire autoproclam\u00e9e de Donetsk (RPD), a fait une annonce qui a \u00e9branl\u00e9 l\u2019Ukraine. \u201cLe pouvoir d\u2019occupation russe ne va pas reconstruire les zones d\u00e9truites des villes occup\u00e9es, <a class=\"ithalc\" data-ithal=\"lien_externe\" data-ithalc=\"[nav_article]\" target=\"_blank\" href=\"https:\/\/www.unian.ua\/war\/denis-pushilin-zayaviv-shcho-pokazuvatime-turistam-rujini-mist-13012326.html\" rel=\"noopener\">d\u00e9nonce l\u2019agence de presse ind\u00e9pendante <strong>UNIAN<\/strong><\/a><strong>.<\/strong> Mais il a l\u2019intention de les faire visiter aux touristes.\u201d<\/p>\n<p>\u201cLes Russes consid\u00e8rent que la mort et la destruction repr\u00e9sentent un moyen magnifique d\u2019attirer des visiteurs\u201d, poursuit le site. Les autorit\u00e9s \u201cde la pr\u00e9tendue RPD\u201d, <a class=\"ithalc\" data-ithal=\"lien_externe\" data-ithalc=\"[nav_article]\" target=\"_blank\" href=\"https:\/\/society.comments.ua\/ua\/news\/warrussia\/avdiivku-bahmut-ta-vugledar-vidnovlyuvati-ne-zbirayutsya-scho-vidomo-770762.html\" rel=\"noopener\">\u00e9crit le portail <strong>Komentari<\/strong><\/a><strong>,<\/strong> \u201cdisent \u00e9tudier la possibilit\u00e9 de conserver en l\u2019\u00e9tat les quartiers d\u00e9truits pour pr\u00e9server la \u2018m\u00e9moire\u2019\u201d. Une m\u00e9moire bien singuli\u00e8re, estime UNIAN\u00a0:<\/p>\n<blockquote><p>\u201cBien s\u00fbr, Denis Pouchiline a menti en affirmant que toutes ces destructions des villes du Donbass avaient \u00e9t\u00e9 commises par l\u2019arm\u00e9e ukrainienne.\u201d<\/p><\/blockquote>\n<p>\u201cPouchiline accuse l\u2019arm\u00e9e ukrainienne d\u2019avoir d\u00e9truit ces villes, rench\u00e9rit Komentari, alors que les habitants et les militaires ukrainiens savent comment les occupants y sont entr\u00e9s.\u201d Les forces russes \u201cont pilonn\u00e9 \u00e0 l\u2019artillerie et \u00e0 coups de mortiers, puis avec des bombes \u00e0 sous-munitions, et ensuite, elles ont perc\u00e9 les<\/p>\n","protected":false},"excerpt":{"rendered":"C\u2019est le 16\u00a0mai, \u00e0 l\u2019occasion du forum Russie-Monde islamique qui se tenait \u00e0 Kazan (Russie), que Denis\u00a0Pouchiline, pr\u00e9sident&hellip;\n","protected":false},"author":2,"featured_media":121738,"comment_status":"","ping_status":"","sticky":false,"template":"","format":"standard","meta":{"footnotes":""},"categories":[1590],"tags":[11,8998,1777,674,1892,131,12,132,220],"class_list":{"0":"post-121737","1":"post","2":"type-post","3":"status-publish","4":"format-standard","5":"has-post-thumbnail","7":"category-ukraine","8":"tag-actualites","9":"tag-donbass","10":"tag-eu","11":"tag-europe","12":"tag-gu00e9opolitique","13":"tag-guerre-en-ukraine","14":"tag-news","15":"tag-russie","16":"tag-ukraine"},"share_on_mastodon":{"url":"https:\/\/pubeurope.com\/@fr\/114556687094902549","error":""},"_links":{"self":[{"href":"https:\/\/www.europesays.com\/fr\/wp-json\/wp\/v2\/posts\/121737","targetHints":{"allow":["GET"]}}],"collection":[{"href":"https:\/\/www.europesays.com\/fr\/wp-json\/wp\/v2\/posts"}],"about":[{"href":"https:\/\/www.europesays.com\/fr\/wp-json\/wp\/v2\/types\/post"}],"author":[{"embeddable":true,"href":"https:\/\/www.europesays.com\/fr\/wp-json\/wp\/v2\/users\/2"}],"replies":[{"embeddable":true,"href":"https:\/\/www.europesays.com\/fr\/wp-json\/wp\/v2\/comments?post=121737"}],"version-history":[{"count":0,"href":"https:\/\/www.europesays.com\/fr\/wp-json\/wp\/v2\/posts\/121737\/revisions"}],"wp:featuredmedia":[{"embeddable":true,"href":"https:\/\/www.europesays.com\/fr\/wp-json\/wp\/v2\/media\/121738"}],"wp:attachment":[{"href":"https:\/\/www.europesays.com\/fr\/wp-json\/wp\/v2\/media?parent=121737"}],"wp:term":[{"taxonomy":"category","embeddable":true,"href":"https:\/\/www.europesays.com\/fr\/wp-json\/wp\/v2\/categories?post=121737"},{"taxonomy":"post_tag","embeddable":true,"href":"https:\/\/www.europesays.com\/fr\/wp-json\/wp\/v2\/tags?post=121737"}],"curies":[{"name":"wp","href":"https:\/\/api.w.org\/{rel}","templated":true}]}}