{"id":121739,"date":"2025-05-23T10:31:08","date_gmt":"2025-05-23T10:31:08","guid":{"rendered":"https:\/\/www.europesays.com\/fr\/121739\/"},"modified":"2025-05-23T10:31:08","modified_gmt":"2025-05-23T10:31:08","slug":"heaps-ol-selectionnee-avec-les-etats-unis-pour-deux-amicaux","status":"publish","type":"post","link":"https:\/\/www.europesays.com\/fr\/121739\/","title":{"rendered":"Heaps (OL) s\u00e9lectionn\u00e9e avec les \u00c9tats-Unis pour deux amicaux"},"content":{"rendered":"<p>                            <img width=\"770\" height=\"433\" src=\"https:\/\/www.europesays.com\/fr\/wp-content\/uploads\/2025\/05\/063_1244678626-770x433.jpg\" class=\"attachment-article size-article wp-post-image\" alt=\"Lindsey Horan avec les Etats-Unis face \u00e0 l'Allemagne\" decoding=\"async\" fetchpriority=\"high\"  \/><\/p>\n<p>Lindsey Horan avec les Etats-Unis face \u00e0 l\u2019Allemagne (Photo by Eric Espada \/ GETTY IMAGES NORTH AMERICA \/ Getty Images via AFP)<\/p>\n<p>La s\u00e9lectionneuse de l\u2019\u00e9quipe am\u00e9ricaine de football Emma Hayes a d\u00e9voil\u00e9 sa liste pour les deux matchs amicaux \u00e0 venir. La milieu de terrain de l\u2019OL Lyonnes Lindsey Heaps a \u00e9t\u00e9 retenue.<\/p>\n<p>Ce n\u2019est pas franchement une surprise. Mardi, la milieu de terrain de l\u2019<strong>OL Lyonnes<\/strong> <strong><a href=\"https:\/\/www.olympique-et-lyonnais.com\/trophees-unfp-endler-meilleure-gardienne-mateo-devance-les-joueuses-de-lol,361470.html\" target=\"_blank\" rel=\"noopener\">Lindsey Heaps<\/a><\/strong> a \u00e9t\u00e9 convoqu\u00e9e par <strong>Emma Hayes<\/strong> pour le prochain rassemblement des <strong>Etats-Unis<\/strong>. L\u2019habituelle capitaine de la s\u00e9lection am\u00e9ricaine rejoindra ses 23 co\u00e9quipi\u00e8res outre-<strong>Atlantique <\/strong>d&rsquo;ici \u00e0 la fin du mois de mai. Au programme, deux rencontres amicales. Tout d\u2019abord, la r\u00e9ception de la <strong>Chine<\/strong> (31\/05, 23h30) \u00e0<strong> Saint Paul,<\/strong> dans le <strong>Minnesota<\/strong>. Puis la rencontre face \u00e0 la <strong>Jama\u00efque<\/strong> (04\/06, 02 heures) \u00e0<strong> Saint-Louis<\/strong>.<\/p>\n<p>Pi\u00e8ce ma\u00eetresse du syst\u00e8me de Joe Montemurro<\/p>\n<p>Cadre dans l\u2019entre-jeu du c\u00f4t\u00e9 de l\u2019<a href=\"https:\/\/www.olympique-et-lyonnais.com\/l-ol-feminin-change-de-nom-et-devient-ol-lyonnes,362224.html\" target=\"_blank\" rel=\"noopener\">OL Lyonnes<\/a>, la joueuse aux 165 capes avec sa nation a connu des hauts et des bas cette saison. Actrice majeure du succ\u00e8s lyonnais en <strong>Premi\u00e8re Ligue<\/strong>, Lindsey Heaps s&rsquo;est notamment distingu\u00e9e en finale du championnat. Face au <strong>PSG<\/strong> (<a href=\"https:\/\/www.olympique-et-lyonnais.com\/lol-prend-le-meilleur-sur-le-psg-et-finit-champion-pour-la-18e-fois,362036.html\" target=\"_blank\" rel=\"noopener\">3-0<\/a>), elle a effectu\u00e9 une passe d\u00e9cisive pour sa co\u00e9quipi\u00e8re <strong>Melchie Dumornay<\/strong>. Mais l\u2019ancienne <strong>Parisienne<\/strong> (2012-2016) verra pourtant bon nombre de ses partenaires quitter le club cet \u00e9t\u00e9, au <a href=\"https:\/\/www.olympique-et-lyonnais.com\/mercato-lol-feminin-ne-prolongera-aucune-joueuse-en-fin-de-contrat-cet-ete,361995.html\" target=\"_blank\" rel=\"noopener\">terme de leur contrat<\/a>. \u00c0 l\u2019inverse, il lui reste quant \u00e0 elle une ann\u00e9e \u00e0 honorer. Sans qu\u2019il n\u2019y ait, pour l\u2019instant, de signe d\u2019une \u00e9ventuelle prolongation.<\/p>\n","protected":false},"excerpt":{"rendered":"Lindsey Horan avec les Etats-Unis face \u00e0 l\u2019Allemagne (Photo by Eric Espada \/ GETTY IMAGES NORTH AMERICA \/&hellip;\n","protected":false},"author":2,"featured_media":121740,"comment_status":"","ping_status":"","sticky":false,"template":"","format":"standard","meta":{"footnotes":""},"categories":[1589],"tags":[11,73,1866,12,241,242,1864,1865,1863,308],"class_list":{"0":"post-121739","1":"post","2":"type-post","3":"status-publish","4":"format-standard","5":"has-post-thumbnail","7":"category-etats-unis","8":"tag-actualites","9":"tag-etats-unis","10":"tag-etats-unis-damerique","11":"tag-news","12":"tag-ol","13":"tag-ol-feminin","14":"tag-united-states","15":"tag-united-states-of-america","16":"tag-us","17":"tag-usa"},"share_on_mastodon":{"url":"https:\/\/pubeurope.com\/@fr\/114556690978318264","error":""},"_links":{"self":[{"href":"https:\/\/www.europesays.com\/fr\/wp-json\/wp\/v2\/posts\/121739","targetHints":{"allow":["GET"]}}],"collection":[{"href":"https:\/\/www.europesays.com\/fr\/wp-json\/wp\/v2\/posts"}],"about":[{"href":"https:\/\/www.europesays.com\/fr\/wp-json\/wp\/v2\/types\/post"}],"author":[{"embeddable":true,"href":"https:\/\/www.europesays.com\/fr\/wp-json\/wp\/v2\/users\/2"}],"replies":[{"embeddable":true,"href":"https:\/\/www.europesays.com\/fr\/wp-json\/wp\/v2\/comments?post=121739"}],"version-history":[{"count":0,"href":"https:\/\/www.europesays.com\/fr\/wp-json\/wp\/v2\/posts\/121739\/revisions"}],"wp:featuredmedia":[{"embeddable":true,"href":"https:\/\/www.europesays.com\/fr\/wp-json\/wp\/v2\/media\/121740"}],"wp:attachment":[{"href":"https:\/\/www.europesays.com\/fr\/wp-json\/wp\/v2\/media?parent=121739"}],"wp:term":[{"taxonomy":"category","embeddable":true,"href":"https:\/\/www.europesays.com\/fr\/wp-json\/wp\/v2\/categories?post=121739"},{"taxonomy":"post_tag","embeddable":true,"href":"https:\/\/www.europesays.com\/fr\/wp-json\/wp\/v2\/tags?post=121739"}],"curies":[{"name":"wp","href":"https:\/\/api.w.org\/{rel}","templated":true}]}}