{"id":121743,"date":"2025-05-23T10:33:13","date_gmt":"2025-05-23T10:33:13","guid":{"rendered":"https:\/\/www.europesays.com\/fr\/121743\/"},"modified":"2025-05-23T10:33:13","modified_gmt":"2025-05-23T10:33:13","slug":"allemagne-une-cinquantaine-de-serpents-et-batraciens-venimeux-decouverts-par-la-police-du-bade-wurtemberg","status":"publish","type":"post","link":"https:\/\/www.europesays.com\/fr\/121743\/","title":{"rendered":"Allemagne. Une cinquantaine de serpents et batraciens venimeux d\u00e9couverts par la police du Bade-Wurtemberg"},"content":{"rendered":"<p>\u00a0C&rsquo;est ainsi que mi avril, la police a trouv\u00e9 dans la voiture d&rsquo;un Ukrainien, 47 reptiles, batraciens et insecte hautement venimeux.<br \/><a href=\"https:\/\/www.presseportal.de\/blaulicht\/pm\/121262\/6040651\" target=\"_blank\" rel=\"noopener\">La d\u00e9couverte a \u00e9t\u00e9 faite lors d&rsquo;un contr\u00f4le<\/a> \u00e0 la fronti\u00e8re germano-suisse \u00e0 Bietingen. Les animaux \u00e9taient dissimul\u00e9s dans des bo\u00eetes en plastique ferm\u00e9es avec du scotch fort et sur certaines bo\u00eetes figurait la mention \u00ab\u00a0venimeux\u00a0\u00bb. Ces bo\u00eetes \u00e9taient contenues dans des valises.<\/p>\n<p>  Des esp\u00e8ces menac\u00e9es<\/p>\n<p>Les policiers ont comptabilis\u00e9 seize serpents dont des cobra, des crotales et des vip\u00e8res mexicaines. \u00ab\u00a0Sans administration imm\u00e9diate d&rsquo;un anti poison, une seule morsure de ces serpents peut s&rsquo;av\u00e9rer mortelle\u00a0\u00bb, indique Sonja M\u00fcller, porte parole du bureau des douanes de Singen. Outre ces serpents, les policiers ont \u00e9galement saisi des araign\u00e9es, des batraciens et des insectes. Au moins huit esp\u00e8ces d&rsquo;animaux transport\u00e9s par cet Ukrainien \u00e2g\u00e9 de 36 ans se trouvent sous haute protection puisque figurant dans la liste des esp\u00e8ces menac\u00e9es d\u00e9finies par la convention de Washington.<\/p>\n<p>L&rsquo;Ukrainien n&rsquo;a pas pu pr\u00e9senter des documents l&rsquo;autorisant \u00e0 transporter de tels esp\u00e8ces. Les animaux ont \u00e9t\u00e9 pris en charge par un service v\u00e9t\u00e9rinaire. Les douanes de Stuttgart m\u00e8nent l&rsquo;enqu\u00eate.<\/p>\n","protected":false},"excerpt":{"rendered":"\u00a0C&rsquo;est ainsi que mi avril, la police a trouv\u00e9 dans la voiture d&rsquo;un Ukrainien, 47 reptiles, batraciens et&hellip;\n","protected":false},"author":2,"featured_media":121744,"comment_status":"","ping_status":"","sticky":false,"template":"","format":"standard","meta":{"footnotes":""},"categories":[1587],"tags":[11,672,1804,1805,1803,1777,674,274,107,329,1801,1757,12,1802,1806],"class_list":{"0":"post-121743","1":"post","2":"type-post","3":"status-publish","4":"format-standard","5":"has-post-thumbnail","7":"category-allemagne","8":"tag-actualites","9":"tag-allemagne","10":"tag-bundesrepublik-deutschland","11":"tag-de","12":"tag-deutschland","13":"tag-eu","14":"tag-europe","15":"tag-faits-divers-justice","16":"tag-fil-info","17":"tag-france-monde","18":"tag-germany","19":"tag-insolite","20":"tag-news","21":"tag-republique-federale-dallemagne","22":"tag-rheinblick"},"share_on_mastodon":{"url":"https:\/\/pubeurope.com\/@fr\/114556698843282191","error":""},"_links":{"self":[{"href":"https:\/\/www.europesays.com\/fr\/wp-json\/wp\/v2\/posts\/121743","targetHints":{"allow":["GET"]}}],"collection":[{"href":"https:\/\/www.europesays.com\/fr\/wp-json\/wp\/v2\/posts"}],"about":[{"href":"https:\/\/www.europesays.com\/fr\/wp-json\/wp\/v2\/types\/post"}],"author":[{"embeddable":true,"href":"https:\/\/www.europesays.com\/fr\/wp-json\/wp\/v2\/users\/2"}],"replies":[{"embeddable":true,"href":"https:\/\/www.europesays.com\/fr\/wp-json\/wp\/v2\/comments?post=121743"}],"version-history":[{"count":0,"href":"https:\/\/www.europesays.com\/fr\/wp-json\/wp\/v2\/posts\/121743\/revisions"}],"wp:featuredmedia":[{"embeddable":true,"href":"https:\/\/www.europesays.com\/fr\/wp-json\/wp\/v2\/media\/121744"}],"wp:attachment":[{"href":"https:\/\/www.europesays.com\/fr\/wp-json\/wp\/v2\/media?parent=121743"}],"wp:term":[{"taxonomy":"category","embeddable":true,"href":"https:\/\/www.europesays.com\/fr\/wp-json\/wp\/v2\/categories?post=121743"},{"taxonomy":"post_tag","embeddable":true,"href":"https:\/\/www.europesays.com\/fr\/wp-json\/wp\/v2\/tags?post=121743"}],"curies":[{"name":"wp","href":"https:\/\/api.w.org\/{rel}","templated":true}]}}