{"id":121745,"date":"2025-05-23T10:34:10","date_gmt":"2025-05-23T10:34:10","guid":{"rendered":"https:\/\/www.europesays.com\/fr\/121745\/"},"modified":"2025-05-23T10:34:10","modified_gmt":"2025-05-23T10:34:10","slug":"leurope-en-ordre-disperse-detente-sur-le-marche-obligataire-americain-23-05-2025-a-1211","status":"publish","type":"post","link":"https:\/\/www.europesays.com\/fr\/121745\/","title":{"rendered":"L&rsquo;Europe en ordre dispers\u00e9, d\u00e9tente sur le march\u00e9 obligataire am\u00e9ricain &#8211; 23\/05\/2025 \u00e0 12:11"},"content":{"rendered":"<p>\n (AOF) &#8211; Les march\u00e9s europ\u00e9ens \u00e9voluent en ordre dispers\u00e9. Apr\u00e8s leur forte hausse r\u00e9cente, les taux am\u00e9ricains poursuivent leur repli : le 10 ans perd 3 points de base \u00e0 4,526%. Le projet de loi sur les baisses d&rsquo;imp\u00f4ts et les coupes budg\u00e9taires, voulu par Donald Trump, est d\u00e9sormais \u00e0 l&rsquo;\u00e9tude au S\u00e9nat. Le texte pr\u00e9voit l&rsquo;extension de gigantesques cr\u00e9dits d&rsquo;imp\u00f4t et il pourrait alourdir davantage la dette am\u00e9ricaine. C\u00f4t\u00e9 valeurs, Michelin progresse au sein du CAC 40 gr\u00e2ce \u00e0 la recommandation positive de Jefferies. Vers 12h, le CAC 40 perd 0,32% \u00e0 7839 points et le Dax gagne 0,21% \u00e0 24049 points.\n<\/p>\n<p>\n En Europe, alors que la Consob, le gendarme boursier italien, a suspendu pendant 30 jours l&rsquo;offre de rachat d&rsquo;UniCredit sur Banco BPM, la premi\u00e8re va faire appel devant la justice des conditions impos\u00e9es par le gouvernement italien pour approuver cette op\u00e9ration. A la Bourse de Milan, l&rsquo;action<br \/>\n <strong><br \/>\n  UniCredit<br \/>\n <\/strong><br \/>\n perd 0,14% \u00e0 57,18 euros tandis que le titre Banco BPM progresse de 0,15% \u00e0 10,03 euros. Pr\u00e9sent\u00e9e en novembre, l&rsquo;offre de rachat d&rsquo;UniCredit avait suscit\u00e9 une lev\u00e9e de boucliers de la part du gouvernement italien.\n<\/p>\n<p>\n A Paris,<br \/>\n <strong><br \/>\n  Laurent-Perrier<br \/>\n <\/strong><br \/>\n perd 0,82% \u00e0 97,20 euros apr\u00e8s l&rsquo;annonce d&rsquo;un net repli de ses r\u00e9sultats annuels sur l&rsquo;exercice 2024\/2025, clos fin mars, dans un contexte de ralentissement du march\u00e9 du champagne. Confront\u00e9 \u00e0 une baisse des volumes et \u00e0 un \u00e0 effet prix\/mix n\u00e9gatif, la maison de Champagne a enregistr\u00e9 un r\u00e9sultat op\u00e9rationnel de 74,4 millions d&rsquo;euros, en retrait de 21,8% et une marge op\u00e9rationnelle de 26,3%, en baisse de 5 points sur un an. Le b\u00e9n\u00e9fice net a aussi fortement diminu\u00e9 : 25,4% \u00e0 47,4 millions d&rsquo;euros.\n<\/p>\n<p>\n Le titre<br \/>\n <strong><br \/>\n  Michelin<br \/>\n <\/strong><br \/>\n (+1,25%, \u00e0 33,89 euros) se distingue parmi les plus fortes hausses du CAC 40 gr\u00e2ce \u00e0 la recommandation positive de Jefferies qui est pass\u00e9 de Conserver \u00e0 Acheter sur l&rsquo;action du groupe clermontois. Il affiche un objectif de cours de 43 euros, soit un potentiel de hausse d&rsquo;environ 28 %. En revanche, Continental a \u00e9t\u00e9 d\u00e9grad\u00e9 d&rsquo;Acheter \u00e0 Conserver avec une cible de 80 euros, tandis que l&rsquo;avis des analystes sur Pirelli n&rsquo;a pas boug\u00e9. Ils sont rest\u00e9s \u00e0 Acheter sur l&rsquo;Italien et visent 7,40 euros sur le titre.\n<\/p>\n<p>\n <strong><br \/>\n  Les chiffres macro\u00e9conomiques<br \/>\n <\/strong>\n<\/p>\n<p>\n Le PIB a augment\u00e9 de 0,4% en Allemagne au premier trimestre 2025 par rapport au quatri\u00e8me trimestre 2024, selon l&rsquo;Office f\u00e9d\u00e9ral de la statistique (Destatis). La croissance \u00e9conomique est sup\u00e9rieure de 0,2 point de pourcentage \u00e0 l&rsquo;estimation du 30 avril 2025. Les \u00e9conomistes s&rsquo;attendaient \u00e0 ce que cette estimation soit confirm\u00e9e. \u00a0\u00bb La croissance a \u00e9t\u00e9 l\u00e9g\u00e8rement plus \u00e9lev\u00e9e que pr\u00e9vu dans la premi\u00e8re estimation en raison de l&rsquo;\u00e9volution \u00e9conomique \u00e9tonnamment bonne observ\u00e9e en mars \u00ab\u00a0, a d\u00e9clar\u00e9 Ruth Brand, pr\u00e9sidente de l&rsquo;Office f\u00e9d\u00e9ral de la statistique.\n<\/p>\n<p>\n La confiance des m\u00e9nages fran\u00e7ais s&rsquo;est d\u00e9grad\u00e9e en mai, a annonc\u00e9 l&rsquo;Insee. \u00c0 88, l&rsquo;indicateur qui la synth\u00e9tise a perdu trois points et s&rsquo;\u00e9loigne de sa moyenne de longue p\u00e9riode (100 entre janvier 1987 et d\u00e9cembre 2024). Il \u00e9tait attendu en am\u00e9lioration \u00e0 93. \u00a0\u00bb La quasi-totalit\u00e9 des soldes contribue n\u00e9gativement \u00e0 l&rsquo;\u00e9volution de la confiance des m\u00e9nages \u00ab\u00a0, pr\u00e9cise l&rsquo;institut de statistique.\n<\/p>\n<p>\n Vers 12h, l&rsquo;euro gagne 0,55% \u00e0 1,1347 dollar.<\/p>\n","protected":false},"excerpt":{"rendered":"(AOF) &#8211; Les march\u00e9s europ\u00e9ens \u00e9voluent en ordre dispers\u00e9. Apr\u00e8s leur forte hausse r\u00e9cente, les taux am\u00e9ricains poursuivent&hellip;\n","protected":false},"author":2,"featured_media":17400,"comment_status":"","ping_status":"","sticky":false,"template":"","format":"standard","meta":{"footnotes":""},"categories":[1586],"tags":[400,11,398,408,405,1777,674,1011,27,403,402,399,404,12,25,401,406,407],"class_list":{"0":"post-121745","1":"post","2":"type-post","3":"status-publish","4":"format-standard","5":"has-post-thumbnail","7":"category-europe","8":"tag-action-cac-40","9":"tag-actualites","10":"tag-bourse-de-paris","11":"tag-boursorama","12":"tag-cotations","13":"tag-eu","14":"tag-europe","15":"tag-fr","16":"tag-france","17":"tag-indices-devises","18":"tag-investir","19":"tag-investissement","20":"tag-marche-boursier","21":"tag-news","22":"tag-republique-francaise","23":"tag-sicav","24":"tag-trackers","25":"tag-warrants"},"share_on_mastodon":{"url":"https:\/\/pubeurope.com\/@fr\/114556702856533015","error":""},"_links":{"self":[{"href":"https:\/\/www.europesays.com\/fr\/wp-json\/wp\/v2\/posts\/121745","targetHints":{"allow":["GET"]}}],"collection":[{"href":"https:\/\/www.europesays.com\/fr\/wp-json\/wp\/v2\/posts"}],"about":[{"href":"https:\/\/www.europesays.com\/fr\/wp-json\/wp\/v2\/types\/post"}],"author":[{"embeddable":true,"href":"https:\/\/www.europesays.com\/fr\/wp-json\/wp\/v2\/users\/2"}],"replies":[{"embeddable":true,"href":"https:\/\/www.europesays.com\/fr\/wp-json\/wp\/v2\/comments?post=121745"}],"version-history":[{"count":0,"href":"https:\/\/www.europesays.com\/fr\/wp-json\/wp\/v2\/posts\/121745\/revisions"}],"wp:featuredmedia":[{"embeddable":true,"href":"https:\/\/www.europesays.com\/fr\/wp-json\/wp\/v2\/media\/17400"}],"wp:attachment":[{"href":"https:\/\/www.europesays.com\/fr\/wp-json\/wp\/v2\/media?parent=121745"}],"wp:term":[{"taxonomy":"category","embeddable":true,"href":"https:\/\/www.europesays.com\/fr\/wp-json\/wp\/v2\/categories?post=121745"},{"taxonomy":"post_tag","embeddable":true,"href":"https:\/\/www.europesays.com\/fr\/wp-json\/wp\/v2\/tags?post=121745"}],"curies":[{"name":"wp","href":"https:\/\/api.w.org\/{rel}","templated":true}]}}