{"id":121748,"date":"2025-05-23T10:36:14","date_gmt":"2025-05-23T10:36:14","guid":{"rendered":"https:\/\/www.europesays.com\/fr\/121748\/"},"modified":"2025-05-23T10:36:14","modified_gmt":"2025-05-23T10:36:14","slug":"ce-que-lon-sait-de-laltercation-domar-sy-avec-des-agents-de-la-sncf","status":"publish","type":"post","link":"https:\/\/www.europesays.com\/fr\/121748\/","title":{"rendered":"ce que l&rsquo;on sait de l&rsquo;altercation d&rsquo;Omar Sy avec des agents de la SNCF"},"content":{"rendered":"<p class=\"article-p mdl\">Il est l&rsquo;une des personnalit\u00e9s fran\u00e7aises pr\u00e9f\u00e9r\u00e9es depuis des ann\u00e9es mais Omar Sy est accus\u00e9 de comportements violents par des agents de la SNCF.\u00a0D&rsquo;apr\u00e8s eux,<strong> l&rsquo;acteur a refus\u00e9 de museler son chien Gare de Lyon<\/strong>\u00a0ce jeudi 22 mai avant de prendre le train pour Avignon et s&rsquo;est montr\u00e9 mena\u00e7ant.<\/p>\n<p class=\"article-p mdl\">Le ton est d&rsquo;abord mont\u00e9 \u00e0 7h du matin sur le quai du train.\u00a0<a class=\"link\" href=\"https:\/\/www.rtl.fr\/actu\/justice-faits-divers\/omar-sy-accuse-de-menaces-de-mort-et-outrages-sur-des-agents-sncf-des-poursuites-vont-etre-engagees-7900507916\" rel=\"nofollow noopener\" target=\"_blank\">Omar Sy\u00a0<\/a>se pr\u00e9sente avec son billet et son chien, un staff am\u00e9ricain, qui doit \u00eatre normalement musel\u00e9. Un contr\u00f4leur lui fait remarquer mais l&rsquo;acteur dit ne pas avoir sur lui de museli\u00e8re et est<strong> \u00ab\u00a0tr\u00e8s agressif\u00a0\u00bb <\/strong>avant de monter dans le train selon nos informations.<\/p>\n<p class=\"article-p mdl\">Les contr\u00f4leurs le retrouvent ensuite au niveau du wagon-bar et la tension monte \u00e0 nouveau, <strong>au point de se confronter t\u00eate contre t\u00eate avec les agents de la SNCF<\/strong>, d&rsquo;apr\u00e8s eux.<\/p>\n<p class=\"article-p mdl\">L&rsquo;acteur prof\u00e8re m\u00eame des <strong>menaces physiques<\/strong> et devra ensuite \u00eatre escort\u00e9 \u00e0 sa sortie \u00e0 Avignon, o\u00f9 il se rendait \u00e0 un d\u00e9fil\u00e9 Louis Vuitton au palais des papes, par un \u00e9quipage de la BAC.<\/p>\n<p>            Les contr\u00f4leurs \u00ab\u00a0choqu\u00e9s\u00a0\u00bb pourraient d\u00e9poser plainte<\/p>\n<p class=\"article-p mdl\">\u00ab\u00a0C&rsquo;est compliqu\u00e9 pour des contr\u00f4leurs de se dire que parce qu&rsquo;on est connu, on peut transiger les r\u00e8gles.<strong> Ils sont choqu\u00e9s de l&rsquo;attitude agressive d&rsquo;Omar Sy, tr\u00e8s agressive<\/strong>. Leur responsable \u00e9tait sur le train et est intervenu\u00a0\u00bb, explique \u00e0 RTL St\u00e9phane Crespin, secr\u00e9taire r\u00e9gional du syndicat UNSA, qui a eu ses coll\u00e8gues contr\u00f4leurs au t\u00e9l\u00e9phone.<\/p>\n<p class=\"article-p mdl\">Ces derniers ont le \u00ab\u00a0soutien de l&rsquo;entreprise pour pouvoir aller d\u00e9poser plainte\u00a0\u00bb, confirme-t-il.\u00a0Les agents ont port\u00e9 plainte \u00e0 leur arriv\u00e9e \u00e0 Marseille, a indiqu\u00e9\u00a0<a class=\"link\" href=\"https:\/\/www.leparisien.fr\/faits-divers\/insultes-et-menaces-de-mort-omar-sy-sen-prend-a-des-agents-sncf-qui-veulent-museler-son-chien-en-gare-de-lyon-22-05-2025-2ESVRVSM6FF43LDFDPB4IRLYUU.php\" target=\"_blank\" rel=\"nofollow noopener\">Le Parisien<\/a>.<\/p>\n<p>    La r\u00e9daction vous recommande<\/p>\n<p class=\"s-newsletter__title\">\n                L\u2019actualit\u00e9 par la r\u00e9daction de RTL dans votre bo\u00eete mail.\n            <\/p>\n<p class=\"s-newsletter__subtitle\">\n                Gr\u00e2ce \u00e0 votre compte RTL abonnez-vous \u00e0 la newsletter RTL info pour suivre toute l&rsquo;actualit\u00e9 au quotidien\n            <\/p>\n<p>\n                                    Lire la suite\n                                <\/p>\n","protected":false},"excerpt":{"rendered":"Il est l&rsquo;une des personnalit\u00e9s fran\u00e7aises pr\u00e9f\u00e9r\u00e9es depuis des ann\u00e9es mais Omar Sy est accus\u00e9 de comportements violents&hellip;\n","protected":false},"author":2,"featured_media":121749,"comment_status":"","ping_status":"","sticky":false,"template":"","format":"standard","meta":{"footnotes":""},"categories":[2],"tags":[11,107,1011,27,2824,12,18580,1072,25,2215],"class_list":{"0":"post-121748","1":"post","2":"type-post","3":"status-publish","4":"format-standard","5":"has-post-thumbnail","7":"category-actualites","8":"tag-actualites","9":"tag-fil-info","10":"tag-fr","11":"tag-france","12":"tag-menaces","13":"tag-news","14":"tag-omar-sy","15":"tag-police","16":"tag-republique-francaise","17":"tag-sncf"},"share_on_mastodon":{"url":"https:\/\/pubeurope.com\/@fr\/114556710798905168","error":""},"_links":{"self":[{"href":"https:\/\/www.europesays.com\/fr\/wp-json\/wp\/v2\/posts\/121748","targetHints":{"allow":["GET"]}}],"collection":[{"href":"https:\/\/www.europesays.com\/fr\/wp-json\/wp\/v2\/posts"}],"about":[{"href":"https:\/\/www.europesays.com\/fr\/wp-json\/wp\/v2\/types\/post"}],"author":[{"embeddable":true,"href":"https:\/\/www.europesays.com\/fr\/wp-json\/wp\/v2\/users\/2"}],"replies":[{"embeddable":true,"href":"https:\/\/www.europesays.com\/fr\/wp-json\/wp\/v2\/comments?post=121748"}],"version-history":[{"count":0,"href":"https:\/\/www.europesays.com\/fr\/wp-json\/wp\/v2\/posts\/121748\/revisions"}],"wp:featuredmedia":[{"embeddable":true,"href":"https:\/\/www.europesays.com\/fr\/wp-json\/wp\/v2\/media\/121749"}],"wp:attachment":[{"href":"https:\/\/www.europesays.com\/fr\/wp-json\/wp\/v2\/media?parent=121748"}],"wp:term":[{"taxonomy":"category","embeddable":true,"href":"https:\/\/www.europesays.com\/fr\/wp-json\/wp\/v2\/categories?post=121748"},{"taxonomy":"post_tag","embeddable":true,"href":"https:\/\/www.europesays.com\/fr\/wp-json\/wp\/v2\/tags?post=121748"}],"curies":[{"name":"wp","href":"https:\/\/api.w.org\/{rel}","templated":true}]}}