{"id":121750,"date":"2025-05-23T10:37:08","date_gmt":"2025-05-23T10:37:08","guid":{"rendered":"https:\/\/www.europesays.com\/fr\/121750\/"},"modified":"2025-05-23T10:37:08","modified_gmt":"2025-05-23T10:37:08","slug":"enleves-par-leur-pere-deux-enfants-de-8-et-10-ans-retrouves-noyes-dans-une-voiture","status":"publish","type":"post","link":"https:\/\/www.europesays.com\/fr\/121750\/","title":{"rendered":"Enlev\u00e9s par leur p\u00e8re, deux enfants de 8 et 10 ans retrouv\u00e9s noy\u00e9s dans une voiture"},"content":{"rendered":"<p>L\u2019affaire \u00e9meut particuli\u00e8rement les <a href=\"https:\/\/www.20minutes.fr\/monde\/pays-bas\/\" class=\"color-ultramarine c-link\" target=\"_blank\" rel=\"noopener\">Pays-Bas<\/a>. Depuis samedi, deux <a href=\"https:\/\/www.20minutes.fr\/dossier\/enfant\" class=\"color-ultramarine c-link\" target=\"_blank\" rel=\"noopener\">enfants<\/a> de 8 et 10 ans \u00e9taient activement recherch\u00e9s. Jeffrey et sa s\u0153ur Emma avaient \u00e9t\u00e9 enlev\u00e9s par leur p\u00e8re dans une salle de jeux, dans le nord du pays.<\/p>\n<p>Trois jours plus tard, dans la nuit de mardi \u00e0 mercredi, ils ont \u00e9t\u00e9 retrouv\u00e9s. Les trois corps \u00e9taient immerg\u00e9s dans une voiture pr\u00e8s de Winschoten. Soit toujours aux Pays-Bas, alors que les enqu\u00eateurs craignaient une fuite vers la <a href=\"https:\/\/www.20minutes.fr\/dossier\/belgique\" class=\"color-ultramarine c-link\" target=\"_blank\" rel=\"noopener\">Belgique<\/a> ou la France.<\/p>\n<p>Une cagnotte pour les fun\u00e9railles<\/p>\n<p>La <a href=\"https:\/\/www.20minutes.fr\/dossier\/police\" class=\"color-ultramarine c-link\" target=\"_blank\" rel=\"noopener\">police<\/a> a par ailleurs confirm\u00e9 qu\u2019elle s\u2019\u00e9tait rendue au domicile du p\u00e8re de Jeffrey et Emma la nuit pr\u00e9c\u00e9dant l\u2019enl\u00e8vement. Selon le quotidien Dagblad van het Noorden, la m\u00e8re des enfants avait appel\u00e9 les forces de l\u2019ordre car elle craignait une action de son ex-compagnon. Mais les policiers ne l\u2019avaient pas interpell\u00e9.<\/p>\n<p>Preuve de l\u2019\u00e9moi dans le pays, une campagne a permis de r\u00e9colter pr\u00e8s de 120.000 euros pour organiser les fun\u00e9railles des enfants.<\/p>\n","protected":false},"excerpt":{"rendered":"L\u2019affaire \u00e9meut particuli\u00e8rement les Pays-Bas. Depuis samedi, deux enfants de 8 et 10 ans \u00e9taient activement recherch\u00e9s. Jeffrey&hellip;\n","protected":false},"author":2,"featured_media":121751,"comment_status":"","ping_status":"","sticky":false,"template":"","format":"standard","meta":{"footnotes":""},"categories":[2],"tags":[47,11,828,847,2716,118,1011,27,3492,74,12,934,25],"class_list":{"0":"post-121750","1":"post","2":"type-post","3":"status-publish","4":"format-standard","5":"has-post-thumbnail","7":"category-actualites","8":"tag-actualite","9":"tag-actualites","10":"tag-belgique","11":"tag-enfant","12":"tag-enlevement","13":"tag-faits-divers","14":"tag-fr","15":"tag-france","16":"tag-infanticide","17":"tag-monde","18":"tag-news","19":"tag-pays-bas","20":"tag-republique-francaise"},"share_on_mastodon":{"url":"https:\/\/pubeurope.com\/@fr\/114556714549526552","error":""},"_links":{"self":[{"href":"https:\/\/www.europesays.com\/fr\/wp-json\/wp\/v2\/posts\/121750","targetHints":{"allow":["GET"]}}],"collection":[{"href":"https:\/\/www.europesays.com\/fr\/wp-json\/wp\/v2\/posts"}],"about":[{"href":"https:\/\/www.europesays.com\/fr\/wp-json\/wp\/v2\/types\/post"}],"author":[{"embeddable":true,"href":"https:\/\/www.europesays.com\/fr\/wp-json\/wp\/v2\/users\/2"}],"replies":[{"embeddable":true,"href":"https:\/\/www.europesays.com\/fr\/wp-json\/wp\/v2\/comments?post=121750"}],"version-history":[{"count":0,"href":"https:\/\/www.europesays.com\/fr\/wp-json\/wp\/v2\/posts\/121750\/revisions"}],"wp:featuredmedia":[{"embeddable":true,"href":"https:\/\/www.europesays.com\/fr\/wp-json\/wp\/v2\/media\/121751"}],"wp:attachment":[{"href":"https:\/\/www.europesays.com\/fr\/wp-json\/wp\/v2\/media?parent=121750"}],"wp:term":[{"taxonomy":"category","embeddable":true,"href":"https:\/\/www.europesays.com\/fr\/wp-json\/wp\/v2\/categories?post=121750"},{"taxonomy":"post_tag","embeddable":true,"href":"https:\/\/www.europesays.com\/fr\/wp-json\/wp\/v2\/tags?post=121750"}],"curies":[{"name":"wp","href":"https:\/\/api.w.org\/{rel}","templated":true}]}}