{"id":121754,"date":"2025-05-23T10:39:09","date_gmt":"2025-05-23T10:39:09","guid":{"rendered":"https:\/\/www.europesays.com\/fr\/121754\/"},"modified":"2025-05-23T10:39:09","modified_gmt":"2025-05-23T10:39:09","slug":"le-golf-de-beauvallon-a-grimaud-retrouve-son-trou-n1","status":"publish","type":"post","link":"https:\/\/www.europesays.com\/fr\/121754\/","title":{"rendered":"Le golf de Beauvallon \u00e0 Grimaud retrouve son trou n\u00b01"},"content":{"rendered":"<p>Le golf de Beauvallon a organis\u00e9, dimanche dernier, une comp\u00e9tition appel\u00e9e \u00ab\u00a0Coupe de l\u2019inauguration du trou N\u00b0 1\u00a0\u00bb. Cette \u00e9preuve a \u00e9t\u00e9 cr\u00e9\u00e9e pour c\u00e9l\u00e9brer la fin des travaux r\u00e9alis\u00e9s entre le mois de f\u00e9vrier et la fin du mois d\u2019avril afin de r\u00e9am\u00e9nager le d\u00e9part de ce parcours, comme il l\u2019\u00e9tait \u00e0 l\u2019origine.<\/p>\n<p>Pour rappel, le pr\u00e9sident de l\u2019\u00e9poque du golf grimaudois, Serge Brouant, \u00e9tait parti en guerre contre le Tennis club de Beauvallon. Les deux parties se sont retrouv\u00e9es devant le tribunal. Le golf avait perdu gros dans cette histoire, le tribunal lui ayant ordonn\u00e9 de lib\u00e9rer le b\u00e2timent qui faisait office de club house et qui accueillait aussi le pro-shop.<\/p>\n<p>\u00ab\u00a0Le d\u00e9part du trou N\u00b0 1 ainsi que le practice et le b\u00e2timent sont sur le terrain qui appartient au Tennis club\u00a0\u00bb, souligne Fran\u00e7ois Michel, pr\u00e9sident du golf de Beauvallon depuis 2019.<\/p>\n<p>Promoteurs \u00e0 l\u2019aff\u00fbt&#8230;<\/p>\n<p>Le dirigeant s\u2019est rapproch\u00e9 d\u2019Arnaud Deleval, pr\u00e9sident du Tennis club de Beauvallon: \u00ab\u00a0Nous nous sommes entendus sur le paiement d\u2019un loyer, c\u2019est suite \u00e0 cet accord que nous avons pu engager les travaux et surtout r\u00e9int\u00e9grer le b\u00e2timent, ce qui nous permet enfin d\u2019accueillir les golfeurs dans de bien meilleures conditions. Il aura fallu patienter pratiquement six ans!\u00a0\u00bb<\/p>\n<p>Du c\u00f4t\u00e9 du tennis, Arnaud Deleval se f\u00e9licite de ce d\u00e9nouement: \u00ab\u00a0C\u2019est effectivement une tr\u00e8s bonne chose, le pr\u00e9sident du golf, Fran\u00e7ois Michel, m\u2019a un jour contact\u00e9 avec la volont\u00e9 de renouer le dialogue. Nous avons r\u00e9ussi \u00e0 nous mettre d\u2019accord, je tiens \u00e0 pr\u00e9ciser que j\u2019ai \u00e9t\u00e9 tr\u00e8s sollicit\u00e9 pour ce terrain, notamment par des promoteurs. Je m\u2019\u00e9tais fix\u00e9 comme date butoir d\u00e9cembre 2024 pour donner une r\u00e9ponse. J\u2019ai patient\u00e9 plusieurs ann\u00e9es car ma priorit\u00e9 \u00e9tait de voir le golf se r\u00e9approprier le terrain et le b\u00e2timent. Le golf s\u2019est manifest\u00e9 quelques semaines avant la fin de l\u2019ann\u00e9e derni\u00e8re, nous avons d\u00e8s lors trouv\u00e9 ce terrain d\u2019entente qui satisfait les deux parties.\u00a0\u00bb<\/p>\n<p>50.000 euros de travaux<\/p>\n<p>Les travaux ont d\u00e9but\u00e9 en d\u00e9but d\u2019ann\u00e9e, l\u2019\u00e9tablissement a d\u00e9bours\u00e9 pour cela pr\u00e8s de 50.000 euros. Cette somme a \u00e9t\u00e9 n\u00e9cessaire pour refaire les peintures de l\u2019espace d\u2019accueil et la boutique, laiss\u00e9s \u00e0 l\u2019abandon mais aussi le r\u00e9am\u00e9nagement du trou N\u00b0 1 et du practice.<\/p>\n<p>La comp\u00e9tition de dimanche a donc tourn\u00e9 d\u00e9finitivement la page de cet \u00e9pisode ombrageux entre le tennis et le golf de Beauvallon. Le golf grimaudois c\u00e9l\u00e9brera l\u2019an prochain son centenaire, il compte \u00e0 ce jour 470 membres actionnaires. L\u2019\u00e9tablissement se porte tr\u00e8s bien avec ses 14 salari\u00e9s et son directeur, Thomas Bourgeon.<\/p>\n<p>\u00ab\u00a0Nous avons la chance d\u2019avoir une magnifique vue sur la mer, un joueur m\u2019a dit une fois qu\u2019il s\u2019\u00e9tait align\u00e9 sur un trois-m\u00e2ts qui avait jet\u00e9 l\u2019ancre pour jouer sa balle\u00a0\u00bb, se rem\u00e9more Fran\u00e7ois Michel. Les 80 golfeurs qui ont particip\u00e9 \u00e0 la \u00ab\u00a0Coupe de l\u2019inauguration\u00a0\u00bb sont tous ravis de voir le parcours au complet. \u00ab\u00a0Le personnel de l\u2019accueil, travaille de nouveau dans de bonnes conditions et le practice est praticable. On ne peut que s\u2019en r\u00e9jouir!\u00a0\u00bb, conclut le pr\u00e9sident.<\/p>\n","protected":false},"excerpt":{"rendered":"Le golf de Beauvallon a organis\u00e9, dimanche dernier, une comp\u00e9tition appel\u00e9e \u00ab\u00a0Coupe de l\u2019inauguration du trou N\u00b0 1\u00a0\u00bb.&hellip;\n","protected":false},"author":2,"featured_media":121755,"comment_status":"","ping_status":"","sticky":false,"template":"","format":"standard","meta":{"footnotes":""},"categories":[1418],"tags":[1011,27,1472,60,1352,1631],"class_list":{"0":"post-121754","1":"post","2":"type-post","3":"status-publish","4":"format-standard","5":"has-post-thumbnail","7":"category-golf","8":"tag-fr","9":"tag-france","10":"tag-golf","11":"tag-sports","12":"tag-urbanisme","13":"tag-vie-associative"},"share_on_mastodon":{"url":"https:\/\/pubeurope.com\/@fr\/114556722379557150","error":""},"_links":{"self":[{"href":"https:\/\/www.europesays.com\/fr\/wp-json\/wp\/v2\/posts\/121754","targetHints":{"allow":["GET"]}}],"collection":[{"href":"https:\/\/www.europesays.com\/fr\/wp-json\/wp\/v2\/posts"}],"about":[{"href":"https:\/\/www.europesays.com\/fr\/wp-json\/wp\/v2\/types\/post"}],"author":[{"embeddable":true,"href":"https:\/\/www.europesays.com\/fr\/wp-json\/wp\/v2\/users\/2"}],"replies":[{"embeddable":true,"href":"https:\/\/www.europesays.com\/fr\/wp-json\/wp\/v2\/comments?post=121754"}],"version-history":[{"count":0,"href":"https:\/\/www.europesays.com\/fr\/wp-json\/wp\/v2\/posts\/121754\/revisions"}],"wp:featuredmedia":[{"embeddable":true,"href":"https:\/\/www.europesays.com\/fr\/wp-json\/wp\/v2\/media\/121755"}],"wp:attachment":[{"href":"https:\/\/www.europesays.com\/fr\/wp-json\/wp\/v2\/media?parent=121754"}],"wp:term":[{"taxonomy":"category","embeddable":true,"href":"https:\/\/www.europesays.com\/fr\/wp-json\/wp\/v2\/categories?post=121754"},{"taxonomy":"post_tag","embeddable":true,"href":"https:\/\/www.europesays.com\/fr\/wp-json\/wp\/v2\/tags?post=121754"}],"curies":[{"name":"wp","href":"https:\/\/api.w.org\/{rel}","templated":true}]}}