{"id":121764,"date":"2025-05-23T10:46:09","date_gmt":"2025-05-23T10:46:09","guid":{"rendered":"https:\/\/www.europesays.com\/fr\/121764\/"},"modified":"2025-05-23T10:46:09","modified_gmt":"2025-05-23T10:46:09","slug":"apres-trois-mois-de-douleurs-theo-leveque-se-distingue-sur-la-ronde-de-lisard-actualite","status":"publish","type":"post","link":"https:\/\/www.europesays.com\/fr\/121764\/","title":{"rendered":"Apr\u00e8s trois mois de douleurs, Th\u00e9o Leveque se distingue sur la Ronde de l\u2019Isard &#8211; Actualit\u00e9"},"content":{"rendered":"<p style=\"text-align: justify;\">Il y a deux mois, il devait interrompre son entra\u00eenement au bout de dix minutes, perclus de douleurs, sans certitude de revenir un jour \u00e0 son meilleur niveau. Depuis mercredi, Th\u00e9o Leveque (Vend\u00e9e U) se distingue\u00a0sur la Ronde de l&rsquo;Isard, plac\u00e9 10e de la premi\u00e8re \u00e9tape mercredi \u00e0 Bagn\u00e8res-de-Bigorre et 6e \u00e0 l&rsquo;arriv\u00e9e en c\u00f4te jeudi \u00e0 Cauterets (Hautes-Pyr\u00e9n\u00e9es). Il pointe \u00e0 la 6e position du classement g\u00e9n\u00e9ral \u00e0 18 secondes du maillot jaune Jarno Widar (Lotto Development). \u201cUne tr\u00e8s bonne surprise\u201d, reconna\u00eet le coureur de 21 ans qui, donc, revient d&rsquo;une longue p\u00e9riode de doutes et de souffrances.<\/p>\n<p>\u201cJe me rappelle encore comment tout a commenc\u00e9, entame Th\u00e9o Leveque, pour DirectVelo. C&rsquo;\u00e9tait le 9 janvier, pendant un stage perso \u00e0 Calpe. Les premi\u00e8res douleurs sont apparues pendant une pause caf\u00e9 mais je me suis dit que \u00e7a allait passer. Le probl\u00e8me, c&rsquo;est que j&rsquo;ai fini sur une seule jambe et, le lendemain, je n&rsquo;arrivais m\u00eame plus \u00e0 monter les escaliers\u2026\u201d. Le premier examen \u00e0 l&rsquo;IRM permet de diagnostiquer une tendinite du biceps f\u00e9moral. Difficile d&rsquo;en situer l&rsquo;origine. \u201cLes m\u00e9decins ont mis du temps \u00e0 confirmer le diagnostic et moi, du temps \u00e0 revenir\u201d.<\/p>\n<p><strong>\u00ab UNE VITESSE LIMIT\u00c9E \u00c0 23 KM\/H \u00bb<\/strong><\/p>\n<p>Pendant trois mois, c&rsquo;est alors un m\u00e9lange de convalescence et de travail musculaire, d&rsquo;avanc\u00e9es microscopiques et d&rsquo;un sentiment p\u00e9nible de recul. Le coureur de Pornic (Loire-Atlantique), vainqueur du Troph\u00e9e de l&rsquo;Essor et 12e du Championnat de France Amateurs en 2024, doit rouler en \u00ab infra-douleur \u00bb. A la moindre g\u00eane, il fait demi-tour. \u201cParfois, je mettais plus de temps \u00e0 m&rsquo;habiller qu&rsquo;\u00e0 rouler sur mon v\u00e9lo, raconte-t-il. J&rsquo;avais du mal \u00e0 dire aux copains de venir avec moi, juste pour une sortie de dix \u00e0 trente minutes grand max, avec une vitesse limit\u00e9e \u00e0 23 km\/h\u2026\u201d.<\/p>\n<p>La suite des r\u00e9jouissances passe par un mois de repos complet et trois s\u00e9ances de bike-fitting, qui l&rsquo;aident \u00e0 d\u00e9terminer une nouvelle position sur sa machine. Dans l&rsquo;intervalle, Th\u00e9o Leveque raffermit son mental. \u201cJe savais que la douleur allait arriver, j&rsquo;ignorais juste \u00e0 quel moment. Je me levais le matin en esp\u00e9rant un miracle qui n&rsquo;arrivait pas. Heureusement, j&rsquo;\u00e9tais bien entour\u00e9 par ma famille, mes amis et mon \u00e9quipe\u201d.<\/p>\n<p><strong>UN RETOUR \u00c0 LI\u00c8GE ESPOIRS<\/strong><\/p>\n<p>Le coureur du Vend\u00e9e U est autoris\u00e9 \u00e0 reprendre la comp\u00e9tition le 19 avril, mais la tendinite se rappelle parfois \u00e0 son mauvais souvenir. Pour sa reprise, il abandonne Li\u00e8ge-Bastogne-Li\u00e8ge Espoirs et la Fl\u00e8che Ardennaise, puis se classe 13e de Prix Manu Cruaud \u00e0 Louisfert (Loire-Atlantique). Mi-mai, il d\u00e9cide de partir dix jours pour un camp d&rsquo;entra\u00eenement, autour de Chamb\u00e9ry. Cette fois, il sent ses jambes au mieux.<\/p>\n<p>La Ronde de l&rsquo;Isard constitue sa quatri\u00e8me \u00e9preuve de la saison seulement. Mais \u00e9galement l&rsquo;une de ses premi\u00e8res exp\u00e9riences en haute montagne, hormis le Tour du Pi\u00e9mont pyr\u00e9n\u00e9en qu&rsquo;il avait exp\u00e9riment\u00e9 la saison pass\u00e9e sous le maillot de Dinan Sport Cycling, mais malade. C&rsquo;est dire son contentement de tenir la roue d&rsquo;un Jarno Widar cette semaine. \u201cJ&rsquo;\u00e9tais tr\u00e8s heureux de suivre le rythme le premier jour, explique Th\u00e9o Leveque. Dans la deuxi\u00e8me \u00e9tape, tous les gars de l&rsquo;\u00e9quipe ont fait un travail magnifique pour moi. Je ne pouvais pas me louper\u201d. D&rsquo;ici l&rsquo;arriv\u00e9e finale dimanche, le n\u00e9o-grimpeur du Vend\u00e9e U entend conserver sa 6e place, \u201cvoire faire mieux, si c&rsquo;est possible\u201d.<\/p>\n<p>Cette tendinite coriace lui a fait manquer la premi\u00e8re partie de saison et quelques objectifs, mais, au fond, elle lui a permis d&rsquo;envisager les choses autrement. \u201cFinalement, \u00e7a fait partie de l&rsquo;apprentissage du sport\u201d, conclut Th\u00e9o Leveque.<\/p>\n","protected":false},"excerpt":{"rendered":"Il y a deux mois, il devait interrompre son entra\u00eenement au bout de dix minutes, perclus de douleurs,&hellip;\n","protected":false},"author":2,"featured_media":121765,"comment_status":"","ping_status":"","sticky":false,"template":"","format":"standard","meta":{"footnotes":""},"categories":[1411],"tags":[834,828,836,829,837,827,83,826,824,823,1154,207,814,817,815,816,822,821,832,211,839,1011,27,820,818,819,835,831,830,833,838,60,212,208,825],"class_list":{"0":"post-121764","1":"post","2":"type-post","3":"status-publish","4":"format-standard","5":"has-post-thumbnail","7":"category-cyclisme","8":"tag-attaque","9":"tag-belgique","10":"tag-braquet","11":"tag-bretagne","12":"tag-chute","13":"tag-competition","14":"tag-coupe-de-france","15":"tag-coureur","16":"tag-course-cyclisme","17":"tag-course-cycliste","18":"tag-cycling","19":"tag-cyclisme","20":"tag-direct","21":"tag-direct-velo","22":"tag-directvelo","23":"tag-directvelo-com","24":"tag-epreuve","25":"tag-epreuve-cycliste","26":"tag-federation-francaise-de-cyclisme","27":"tag-ffc","28":"tag-flandres","29":"tag-fr","30":"tag-france","31":"tag-live","32":"tag-live-course","33":"tag-live-epreuve","34":"tag-peloton","35":"tag-radio-peloton","36":"tag-radio-tour","37":"tag-ravitaillement","38":"tag-relance","39":"tag-sports","40":"tag-uci","41":"tag-velo","42":"tag-velos"},"share_on_mastodon":{"url":"https:\/\/pubeurope.com\/@fr\/114556749994525301","error":""},"_links":{"self":[{"href":"https:\/\/www.europesays.com\/fr\/wp-json\/wp\/v2\/posts\/121764","targetHints":{"allow":["GET"]}}],"collection":[{"href":"https:\/\/www.europesays.com\/fr\/wp-json\/wp\/v2\/posts"}],"about":[{"href":"https:\/\/www.europesays.com\/fr\/wp-json\/wp\/v2\/types\/post"}],"author":[{"embeddable":true,"href":"https:\/\/www.europesays.com\/fr\/wp-json\/wp\/v2\/users\/2"}],"replies":[{"embeddable":true,"href":"https:\/\/www.europesays.com\/fr\/wp-json\/wp\/v2\/comments?post=121764"}],"version-history":[{"count":0,"href":"https:\/\/www.europesays.com\/fr\/wp-json\/wp\/v2\/posts\/121764\/revisions"}],"wp:featuredmedia":[{"embeddable":true,"href":"https:\/\/www.europesays.com\/fr\/wp-json\/wp\/v2\/media\/121765"}],"wp:attachment":[{"href":"https:\/\/www.europesays.com\/fr\/wp-json\/wp\/v2\/media?parent=121764"}],"wp:term":[{"taxonomy":"category","embeddable":true,"href":"https:\/\/www.europesays.com\/fr\/wp-json\/wp\/v2\/categories?post=121764"},{"taxonomy":"post_tag","embeddable":true,"href":"https:\/\/www.europesays.com\/fr\/wp-json\/wp\/v2\/tags?post=121764"}],"curies":[{"name":"wp","href":"https:\/\/api.w.org\/{rel}","templated":true}]}}