{"id":121768,"date":"2025-05-23T10:48:08","date_gmt":"2025-05-23T10:48:08","guid":{"rendered":"https:\/\/www.europesays.com\/fr\/121768\/"},"modified":"2025-05-23T10:48:08","modified_gmt":"2025-05-23T10:48:08","slug":"avec-ma-compagne-on-part-marcher-longtemps-un-mois-avec-juste-un-sac","status":"publish","type":"post","link":"https:\/\/www.europesays.com\/fr\/121768\/","title":{"rendered":"\u00abAvec ma compagne, on part marcher longtemps, un mois, avec juste un sac\u00bb"},"content":{"rendered":"<p>\u00a0\u00bb<br \/>\n        data-script=\u00a0\u00bbhttps:\/\/static.lefigaro.fr\/widget-video\/short-ttl\/video\/index.js\u00a0\u00bb<br \/>\n    &gt;<\/p>\n<p>L\u2019acteur d\u2019En th\u00e9rapie est \u00e0 l\u2019affiche du film Les Musiciens r\u00e9alis\u00e9 par Gr\u00e9gory Magne, o\u00f9 il joue le r\u00f4le d\u2019un compositeur. Lors de l\u2019\u00e9mission \u00abConversations\u00bb, il \u00e9voque son rapport au cin\u00e9ma et \u00e0 la musique.<\/p>\n<p class=\"fig-paragraph\">Apr\u00e8s avoir s\u00e9duit le grand public dans le r\u00f4le du psy de la s\u00e9rie En th\u00e9rapie,<a href=\"https:\/\/madame.lefigaro.fr\/tag\/frederic-pierrot\" target=\"_blank\" rel=\"noopener nofollow\" data-gtm-custom-categorie=\"navigation\" data-gtm-custom-action=\"crossclick\" data-gtm-custom-label=\"Contextuel\" data-gtm-event=\"customEventSPE\">\u00a0Fr\u00e9d\u00e9ric Pierrot<\/a>\u00a0est \u00e0 nouveau irr\u00e9sistible dans Les Musiciens, film choral et musical de Gr\u00e9gory Magne. Il y interpr\u00e8te un compositeur taiseux et solitaire qu\u2019une h\u00e9riti\u00e8re sollicite pour cr\u00e9er l\u2019harmonie dans un quatuor de Stradivarius. Lors de l\u2019\u00e9mission \u00abConversations\u00bb, l\u2019acteur a expliqu\u00e9 \u00e0 Joseph Ghosn, directeur adjoint de la r\u00e9daction de Madame Figaro, ce qui l\u2019avait s\u00e9duit dans la proposition de Gr\u00e9gory Magne\u00a0: \u00abJe n\u2019ai pas dit par hasard, \u00e0 un moment donn\u00e9 du film, que la musique \u00e9tait pour moi une mani\u00e8re d\u2019\u00e9chapper aux pesanteurs du langage. Je trouve qu\u2019on est dans une p\u00e9riode extr\u00eamement d\u00e9licate sur le plan du langage. (&#8230;) Il y a quelque chose qui s\u2019est perdu. Il faut lire des beaux textes en ce moment. Des grands\u00a0<a href=\"https:\/\/madame.lefigaro.fr\/tag\/auteur\" target=\"_blank\" rel=\"noopener nofollow\" data-gtm-custom-categorie=\"navigation\" data-gtm-custom-action=\"crossclick\" data-gtm-custom-label=\"Contextuel\" data-gtm-event=\"customEventSPE\">auteurs<\/a>\u00bb.<\/p>\n<p class=\"fig-paragraph\">Pour entrer dans la peau de son personnage, il pr\u00e9cise s\u2019\u00eatre inspir\u00e9 d\u2019un grand musicien et compositeur, Jean Fran\u00e7aix, qu\u2019il rencontrait alors qu\u2019il \u00e9tait technicien sur les tournages\u00a0: \u00abJ\u2019\u00e9tais machiniste \u00e0 l\u2019\u00e9poque, et je faisais un travelling d\u2019un\u00a0<a href=\"https:\/\/madame.lefigaro.fr\/tag\/chef-d-orchestre\" target=\"_blank\" rel=\"noopener nofollow\" data-gtm-custom-categorie=\"navigation\" data-gtm-custom-action=\"crossclick\" data-gtm-custom-label=\"Contextuel\" data-gtm-event=\"customEventSPE\">orchestre\u00a0<\/a>de Jean-Claude Casadesus qui jouait Fran\u00e7aix. Et il \u00e9tait l\u00e0.\u00bb<\/p>\n<p>L\u00e2cher prise<\/p>\n<p class=\"fig-paragraph\">Et l\u2019acteur d\u2019\u00e9voquer aussi son approche du m\u00e9tier de com\u00e9dien lors de cette interview. \u00abUn film, c\u2019est un travail collectif. Et les sc\u00e8nes, c\u2019est quelque chose qu\u2019on invente collectivement. Il faut absolument, \u00e0 un moment donn\u00e9,\u00a0<a href=\"https:\/\/madame.lefigaro.fr\/bien-etre\/5-conseils-pour-arreter-de-se-laisser-devorer-par-le-perfectionni-110117-129057\" target=\"_blank\" data-fig-type=\"Article\" rel=\"noopener nofollow\" data-gtm-custom-categorie=\"navigation\" data-gtm-custom-action=\"crossclick\" data-gtm-custom-label=\"Contextuel\" data-gtm-event=\"customEventSPE\" data-fig-domain=\"MADAME\">l\u00e2cher prise<\/a>. On ne peut pas arriver avec une id\u00e9e certaine de ce qu\u2019il faut faire, ce n\u2019est pas vrai. Il faut que \u00e7a se fasse avec les autres. Et \u00e7a c\u2019est merveilleux.\u00bb L\u2019acteur qui a jou\u00e9 des r\u00f4les particuli\u00e8rement vari\u00e9s, notamment dans les films de Fran\u00e7ois Ozon,\u00a0<a href=\"https:\/\/madame.lefigaro.fr\/tag\/Agn%C3%A8s%20Jaoui\" target=\"_blank\" rel=\"noopener nofollow\" data-gtm-custom-categorie=\"navigation\" data-gtm-custom-action=\"crossclick\" data-gtm-custom-label=\"Contextuel\" data-gtm-event=\"customEventSPE\">Agn\u00e8s Jaoui<\/a>, Roschdy Zem ou Val\u00e9rie Donzelli, est \u00e9galement revenu sur leur impact sur sa personnalit\u00e9\u00a0: \u00abC\u2019est curieux parce qu\u2019on n\u2019est aucun des personnages que l\u2019on incarne. Et cependant, on l\u2019est tout de m\u00eame un peu, et on le reste ad vitam\u00bb. Et de compl\u00e9ter\u00a0: \u00abJe n\u2019ai pas fait la guerre d\u2019Espagne, mais j\u2019ai fait un\u00a0<a href=\"https:\/\/madame.lefigaro.fr\/tag\/film\" target=\"_blank\" rel=\"noopener nofollow\" data-gtm-custom-categorie=\"navigation\" data-gtm-custom-action=\"crossclick\" data-gtm-custom-label=\"Contextuel\" data-gtm-event=\"customEventSPE\">film<\/a>\u00a0dessus. (&#8230;) Et de temps en temps, quand j\u2019entends parler de la guerre d\u2019Espagne, je suis comme un v\u00e9t\u00e9ran qui l\u2019aurait faite.\u00bb Il d\u00e9voile aussi son secret pour r\u00e9sister au chaos du monde\u00a0: \u00abMarcher, longtemps. Avec ma compagne, on part un mois, avec juste un sac\u00bb.<\/p>\n<p class=\"fig-paragraph\">Un\u00a0<a href=\"https:\/\/madame.lefigaro.fr\/tag\/entretien\" target=\"_blank\" rel=\"noopener nofollow\" data-gtm-custom-categorie=\"navigation\" data-gtm-custom-action=\"crossclick\" data-gtm-custom-label=\"Contextuel\" data-gtm-event=\"customEventSPE\">entretien\u00a0<\/a>\u00e0 d\u00e9couvrir sur notre site.<\/p>\n","protected":false},"excerpt":{"rendered":"\u00a0\u00bb data-script=\u00a0\u00bbhttps:\/\/static.lefigaro.fr\/widget-video\/short-ttl\/video\/index.js\u00a0\u00bb &gt; L\u2019acteur d\u2019En th\u00e9rapie est \u00e0 l\u2019affiche du film Les Musiciens r\u00e9alis\u00e9 par Gr\u00e9gory Magne, o\u00f9&hellip;\n","protected":false},"author":2,"featured_media":121769,"comment_status":"","ping_status":"","sticky":false,"template":"","format":"standard","meta":{"footnotes":""},"categories":[1359],"tags":[253,12253,17422,11668,1000,1345,650,17426,58,59,1295,638,2081,17424,1011,27,977,873,973,17423,17425,6265],"class_list":{"0":"post-121768","1":"post","2":"type-post","3":"status-publish","4":"format-standard","5":"has-post-thumbnail","7":"category-people","8":"tag-acteur","9":"tag-acteurs","10":"tag-actualite-cinema","11":"tag-casting","12":"tag-celebrites","13":"tag-cine","14":"tag-cinema","15":"tag-critique-cinema","16":"tag-divertissement","17":"tag-entertainment","18":"tag-feminin","19":"tag-figaro","20":"tag-film","21":"tag-film-cinema","22":"tag-fr","23":"tag-france","24":"tag-madame","25":"tag-musique","26":"tag-people","27":"tag-programme-cinema","28":"tag-sortie-cinema","29":"tag-tournage"},"share_on_mastodon":{"url":"https:\/\/pubeurope.com\/@fr\/114556757905144101","error":""},"_links":{"self":[{"href":"https:\/\/www.europesays.com\/fr\/wp-json\/wp\/v2\/posts\/121768","targetHints":{"allow":["GET"]}}],"collection":[{"href":"https:\/\/www.europesays.com\/fr\/wp-json\/wp\/v2\/posts"}],"about":[{"href":"https:\/\/www.europesays.com\/fr\/wp-json\/wp\/v2\/types\/post"}],"author":[{"embeddable":true,"href":"https:\/\/www.europesays.com\/fr\/wp-json\/wp\/v2\/users\/2"}],"replies":[{"embeddable":true,"href":"https:\/\/www.europesays.com\/fr\/wp-json\/wp\/v2\/comments?post=121768"}],"version-history":[{"count":0,"href":"https:\/\/www.europesays.com\/fr\/wp-json\/wp\/v2\/posts\/121768\/revisions"}],"wp:featuredmedia":[{"embeddable":true,"href":"https:\/\/www.europesays.com\/fr\/wp-json\/wp\/v2\/media\/121769"}],"wp:attachment":[{"href":"https:\/\/www.europesays.com\/fr\/wp-json\/wp\/v2\/media?parent=121768"}],"wp:term":[{"taxonomy":"category","embeddable":true,"href":"https:\/\/www.europesays.com\/fr\/wp-json\/wp\/v2\/categories?post=121768"},{"taxonomy":"post_tag","embeddable":true,"href":"https:\/\/www.europesays.com\/fr\/wp-json\/wp\/v2\/tags?post=121768"}],"curies":[{"name":"wp","href":"https:\/\/api.w.org\/{rel}","templated":true}]}}