{"id":121770,"date":"2025-05-23T10:49:09","date_gmt":"2025-05-23T10:49:09","guid":{"rendered":"https:\/\/www.europesays.com\/fr\/121770\/"},"modified":"2025-05-23T10:49:09","modified_gmt":"2025-05-23T10:49:09","slug":"le-photographe-ed-alcock-remporte-le-prix-niepce-2025","status":"publish","type":"post","link":"https:\/\/www.europesays.com\/fr\/121770\/","title":{"rendered":"Le photographe Ed Alcock remporte le prix Ni\u00e9pce 2025"},"content":{"rendered":"<p>Le jury a consacr\u00e9 l\u2019artiste franco-britannique pour ses \u0153uvres explorant les th\u00e8mes de la famille, de la transmission et de l\u2019identit\u00e9.<\/p>\n<p class=\"fig-paragraph\">Le\u00a0<a href=\"http:\/\/www.lefigaro.fr\/arts-expositions\/photographie-le-prix-niepce-2024-remis-a-anne-lise-broyer-20240517\" data-fig-type=\"NewsFlash\" data-gtm-custom-categorie=\"navigation\" data-gtm-custom-action=\"crossclick\" data-gtm-custom-label=\"Contextuel\" data-gtm-event=\"customEventSPE\" data-fig-domain=\"LEFIGARO\" target=\"_blank\" rel=\"noopener\">Prix Ni\u00e9pce<\/a>\u00a02025 a \u00e9t\u00e9 d\u00e9cern\u00e9 jeudi 22 mai, au photographe franco-britannique Ed Alcock, membre de l&rsquo;agence MYOP depuis 2011, a annonc\u00e9 l&rsquo;association Gens d&rsquo;images, cr\u00e9atrice de cette r\u00e9compense. Cr\u00e9\u00e9 en 1955, ce prix dot\u00e9 de 15.000 euros est remis chaque ann\u00e9e \u00e0 un photographe professionnel de moins de 50 ans, r\u00e9sidant en France depuis plus de trois ans. N\u00e9 en 1974 \u00e0 Norwich au\u00a0<a href=\"http:\/\/www.lefigaro.fr\/international\/cinq-ans-apres-le-brexit-le-royaume-uni-veut-reinitialiser-les-relations-avec-les-europeens-20250518\" data-fig-type=\"Article\" data-gtm-custom-categorie=\"navigation\" data-gtm-custom-action=\"crossclick\" data-gtm-custom-label=\"Contextuel\" data-gtm-event=\"customEventSPE\" data-fig-domain=\"LEFIGARO\" target=\"_blank\" rel=\"noopener\">Royaume-Uni<\/a>, Ed Alcock, est install\u00e9 depuis 2000 \u00e0 Paris o\u00f9 il collabore avec la presse fran\u00e7aise et internationale.<\/p>\n<p class=\"fig-paragraph\">Ses projets explorent les th\u00e8mes de la famille, de la transmission et de l&rsquo;identit\u00e9. Parmi ses s\u00e9ries notables, Hobbledehoy, Love Lane, The Wait ou Home, sweet home, dans laquelle il explore quatre ans de bouleversements provoqu\u00e9s par le\u00a0<a href=\"http:\/\/www.lefigaro.fr\/vox\/monde\/cinq-ans-apres-le-brexit-n-a-pas-ete-la-catastrophe-annoncee-20250131\" data-fig-type=\"Article\" data-gtm-custom-categorie=\"navigation\" data-gtm-custom-action=\"crossclick\" data-gtm-custom-label=\"Contextuel\" data-gtm-event=\"customEventSPE\" data-fig-domain=\"LEFIGARO\" target=\"_blank\" rel=\"noopener\">Brexit<\/a>. Dans une autre s\u00e9rie plus r\u00e9cente, St\u00e9rile, il s&rsquo;est fait chroniqueur de la vie durant la pand\u00e9mie de Covid en 2020.<\/p>\n<p>Entre documentaire et autofiction<\/p>\n<p class=\"fig-paragraph\">\u00ab\u00a0Ma pratique photographique s&rsquo;inscrit dans une exploration intime et narrative du r\u00e9el. Elle entend tisser des liens entre l&rsquo;individu et son environnement affectif, politique ou symbolique, explique le photographe, cit\u00e9 dans un communiqu\u00e9 publi\u00e9 par l\u2019association Gens d\u2019images, C&rsquo;est dans cette zone poreuse, entre le documentaire et l&rsquo;autofiction, que je construis mes images, avec une attention particuli\u00e8re port\u00e9e \u00e0 la lumi\u00e8re, \u00e0 l&rsquo;ambigu\u00eft\u00e9 des gestes et \u00e0 la narration fragmentaire\u00a0\u00bb<\/p>\n<p class=\"fig-paragraph\">L&rsquo;\u00e9diteur Dominique Gaessler, qui a parrain\u00e9 sa candidature, explique combien le photographe rencontr\u00e9 en 2010 l&rsquo;a marqu\u00e9 par sa \u00ab\u00a0singularit\u00e9\u00a0\u00bb, avec ses \u00ab\u00a0images frontales, r\u00e9alis\u00e9es au moyen format en couleur, dans une dimension sociale affirm\u00e9e\u00a0\u00bb. Proclam\u00e9 \u00e0 la\u00a0<a href=\"https:\/\/www.lefigaro.fr\/livres\/la-grande-chasse-aux-manuscrits-de-la-bibliotheque-nationale-de-france-20240606\" data-fig-type=\"Article\" data-gtm-custom-categorie=\"navigation\" data-gtm-custom-action=\"crossclick\" data-gtm-custom-label=\"Contextuel\" data-gtm-event=\"customEventSPE\" data-fig-domain=\"LEFIGARO\" target=\"_blank\" rel=\"noopener\">Biblioth\u00e8que nationale de France<\/a>, \u00e0 Paris, le prix Ni\u00e9pce permet aux laur\u00e9ats de b\u00e9n\u00e9ficier \u00e9galement d&rsquo;une mise en lumi\u00e8re de leur travail \u00e0 travers des expositions.<\/p>\n","protected":false},"excerpt":{"rendered":"Le jury a consacr\u00e9 l\u2019artiste franco-britannique pour ses \u0153uvres explorant les th\u00e8mes de la famille, de la transmission&hellip;\n","protected":false},"author":2,"featured_media":121771,"comment_status":"","ping_status":"","sticky":false,"template":"","format":"standard","meta":{"footnotes":""},"categories":[1358],"tags":[1348,1384,1385,1386,58,59,2087,1349,638,10449,1011,27,4463,9692,7107,626,1756,24339,510],"class_list":{"0":"post-121770","1":"post","2":"type-post","3":"status-publish","4":"format-standard","5":"has-post-thumbnail","7":"category-arts-et-design","8":"tag-arts","9":"tag-arts-and-design","10":"tag-arts-et-design","11":"tag-design","12":"tag-divertissement","13":"tag-entertainment","14":"tag-evenement","15":"tag-expositions","16":"tag-figaro","17":"tag-figaroscope","18":"tag-fr","19":"tag-france","20":"tag-guide","21":"tag-lieux","22":"tag-musees","23":"tag-paris","24":"tag-photographie","25":"tag-recompenses-et-prix","26":"tag-visite"},"share_on_mastodon":{"url":"https:\/\/pubeurope.com\/@fr\/114556761766555829","error":""},"_links":{"self":[{"href":"https:\/\/www.europesays.com\/fr\/wp-json\/wp\/v2\/posts\/121770","targetHints":{"allow":["GET"]}}],"collection":[{"href":"https:\/\/www.europesays.com\/fr\/wp-json\/wp\/v2\/posts"}],"about":[{"href":"https:\/\/www.europesays.com\/fr\/wp-json\/wp\/v2\/types\/post"}],"author":[{"embeddable":true,"href":"https:\/\/www.europesays.com\/fr\/wp-json\/wp\/v2\/users\/2"}],"replies":[{"embeddable":true,"href":"https:\/\/www.europesays.com\/fr\/wp-json\/wp\/v2\/comments?post=121770"}],"version-history":[{"count":0,"href":"https:\/\/www.europesays.com\/fr\/wp-json\/wp\/v2\/posts\/121770\/revisions"}],"wp:featuredmedia":[{"embeddable":true,"href":"https:\/\/www.europesays.com\/fr\/wp-json\/wp\/v2\/media\/121771"}],"wp:attachment":[{"href":"https:\/\/www.europesays.com\/fr\/wp-json\/wp\/v2\/media?parent=121770"}],"wp:term":[{"taxonomy":"category","embeddable":true,"href":"https:\/\/www.europesays.com\/fr\/wp-json\/wp\/v2\/categories?post=121770"},{"taxonomy":"post_tag","embeddable":true,"href":"https:\/\/www.europesays.com\/fr\/wp-json\/wp\/v2\/tags?post=121770"}],"curies":[{"name":"wp","href":"https:\/\/api.w.org\/{rel}","templated":true}]}}