{"id":121780,"date":"2025-05-23T10:54:08","date_gmt":"2025-05-23T10:54:08","guid":{"rendered":"https:\/\/www.europesays.com\/fr\/121780\/"},"modified":"2025-05-23T10:54:08","modified_gmt":"2025-05-23T10:54:08","slug":"lesquelles-vaut-il-mieux-consommer-pour-notre-sante","status":"publish","type":"post","link":"https:\/\/www.europesays.com\/fr\/121780\/","title":{"rendered":"lesquelles vaut-il mieux consommer pour notre sant\u00e9 ?"},"content":{"rendered":"<p>Tous les ol\u00e9agineux m\u00e9ritent d\u2019\u00eatre int\u00e9gr\u00e9s dans nos assiettes quotidiennes. Mais s\u2019il fallait n\u2019en choisir qu\u2019un entre les amandes et les noix, lequel serait-il\u00a0? Dans une vid\u00e9o publi\u00e9e sur son compte Instagram, la m\u00e9decin nutritionniste Laurence Plumey livre sa r\u00e9ponse.<\/p>\n<p class=\"fig-paragraph\">Amandes, noisettes, noix, noix de cajou&#8230; Ces ol\u00e9agineux regorgent de bienfaits pour l\u2019organisme en raison notamment de leur teneur en om\u00e9ga-3, en magn\u00e9sium et en fibres. Mais certains sont-ils \u00e0 privil\u00e9gier pour notre\u00a0<a href=\"https:\/\/madame.lefigaro.fr\/tag\/sante\" data-gtm-custom-categorie=\"navigation\" data-gtm-custom-action=\"crossclick\" data-gtm-custom-label=\"Contextuel\" data-gtm-event=\"customEventSPE\" rel=\"nofollow noopener\" target=\"_blank\">sant\u00e9<\/a>\u00a0? Qui des amandes ou des noix doit quotidiennement tr\u00f4ner dans nos placards de cuisine\u00a0? La m\u00e9decin nutritionniste Laurence Plumey r\u00e9pond \u00e0 la question dans une vid\u00e9o publi\u00e9e sur son compte Instagram le 20 mai.<\/p>\n<p class=\"fig-body-link&#10;    \">\n            \u00c0 lire aussi<br \/>\n        <a class=\"fig-body-link__link\" href=\"http:\/\/madame.lefigaro.fr\/bien-etre\/nutrition\/le-sucre-roux-est-il-vraiment-meilleur-pour-la-sante-que-le-sucre-blanc-20250514\" data-fig-type=\"Article\" data-gtm-custom-categorie=\"navigation\" data-gtm-custom-action=\"crossclick\" data-gtm-custom-label=\"Contextuel\" data-gtm-event=\"customEventSPE\" data-fig-domain=\"MADAME\" rel=\"nofollow noopener\" target=\"_blank\">Le sucre roux est-il vraiment meilleur pour la sant\u00e9 que le sucre blanc\u00a0?<\/a>\n<\/p>\n<p>Richesse en vitamine E<\/p>\n<p class=\"fig-paragraph\">Pour la m\u00e9decin, le choix est rapidement fait\u00a0: \u00abLes amandes gagnent haut la main\u00bb, estime-t-elle. Comme tous les ol\u00e9agineux, elles contiennent des om\u00e9ga-9, indispensables pour\u00a0<a href=\"http:\/\/madame.lefigaro.fr\/bien-etre\/les-regles-d-or-de-la-cardiologue-emmanuelle-berthelot-pour-garder-un-coeur-sain-toute-sa-vie-20250511\" data-fig-type=\"Article\" data-gtm-custom-categorie=\"navigation\" data-gtm-custom-action=\"crossclick\" data-gtm-custom-label=\"Contextuel\" data-gtm-event=\"customEventSPE\" data-fig-domain=\"MADAME\" rel=\"nofollow noopener\" target=\"_blank\">prot\u00e9ger notre syst\u00e8me cardiovasculaire<\/a>. En revanche, ces fruits secs se diff\u00e9rencient des autres par leur richesse \u00abexceptionnelle\u00bb en vitamine E, antioxydante, indispensable \u00e0 notre sant\u00e9. \u00abElle aide le cholest\u00e9rol de notre sang \u00e0 ne pas s\u2019oxyder\u00bb, commente Laurence Plumey. Et la consommation d\u2019amandes au quotidien est d\u2019autant plus int\u00e9ressante que nous trouvons peu de vitamine E dans les aliments ; hormis l\u2019huile, mais dont il faut veiller aux quantit\u00e9s ing\u00e9r\u00e9es.<\/p>\n<p class=\"fig-paragraph\">En pratique, pour couvrir nos besoins journaliers, la m\u00e9decin recommande de consommer une vingtaine d\u2019amandes \u00e0 r\u00e9partir entre le petit d\u00e9jeuner et l\u2019apr\u00e8s-midi et de glisser deux cuill\u00e8res d\u2019<a href=\"https:\/\/madame.lefigaro.fr\/bien-etre\/quelles-huiles-vegetales-dans-ma-cuisine-250215-94863\" data-fig-type=\"Article\" data-gtm-custom-categorie=\"navigation\" data-gtm-custom-action=\"crossclick\" data-gtm-custom-label=\"Contextuel\" data-gtm-event=\"customEventSPE\" data-fig-domain=\"MADAME\" rel=\"nofollow noopener\" target=\"_blank\">huile de noix<\/a>\u00a0dans nos salades compos\u00e9es. Ainsi, \u00abvous recevez 70% de votre besoin quotidien en vitamine E\u00bb, conclut Laurence Plumey.<\/p>\n","protected":false},"excerpt":{"rendered":"Tous les ol\u00e9agineux m\u00e9ritent d\u2019\u00eatre int\u00e9gr\u00e9s dans nos assiettes quotidiennes. Mais s\u2019il fallait n\u2019en choisir qu\u2019un entre les&hellip;\n","protected":false},"author":2,"featured_media":121781,"comment_status":"","ping_status":"","sticky":false,"template":"","format":"standard","meta":{"footnotes":""},"categories":[10],"tags":[258,10762,24343,24342,6332,10753,10757,1295,1294,638,1011,27,72,977,24345,24341,4991,8702,24344,571,71],"class_list":{"0":"post-121780","1":"post","2":"type-post","3":"status-publish","4":"format-standard","5":"has-post-thumbnail","7":"category-sante","8":"tag-alimentation","9":"tag-alimentation-saine","10":"tag-alimentation-sante","11":"tag-amande","12":"tag-bonne-sante","13":"tag-conseil-nutrition","14":"tag-dietetique","15":"tag-feminin","16":"tag-femme","17":"tag-figaro","18":"tag-fr","19":"tag-france","20":"tag-health","21":"tag-madame","22":"tag-minceur","23":"tag-noix","24":"tag-nutrition","25":"tag-nutrition-et-sante","26":"tag-programme-nutrition","27":"tag-regime","28":"tag-sante"},"share_on_mastodon":{"url":"https:\/\/pubeurope.com\/@fr\/114556781472475146","error":""},"_links":{"self":[{"href":"https:\/\/www.europesays.com\/fr\/wp-json\/wp\/v2\/posts\/121780","targetHints":{"allow":["GET"]}}],"collection":[{"href":"https:\/\/www.europesays.com\/fr\/wp-json\/wp\/v2\/posts"}],"about":[{"href":"https:\/\/www.europesays.com\/fr\/wp-json\/wp\/v2\/types\/post"}],"author":[{"embeddable":true,"href":"https:\/\/www.europesays.com\/fr\/wp-json\/wp\/v2\/users\/2"}],"replies":[{"embeddable":true,"href":"https:\/\/www.europesays.com\/fr\/wp-json\/wp\/v2\/comments?post=121780"}],"version-history":[{"count":0,"href":"https:\/\/www.europesays.com\/fr\/wp-json\/wp\/v2\/posts\/121780\/revisions"}],"wp:featuredmedia":[{"embeddable":true,"href":"https:\/\/www.europesays.com\/fr\/wp-json\/wp\/v2\/media\/121781"}],"wp:attachment":[{"href":"https:\/\/www.europesays.com\/fr\/wp-json\/wp\/v2\/media?parent=121780"}],"wp:term":[{"taxonomy":"category","embeddable":true,"href":"https:\/\/www.europesays.com\/fr\/wp-json\/wp\/v2\/categories?post=121780"},{"taxonomy":"post_tag","embeddable":true,"href":"https:\/\/www.europesays.com\/fr\/wp-json\/wp\/v2\/tags?post=121780"}],"curies":[{"name":"wp","href":"https:\/\/api.w.org\/{rel}","templated":true}]}}