{"id":121797,"date":"2025-05-23T11:03:11","date_gmt":"2025-05-23T11:03:11","guid":{"rendered":"https:\/\/www.europesays.com\/fr\/121797\/"},"modified":"2025-05-23T11:03:11","modified_gmt":"2025-05-23T11:03:11","slug":"saint-etienne-la-memoire-de-ces-justes-nous-engage-a-livrer-la-bataille-contre-le-retour-de-la-haine-antisemite","status":"publish","type":"post","link":"https:\/\/www.europesays.com\/fr\/121797\/","title":{"rendered":"Saint-\u00c9tienne. \u00ab\u00a0La m\u00e9moire de ces Justes nous engage \u00e0 livrer la bataille contre le retour de la haine antis\u00e9mite\u00a0\u00bb"},"content":{"rendered":"<blockquote class=\"question\"><p>Combien de personnes dans la Loire ont re\u00e7u la distinction de \u00ab\u00a0Justes parmi les Nations\u00a0\u00bb\u00a0?<\/p><\/blockquote>\n<p>\u00ab\u00a0Le titre de \u201cJuste parmi les Nations\u201d est la plus haute distinction de l\u2019\u00c9tat d\u2019Isra\u00ebl. Il est remis \u00e0 des non-juifs qui, de mani\u00e8re d\u00e9sint\u00e9ress\u00e9e, ont sauv\u00e9 des juifs de la Shoah. \u00c0 ce jour, soixante-six personnes ont re\u00e7u ce titre dans la Loire, dont trente-sept femmes.\u00a0\u00bb<\/p>\n<p>\u00ab\u00a0\u00c0 Saint-\u00c9tienne, on compte vingt Justes, dont treize femmes. Les deux premi\u00e8res \u00e0 avoir re\u00e7u ce titre dans la Loire, en 1969, sont Marinette Guy et Juliette Vidal, investies dans \u201cl\u2019aide aux&#8230;<\/p>\n","protected":false},"excerpt":{"rendered":"Combien de personnes dans la Loire ont re\u00e7u la distinction de \u00ab\u00a0Justes parmi les Nations\u00a0\u00bb\u00a0? \u00ab\u00a0Le titre de&hellip;\n","protected":false},"author":2,"featured_media":121798,"comment_status":"","ping_status":"","sticky":false,"template":"","format":"standard","meta":{"footnotes":""},"categories":[9653],"tags":[1111,11,2430,7539,1777,674,1011,27,937,12,25,4001,7538,104],"class_list":{"0":"post-121797","1":"post","2":"type-post","3":"status-publish","4":"format-standard","5":"has-post-thumbnail","7":"category-saint-etienne","8":"tag-actu","9":"tag-actualites","10":"tag-auvergne-rhone-alpes","11":"tag-edition-loire-sud","12":"tag-eu","13":"tag-europe","14":"tag-fr","15":"tag-france","16":"tag-histoire","17":"tag-news","18":"tag-republique-francaise","19":"tag-saint-etienne","20":"tag-saint-etienne-ville","21":"tag-societe"},"share_on_mastodon":{"url":"https:\/\/pubeurope.com\/@fr\/114556816897699938","error":""},"_links":{"self":[{"href":"https:\/\/www.europesays.com\/fr\/wp-json\/wp\/v2\/posts\/121797","targetHints":{"allow":["GET"]}}],"collection":[{"href":"https:\/\/www.europesays.com\/fr\/wp-json\/wp\/v2\/posts"}],"about":[{"href":"https:\/\/www.europesays.com\/fr\/wp-json\/wp\/v2\/types\/post"}],"author":[{"embeddable":true,"href":"https:\/\/www.europesays.com\/fr\/wp-json\/wp\/v2\/users\/2"}],"replies":[{"embeddable":true,"href":"https:\/\/www.europesays.com\/fr\/wp-json\/wp\/v2\/comments?post=121797"}],"version-history":[{"count":0,"href":"https:\/\/www.europesays.com\/fr\/wp-json\/wp\/v2\/posts\/121797\/revisions"}],"wp:featuredmedia":[{"embeddable":true,"href":"https:\/\/www.europesays.com\/fr\/wp-json\/wp\/v2\/media\/121798"}],"wp:attachment":[{"href":"https:\/\/www.europesays.com\/fr\/wp-json\/wp\/v2\/media?parent=121797"}],"wp:term":[{"taxonomy":"category","embeddable":true,"href":"https:\/\/www.europesays.com\/fr\/wp-json\/wp\/v2\/categories?post=121797"},{"taxonomy":"post_tag","embeddable":true,"href":"https:\/\/www.europesays.com\/fr\/wp-json\/wp\/v2\/tags?post=121797"}],"curies":[{"name":"wp","href":"https:\/\/api.w.org\/{rel}","templated":true}]}}