{"id":121799,"date":"2025-05-23T11:04:08","date_gmt":"2025-05-23T11:04:08","guid":{"rendered":"https:\/\/www.europesays.com\/fr\/121799\/"},"modified":"2025-05-23T11:04:08","modified_gmt":"2025-05-23T11:04:08","slug":"une-main-tendue-pour-lunion-de-la-gauche","status":"publish","type":"post","link":"https:\/\/www.europesays.com\/fr\/121799\/","title":{"rendered":"une \u00ab\u00a0main tendue\u00a0\u00bb pour l&rsquo;union de la gauche"},"content":{"rendered":"<p>            Par<br \/>\n        <strong><br \/>\n            <a href=\"https:\/\/actu.fr\/auteur\/florent-arnold\" title=\"Consulter tous les articles de Florent Arnold\" rel=\"nofollow noopener\" target=\"_blank\">Florent Arnold<\/a><br \/>\n        <\/strong><\/p>\n<p>        Publi\u00e9 le<\/p>\n<p>            23 mai 2025 \u00e0 12h49        <\/p>\n<p><a href=\"https:\/\/actu.fr\/tag\/la-france-insoumise-lfi\" rel=\"nofollow noopener\" target=\"_blank\">La France insoumise<\/a> a inform\u00e9, vendredi 23\u00a0mai 2025, du choix de <strong>ses chefs de file<\/strong>, en vue des <a href=\"https:\/\/actu.fr\/tag\/municipales-2026\" rel=\"nofollow noopener\" target=\"_blank\">\u00e9lections municipales de mars\u00a02026<\/a> \u00e0 Nancy (<a href=\"https:\/\/actu.fr\/grand-est\/meurthe-et-moselle_54\" rel=\"nofollow noopener\" target=\"_blank\">Meurthe-et-Moselle<\/a>).<\/p>\n<p class=\" wall-content\">Les repr\u00e9sentants insoumis prennent la forme d\u2019<strong>un bin\u00f4me paritaire<\/strong>,<strong> compos\u00e9 de Sarah Farghaly et d\u2019Hadrien Fournet<\/strong>.<\/p>\n<p>\u00c0 Nancy, LFI tend la main pour une union de la gauche lors des municipales de 2026<\/p>\n<p class=\" wall-content\">D\u00e9sign\u00e9s par le comit\u00e9 \u00e9lectoral de La France insoumise, Sarah Farghaly et Hadrien Fournet seront <strong>charg\u00e9s <\/strong>\u00ab\u2009<strong>d\u2019engager des discussions<\/strong> avec d\u2019autres organisations politiques de gauche, sur la base de garanties programmatiques claires\u2009\u00bb. \u00c0 ce stade, il s\u2019agit d\u2019<strong>une <\/strong>\u00ab<strong>\u2009main tendue\u2009\u00bb en vue d\u2019une \u00e9ventuelle union de la gauche<\/strong> \u00e0 <a href=\"https:\/\/actu.fr\/grand-est\/nancy_54395\" rel=\"nofollow noopener\" target=\"_blank\">Nancy<\/a>.<\/p>\n<p class=\" wall-content\">\u00ab\u2009Conform\u00e9ment au texte d\u2019orientation strat\u00e9gique de La France insoumise, adopt\u00e9 par les insoumis en janvier 2025, [le bin\u00f4me] veillera <strong>\u00e0 l\u2019\u00e9laboration d\u2019un programme de rupture <\/strong>\u00e0 l\u2019\u00e9chelle de la commune <strong>pour qu\u2019une liste d\u2019union populaire l\u2019emporte<\/strong> lors du prochain scrutin municipal\u2009\u00bb, d\u00e9clare le mouvement politique.<\/p>\n<p class=\" wall-content\">Suivez toute l\u2019actualit\u00e9 de vos villes et m\u00e9dias favoris en vous inscrivant \u00e0 <a href=\"https:\/\/moncompte.actu.fr\" title=\"D\u00e9couvez Mon Actu\" rel=\"nofollow noopener\" data-trk=\"{&quot;cta&quot;:{&quot;action&quot;:&quot;https:\\\/\\\/moncompte.actu.fr&quot;,&quot;category&quot;:&quot;mon compte&quot;,&quot;from&quot;:&quot;article footer&quot;,&quot;name&quot;:&quot;Mon actu&quot;,&quot;type&quot;:&quot;cta&quot;}}\" target=\"_blank\">Mon Actu<\/a>.<\/p>\n<ul class=\"ac-article-tag wall-content\">\n<li><a href=\"https:\/\/actu.fr\/tag\/la-france-insoumise-lfi\" data-trk=\"{&quot;cta&quot;:{&quot;action&quot;:&quot;La France Insoumise (LFI)&quot;,&quot;category&quot;:&quot;tag&quot;,&quot;from&quot;:&quot;article footer&quot;,&quot;name&quot;:&quot;La France Insoumise (LFI)&quot;,&quot;type&quot;:&quot;cta&quot;}}\" rel=\"nofollow noopener\" target=\"_blank\">#La France Insoumise (LFI)<\/a><\/li>\n<li><a href=\"https:\/\/actu.fr\/tag\/municipales-2026\" data-trk=\"{&quot;cta&quot;:{&quot;action&quot;:&quot;Municipales 2026&quot;,&quot;category&quot;:&quot;tag&quot;,&quot;from&quot;:&quot;article footer&quot;,&quot;name&quot;:&quot;Municipales 2026&quot;,&quot;type&quot;:&quot;cta&quot;}}\" rel=\"nofollow noopener\" target=\"_blank\">#Municipales 2026<\/a><\/li>\n<\/ul>\n","protected":false},"excerpt":{"rendered":"Par Florent Arnold Publi\u00e9 le 23 mai 2025 \u00e0 12h49 La France insoumise a inform\u00e9, vendredi 23\u00a0mai 2025,&hellip;\n","protected":false},"author":2,"featured_media":121800,"comment_status":"","ping_status":"","sticky":false,"template":"","format":"standard","meta":{"footnotes":""},"categories":[9635],"tags":[1111,11,4188,1777,674,1011,27,775,1023,3434,1702,12,316,25],"class_list":{"0":"post-121799","1":"post","2":"type-post","3":"status-publish","4":"format-standard","5":"has-post-thumbnail","7":"category-nancy","8":"tag-actu","9":"tag-actualites","10":"tag-elections-municipales","11":"tag-eu","12":"tag-europe","13":"tag-fr","14":"tag-france","15":"tag-grand-est","16":"tag-la-france-insoumise-lfi","17":"tag-municipales-2026","18":"tag-nancy","19":"tag-news","20":"tag-politique","21":"tag-republique-francaise"},"share_on_mastodon":{"url":"https:\/\/pubeurope.com\/@fr\/114556821258742229","error":""},"_links":{"self":[{"href":"https:\/\/www.europesays.com\/fr\/wp-json\/wp\/v2\/posts\/121799","targetHints":{"allow":["GET"]}}],"collection":[{"href":"https:\/\/www.europesays.com\/fr\/wp-json\/wp\/v2\/posts"}],"about":[{"href":"https:\/\/www.europesays.com\/fr\/wp-json\/wp\/v2\/types\/post"}],"author":[{"embeddable":true,"href":"https:\/\/www.europesays.com\/fr\/wp-json\/wp\/v2\/users\/2"}],"replies":[{"embeddable":true,"href":"https:\/\/www.europesays.com\/fr\/wp-json\/wp\/v2\/comments?post=121799"}],"version-history":[{"count":0,"href":"https:\/\/www.europesays.com\/fr\/wp-json\/wp\/v2\/posts\/121799\/revisions"}],"wp:featuredmedia":[{"embeddable":true,"href":"https:\/\/www.europesays.com\/fr\/wp-json\/wp\/v2\/media\/121800"}],"wp:attachment":[{"href":"https:\/\/www.europesays.com\/fr\/wp-json\/wp\/v2\/media?parent=121799"}],"wp:term":[{"taxonomy":"category","embeddable":true,"href":"https:\/\/www.europesays.com\/fr\/wp-json\/wp\/v2\/categories?post=121799"},{"taxonomy":"post_tag","embeddable":true,"href":"https:\/\/www.europesays.com\/fr\/wp-json\/wp\/v2\/tags?post=121799"}],"curies":[{"name":"wp","href":"https:\/\/api.w.org\/{rel}","templated":true}]}}