{"id":1218,"date":"2025-04-02T23:06:10","date_gmt":"2025-04-02T23:06:10","guid":{"rendered":"https:\/\/www.europesays.com\/fr\/1218\/"},"modified":"2025-04-02T23:06:10","modified_gmt":"2025-04-02T23:06:10","slug":"florent-manaudou-et-elsa-bois-duo-complice-dans-le-sud-de-la-france-cette-nouvelle-photo-qui-fait-jaser","status":"publish","type":"post","link":"https:\/\/www.europesays.com\/fr\/1218\/","title":{"rendered":"Florent Manaudou et Elsa Bois : duo complice dans le sud de la France, cette nouvelle photo qui fait jaser"},"content":{"rendered":"<p>      R\u00e9sum\u00e9<\/p>\n<p>Florent Manaudou et Elsa Bois en couple ? Une photo vol\u00e9e du duo de \u00ab\u00a0Danse avec les stars\u00a0\u00bb \u00e0 Marseille relance les rumeurs.<\/p>\n<p>        Sommaire<\/p>\n<p>Malheureusement, un nouveau candidat de \u00ab\u00a0Danse avec les stars\u00a0\u00bb quittera <a href=\"https:\/\/www.public.fr\/deception-pretentieux-anthony-colette-evoque-ses-partenaires-de-danse-avec-les-stars-et-choque-les-internautes\" target=\"_blank\" rel=\"noopener\">l&rsquo;aventure<\/a> ce 4 avril ? D&rsquo;ores et d\u00e9j\u00e0, <strong>cinq c\u00e9l\u00e9brit\u00e9s ont \u00e9t\u00e9 pri\u00e9es de quitter le parquet. <\/strong>Nelson Monfort, Sophie Davant, <a href=\"https:\/\/www.public.fr\/danse-avec-les-stars-presque-un-pied-dans-la-tombe-cette-celebrite-a-bien-failli-ne-pas-y-participer\" target=\"_blank\" rel=\"noopener\">Charlotte de Turckheim<\/a>, Frank Leboeuf et Eve Gilles ont \u00e9t\u00e9 remerci\u00e9s. <a href=\"https:\/\/www.public.fr\/je-sais-quil-maime-mais-eve-gilles-ce-quelle-pense-de-son-compagnon-simon-apparu-par-surprise-dans-danse-avec-les-stars\" target=\"_blank\" rel=\"noopener\">Miss France 2024<\/a> a \u00e9t\u00e9 la <strong>derni\u00e8re \u00e9limin\u00e9e du concours. <\/strong>Ce 2 avril, sur Instagram, elle assure qu&rsquo;elle va \u00ab\u00a0prendre du temps en famille\u00a0\u00bb et se \u00ab\u00a0reposer un petit peu\u00a0\u00bb. Il faut dire que les r\u00e9p\u00e9titions avant le prime sont intenses. Un prime qui, cette semaine, sera <strong>consacr\u00e9 aux ann\u00e9es 1990\/2000<\/strong> comme le r\u00e9v\u00e8le <a href=\"https:\/\/www.public.fr\/la-jai-peur-je-suis-fini-chris-marques-danse-avec-les-stars-et-son-combat-contre-une-maladie-rare\" target=\"_blank\" rel=\"noopener\">Chris Marques<\/a>. En salle de danse, \u00e7a r\u00e9p\u00e8te dur&#8230;<\/p>\n<p>Sont <strong>encore en lice<\/strong> pour d\u00e9crocher le troph\u00e9e tant convoit\u00e9 : Adil Rami, <a href=\"https:\/\/www.public.fr\/nikos-aliagas-surprise-de-lenie-dans-danse-avec-les-stars-sa-moustache-qui-fait-jaser\" target=\"_blank\" rel=\"noopener\">L\u00e9nie<\/a>, Jungeli, Mayane, Julie Zenatti, Claude Dartois <strong>ainsi que Florent Manaudou<\/strong>. Depuis le d\u00e9but de la comp\u00e9tition, <a href=\"https:\/\/www.public.fr\/danse-avec-les-stars-florent-manaudou-et-elsa-bois-quittent-paris-ensemble\" target=\"_blank\" rel=\"noopener\">le nageur professionnel<\/a> <strong>impressionne <\/strong>les membres du jury ainsi que les t\u00e9l\u00e9spectateurs. En effet, avec sa carrure imposante et sa grande timidit\u00e9, certains ne pariaient pas un centime sur <a href=\"https:\/\/www.public.fr\/danse-avec-les-stars-a-quelques-minutes-du-prime-lola-la-cherie-de-florent-manaudou-annonce-une-terrible-nouvelle\" target=\"_blank\" rel=\"noopener\">le partenaire d&rsquo;Elsa Bois<\/a>. Pourtant, ce dernier <strong>a r\u00e9v\u00e9l\u00e9 s<\/strong>a <strong>grande douceur<\/strong> et une <strong>grande pers\u00e9v\u00e9rance<\/strong> face aux \u00e9preuves.<\/p>\n<p>D&rsquo;ores et d\u00e9j\u00e0, <a href=\"https:\/\/www.public.fr\/je-vais-directement-te-poser-la-question-chris-marques-demande-des-comptes-a-florent-manaudou-danse-avec-les-stars\" target=\"_blank\" rel=\"noopener\">le couple<\/a> s&rsquo;est essay\u00e9 \u00e0 une salsa, une valse, une rumba, un paso doble, une danse contemporaine ainsi qu&rsquo;\u00e0 <strong>un tango argentin endiabl\u00e9<\/strong>. Que nous r\u00e9servent-ils cette semaine ? C&rsquo;est un myst\u00e8re&#8230; D&rsquo;autant que <strong>le duo s&rsquo;est pris en photo \u00e0 bord d&rsquo;un train<\/strong> dans la soir\u00e9e du 31 mars <strong>sans d\u00e9voiler sa destination<\/strong> que l&rsquo;on connait d\u00e9sormais. <\/p>\n<p><img loading=\"lazy\" decoding=\"async\" width=\"423\" height=\"766\" src=\"https:\/\/www.europesays.com\/fr\/wp-content\/uploads\/2025\/04\/Capture-decran-2025-04-01-114246-1.png\" alt=\"Florent Manaudou et Elsa Bois : duo complice dans le sud de la France, cette nouvelle photo qui fait jaser\"  \/><\/p>\n<p>Capture Instagram Elsa Bois<\/p>\n<p>Florent Manaudou et Elsa Bois en vir\u00e9e chez le jeune homme<\/p>\n<p>Et cette nouvelle escapade relance \u00e9videmment les rumeurs. Alors qu&rsquo;<a href=\"https:\/\/www.google.com\/url?sa=t&amp;source=web&amp;rct=j&amp;opi=89978449&amp;url=https:\/\/vsd.fr\/76333-elsa-bois-et-florent-manaudou-le-gros-ras-le-bol-de-jean-marc-genereux\/&amp;ved=2ahUKEwiggc7pi7mMAxU6KvsDHeA1BxMQFnoECBcQAQ&amp;usg=AOvVaw3p4VD2nynp8sZ8hQkTjfgt\" target=\"_blank\" rel=\"noopener\">Elsa Bois s&rsquo;est r\u00e9cemment s\u00e9par\u00e9e de Michou<\/a>, certains sont persuad\u00e9s qu&rsquo;elle <strong>entretient une relation avec le fr\u00e8re de Laure Manaudou. <\/strong>Toutefois, ce n&rsquo;est pas un d\u00e9tail mais, ce dernier, est en couple avec Lola Dumenil. Il s&rsquo;agit d&rsquo;<a href=\"https:\/\/www.google.com\/url?sa=t&amp;source=web&amp;rct=j&amp;opi=89978449&amp;url=https:\/\/vsd.fr\/59736-florent-manaudou-presente-sa-nouvelle-compagne-avec-un-enorme-baiser-langoureux-les-internautes-completement-paumes\/&amp;ved=2ahUKEwiZysv5i7mMAxUMfKQEHasfJtEQFnoECBkQAQ&amp;usg=AOvVaw2U9ct9MQyFl1O45UxXFBmz\" target=\"_blank\" rel=\"noopener\">une jeune \u00e9tudiante en commerce<\/a> qui, il est vrai, n&rsquo;est jamais venue voir <a href=\"https:\/\/www.google.com\/url?sa=t&amp;source=web&amp;rct=j&amp;opi=89978449&amp;url=https:\/\/vsd.fr\/77673-florent-manaudou-apres-les-rumeurs-avec-elsa-bois-fauve-hautot-entre-dans-la-danse\/&amp;ved=2ahUKEwiZysv5i7mMAxUMfKQEHasfJtEQFnoECCAQAQ&amp;usg=AOvVaw3mbBqoUXHIJie2xXeVbBnz\" target=\"_blank\" rel=\"noopener\">son ch\u00e9ri<\/a> sur le plateau de \u00ab\u00a0DALS\u00a0\u00bb. <strong>Une absence qui en dit long<\/strong> ?<\/p>\n<p>Mais alors <strong>o\u00f9 Florent Manaudou et Elsa Bois sont-ils partis ? <\/strong>Et bien, ils sont actuellement<strong> \u00e0 Marseille <\/strong>comme en atteste ce clich\u00e9 vol\u00e9 d\u00e9voil\u00e9 par le blogueur Aqababe. C&rsquo;est dans cette commune que vit <a href=\"https:\/\/www.google.com\/url?sa=t&amp;source=web&amp;rct=j&amp;opi=89978449&amp;url=https:\/\/vsd.fr\/75725-danse-avec-les-stars-deja-une-grosse-polemique-florent-manaudou-vise\/&amp;ved=2ahUKEwiZysv5i7mMAxUMfKQEHasfJtEQFnoECCMQAQ&amp;usg=AOvVaw1vSaZOARxjU-BBlawY5pNY\" target=\"_blank\" rel=\"noopener\">le sportif de 34 ans<\/a> . Cela fait des ann\u00e9es qu&rsquo;il <strong>s&rsquo;entra\u00eene au Cercle des Nageurs de <\/strong>la cit\u00e9 phoc\u00e9enne. Alors, est-ce que ce d\u00e9placement sera film\u00e9 et fera l&rsquo;objet d&rsquo;une s\u00e9quence lors du prochain prime ou bien <strong>est-ce que tous les deux ont d\u00e9cid\u00e9 d&rsquo;arr\u00eater de se cacher ? <\/strong>L\u2019histoire nous le dira peut-\u00eatre&#8230;<\/p>\n<p>      Mentionn\u00e9s dans cet article<\/p>\n<p>\u00c0 lire aussi<\/p>\n","protected":false},"excerpt":{"rendered":"R\u00e9sum\u00e9 Florent Manaudou et Elsa Bois en couple ? Une photo vol\u00e9e du duo de \u00ab\u00a0Danse avec les&hellip;\n","protected":false},"author":2,"featured_media":1219,"comment_status":"","ping_status":"","sticky":false,"template":"","format":"standard","meta":{"footnotes":""},"categories":[8],"tags":[193,194,58,59,925,27,884,199,926],"class_list":{"0":"post-1218","1":"post","2":"type-post","3":"status-publish","4":"format-standard","5":"has-post-thumbnail","7":"category-divertissement","8":"tag-camille-combal","9":"tag-danse-avec-les-stars","10":"tag-divertissement","11":"tag-entertainment","12":"tag-florent-manaudou","13":"tag-france","14":"tag-marseille","15":"tag-tf1","16":"tag-train"},"share_on_mastodon":{"url":"https:\/\/pubeurope.com\/@fr\/114270882011189848","error":""},"_links":{"self":[{"href":"https:\/\/www.europesays.com\/fr\/wp-json\/wp\/v2\/posts\/1218","targetHints":{"allow":["GET"]}}],"collection":[{"href":"https:\/\/www.europesays.com\/fr\/wp-json\/wp\/v2\/posts"}],"about":[{"href":"https:\/\/www.europesays.com\/fr\/wp-json\/wp\/v2\/types\/post"}],"author":[{"embeddable":true,"href":"https:\/\/www.europesays.com\/fr\/wp-json\/wp\/v2\/users\/2"}],"replies":[{"embeddable":true,"href":"https:\/\/www.europesays.com\/fr\/wp-json\/wp\/v2\/comments?post=1218"}],"version-history":[{"count":0,"href":"https:\/\/www.europesays.com\/fr\/wp-json\/wp\/v2\/posts\/1218\/revisions"}],"wp:featuredmedia":[{"embeddable":true,"href":"https:\/\/www.europesays.com\/fr\/wp-json\/wp\/v2\/media\/1219"}],"wp:attachment":[{"href":"https:\/\/www.europesays.com\/fr\/wp-json\/wp\/v2\/media?parent=1218"}],"wp:term":[{"taxonomy":"category","embeddable":true,"href":"https:\/\/www.europesays.com\/fr\/wp-json\/wp\/v2\/categories?post=1218"},{"taxonomy":"post_tag","embeddable":true,"href":"https:\/\/www.europesays.com\/fr\/wp-json\/wp\/v2\/tags?post=1218"}],"curies":[{"name":"wp","href":"https:\/\/api.w.org\/{rel}","templated":true}]}}