{"id":121811,"date":"2025-05-23T11:10:22","date_gmt":"2025-05-23T11:10:22","guid":{"rendered":"https:\/\/www.europesays.com\/fr\/121811\/"},"modified":"2025-05-23T11:10:22","modified_gmt":"2025-05-23T11:10:22","slug":"nucleaire-le-grand-est-en-normandie-pour-sinspirer-des-bonnes-pratiques","status":"publish","type":"post","link":"https:\/\/www.europesays.com\/fr\/121811\/","title":{"rendered":"Nucl\u00e9aire\u00a0: le Grand-Est en Normandie pour s\u2019inspirer des bonnes pratiques\u00a0!"},"content":{"rendered":"<p>                        <img decoding=\"async\" src=\"https:\/\/www.europesays.com\/fr\/wp-content\/uploads\/2025\/05\/GrandEst_Delegation2.jpg.jpg\" title=\"GrandEst_Delegation2.jpg\" alt=\"\" class=\"lazyload\" style=\"--smush-placeholder-width: 750px; --smush-placeholder-aspect-ratio: 750\/400;\"\/><\/p>\n<p>                                De gauche \u00e0 droite : Robert Poggi, directeur \u00e0 l\u2019action r\u00e9gionale d\u2019EDF en Grand Est ; Alban Verbecke, directeur de l&rsquo;Action r\u00e9gionale d&rsquo;EDF en Normandie, directeur coordination grand chantier EPR2 de Penly ; Franck Leroy, pr\u00e9sident de la R\u00e9gion Grand Est ; Jean-Paul Hasseler, pr\u00e9sident de la CCI Grand Est ; Vincent Laudat, pr\u00e9sident de la CCI Normandie ; Yves Lefebvre, pr\u00e9sident de la CCI Seine Estuaire &amp; Olivier Rousseille, pr\u00e9sident de la CCI Rouen M\u00e9tropole                             <\/p>\n<p>\n                    Une d\u00e9l\u00e9gation r\u00e9gionale originaire du Grand-Est (R\u00e9gion et CCI) \u00e9tait \u00e0 Dieppe mercredi 21 et jeudi 22 mai 2025. Candidate pour l\u2019accueil de deux EPR ainsi que d\u2019un technocentre du nucl\u00e9aire sur le site en d\u00e9mant\u00e8lement de Fessenheim, la R\u00e9gion Grand-Est \u00e9tudie les diff\u00e9rentes options qui lui permettront d\u2019animer sur son territoire l\u2019ensemble des forces en pr\u00e9sence avec une probl\u00e9matique inh\u00e9rente \u00e0 l\u2019ensemble des r\u00e9gions concern\u00e9es\u00a0: que les futurs chantiers profitent \u00e0 l\u2019\u00e9conomie de leurs territoires\u00a0!                <\/p>\n<p style=\"font-weight: 400;\">A l\u2019initiative de Jean-Paul Hasseler, pr\u00e9sident de la CCI Grand-Est, une d\u00e9l\u00e9gation compos\u00e9e de repr\u00e9sentants des CCI mais aussi des \u00e9lus de la R\u00e9gion, dont son pr\u00e9sident, Franck Leroy, s\u2019est rendue en Normandie. Objectif de ce d\u00e9placement organis\u00e9 par la CCI Normandie: observer sur le terrain la m\u00e9thode utilis\u00e9e pour que l\u2019Etat, les \u00e9lus r\u00e9gionaux et locaux, EDF ainsi que les acteurs \u00e9conomiques fassent du dossier de l\u2019EPR2 de Penly une r\u00e9ussite, notamment sur le plan de la structuration du tissu \u00e9conomique local.<\/p>\n<p style=\"font-weight: 400;\">Avec une mise en service pr\u00e9vue pour 2036, l\u2019EPR de Penly est le premier grand chantier de r\u00e9acteur nucl\u00e9aire appel\u00e9 de ses v\u0153ux par le pr\u00e9sident de la R\u00e9publique le 10 f\u00e9vrier 2022 \u00e0 l\u2019occasion de ce que l\u2019on a appel\u00e9 le\u00a0\u00ab\u00a0discours de Belfort\u00a0\u00bb, annon\u00e7ant un grand plan d\u2019investissement et de relance de l\u2019\u00e9nergie et plus particuli\u00e8rement du nucl\u00e9aire en France.<\/p>\n<p>                                        <img decoding=\"async\" src=\"https:\/\/www.europesays.com\/fr\/wp-content\/uploads\/2025\/05\/GrandEst_salle.jpg\" title=\"GrandEst_salle\" alt=\"\" class=\"lazyload\" style=\"--smush-placeholder-width: 750px; --smush-placeholder-aspect-ratio: 750\/400;\"\/><\/p>\n<p>D\u00e9j\u00e0 utilisatrice localement de la solution CCI Business, d\u00e9velopp\u00e9e en Normandie depuis 2011, EDF a en 2024 sign\u00e9 un accord-cadre \u00e0 vocation nationale avec CCI France, pour recourir \u00e0 cette solution afin de diffuser l\u2019ensemble de ses march\u00e9s sur les grands projets du nucl\u00e9aire. C\u2019est donc cette pratique et ce mode de fonctionnement partenarial initi\u00e9s depuis plusieurs ann\u00e9es que la d\u00e9l\u00e9gation Grand-Est a souhait\u00e9 constater de ses propres yeux.<\/p>\n","protected":false},"excerpt":{"rendered":"De gauche \u00e0 droite : Robert Poggi, directeur \u00e0 l\u2019action r\u00e9gionale d\u2019EDF en Grand Est ; Alban Verbecke,&hellip;\n","protected":false},"author":2,"featured_media":121812,"comment_status":"","ping_status":"","sticky":false,"template":"","format":"standard","meta":{"footnotes":""},"categories":[9587],"tags":[1111,11,24346,24347,13085,13086,24348,1647,24349,1777,674,1011,27,12,5161,5654,24350,25,9590],"class_list":{"0":"post-121811","1":"post","2":"type-post","3":"status-publish","4":"format-standard","5":"has-post-thumbnail","7":"category-rouen","8":"tag-actu","9":"tag-actualites","10":"tag-cci-business","11":"tag-cci-grand-est","12":"tag-cci-normandie","13":"tag-cci-rouen-metropole","14":"tag-cci-seine-estuaire","15":"tag-edf","16":"tag-epr-2","17":"tag-eu","18":"tag-europe","19":"tag-fr","20":"tag-france","21":"tag-news","22":"tag-normandie","23":"tag-nucleaire","24":"tag-penly","25":"tag-republique-francaise","26":"tag-rouen"},"share_on_mastodon":{"url":"https:\/\/pubeurope.com\/@fr\/114556844553646622","error":""},"_links":{"self":[{"href":"https:\/\/www.europesays.com\/fr\/wp-json\/wp\/v2\/posts\/121811","targetHints":{"allow":["GET"]}}],"collection":[{"href":"https:\/\/www.europesays.com\/fr\/wp-json\/wp\/v2\/posts"}],"about":[{"href":"https:\/\/www.europesays.com\/fr\/wp-json\/wp\/v2\/types\/post"}],"author":[{"embeddable":true,"href":"https:\/\/www.europesays.com\/fr\/wp-json\/wp\/v2\/users\/2"}],"replies":[{"embeddable":true,"href":"https:\/\/www.europesays.com\/fr\/wp-json\/wp\/v2\/comments?post=121811"}],"version-history":[{"count":0,"href":"https:\/\/www.europesays.com\/fr\/wp-json\/wp\/v2\/posts\/121811\/revisions"}],"wp:featuredmedia":[{"embeddable":true,"href":"https:\/\/www.europesays.com\/fr\/wp-json\/wp\/v2\/media\/121812"}],"wp:attachment":[{"href":"https:\/\/www.europesays.com\/fr\/wp-json\/wp\/v2\/media?parent=121811"}],"wp:term":[{"taxonomy":"category","embeddable":true,"href":"https:\/\/www.europesays.com\/fr\/wp-json\/wp\/v2\/categories?post=121811"},{"taxonomy":"post_tag","embeddable":true,"href":"https:\/\/www.europesays.com\/fr\/wp-json\/wp\/v2\/tags?post=121811"}],"curies":[{"name":"wp","href":"https:\/\/api.w.org\/{rel}","templated":true}]}}