{"id":121813,"date":"2025-05-23T11:11:11","date_gmt":"2025-05-23T11:11:11","guid":{"rendered":"https:\/\/www.europesays.com\/fr\/121813\/"},"modified":"2025-05-23T11:11:11","modified_gmt":"2025-05-23T11:11:11","slug":"a-rouen-pres-de-60-000-visiteurs-sont-venus-pour-zeus-la-mascotte-des-jo-de-paris-2024","status":"publish","type":"post","link":"https:\/\/www.europesays.com\/fr\/121813\/","title":{"rendered":"\u00c0 Rouen, pr\u00e8s de 60 000 visiteurs sont venus pour Zeus, la mascotte des JO de Paris 2024"},"content":{"rendered":"<p>            Par<br \/>\n        <strong><br \/>\n            <a href=\"https:\/\/actu.fr\/auteur\/adrien-filoche\" title=\"Consulter tous les articles de Adrien Filoche\" target=\"_blank\" rel=\"noopener\">Adrien Filoche<\/a><br \/>\n        <\/strong><\/p>\n<p>        Publi\u00e9 le<\/p>\n<p>            23 mai 2025 \u00e0 12h15        <\/p>\n<p><strong>Zeus, le cheval des JO de Paris 2024, a attir\u00e9 les foules\u2009!<\/strong> Install\u00e9 depuis le 11\u00a0mai 2025 sur l\u2019Agora Sequana de <a href=\"https:\/\/actu.fr\/normandie\/rouen_76540\" target=\"_blank\" rel=\"noopener\">Rouen (Seine-Maritime)<\/a>, sur les quais rive droite face \u00e0 <a href=\"https:\/\/actu.fr\/tag\/la-seine\" target=\"_blank\" rel=\"noopener\">la Seine<\/a>, l\u2019embl\u00e9matique cheval m\u00e9canique a attir\u00e9 pr\u00e8s de 60\u2009000\u00a0personnes en moins de deux semaines, selon les chiffres communiqu\u00e9s ce vendredi par la Ville de Rouen.<\/p>\n<p>Le dernier jour pour voir Zeus \u00e0 Rouen<\/p>\n<p class=\" wall-content\">\u00ab\u2009Apr\u00e8s Marseille, Rouen est la deuxi\u00e8me ville en termes de fr\u00e9quentation avec Lyon (avant Bordeaux, Montpellier avec 50\u2009000 visiteurs)\u2009\u00bb, poursuit la Ville de Rouen.<\/p>\n<p class=\" wall-content\">\u00ab\u2009Nous sommes ravis d\u2019avoir accueilli cette \u0153uvre embl\u00e9matique qui repr\u00e9sente non seulement l\u2019excellence artistique, mais fait aussi perdurer l\u2019esprit des Jeux de Paris 2024\u2009\u00bb, a comment\u00e9 <strong>Nicolas Mayer-Rossigno<\/strong>l, le maire de Rouen et pr\u00e9sident de la M\u00e9tropole.<\/p>\n<p class=\" wall-content\">Et si vous n\u2019\u00eates pas encore all\u00e9 observer Zeus, il reste encore un peu de temps pour le photographier avant qu\u2019il ne reparte au galop. L\u2019acc\u00e8s est libre, dans la limite de la jauge autoris\u00e9e.<\/p>\n<p>    <a href=\"https:\/\/www.facebook.com\/plugins\/post.php?href=https%3A%2F%2Fwww.facebook.com%2Fphoto.php%3Ffbid%3D1284399869718248%26set%3Da.223610675797178%26type%3D3&amp;show_text=true&amp;width=350\" title=\"Ouvrie le lien\" target=\"_blank\" rel=\"noopener\">Cliquez ici pour visualiser le contenu<\/a><\/p>\n<p>Vid\u00e9os : en ce moment sur Actu<\/p>\n<p class=\" wall-content\">Le cheval des JO de Paris 2024 sera visible jusqu\u2019\u00e0 22\u00a0heures ce vendredi soir. Apr\u00e8s, il sera trop tard\u2009!<\/p>\n<p>Suivez l\u2019actualit\u00e9 de Rouen sur <a href=\"https:\/\/www.whatsapp.com\/channel\/0029VaKfnf99hXF2ddApFB1D\" target=\"_blank\" rel=\"noopener\">notre cha\u00eene WhatsApp<\/a> et sur notre compte <a href=\"https:\/\/www.tiktok.com\/@76actu.fr?lang=fr\" target=\"_blank\" rel=\"noopener\">TikTok<\/a><\/p>\n<p class=\" wall-content\">Suivez toute l\u2019actualit\u00e9 de vos villes et m\u00e9dias favoris en vous inscrivant \u00e0 <a href=\"https:\/\/moncompte.actu.fr\" title=\"D\u00e9couvez Mon Actu\" rel=\"nofollow noopener\" data-trk=\"{&quot;cta&quot;:{&quot;action&quot;:&quot;https:\\\/\\\/moncompte.actu.fr&quot;,&quot;category&quot;:&quot;mon compte&quot;,&quot;from&quot;:&quot;article footer&quot;,&quot;name&quot;:&quot;Mon actu&quot;,&quot;type&quot;:&quot;cta&quot;}}\" target=\"_blank\">Mon Actu<\/a>.<\/p>\n<p>                    <script async src=\"\/\/www.tiktok.com\/embed.js\"><\/script><\/p>\n","protected":false},"excerpt":{"rendered":"Par Adrien Filoche Publi\u00e9 le 23 mai 2025 \u00e0 12h15 Zeus, le cheval des JO de Paris 2024,&hellip;\n","protected":false},"author":2,"featured_media":121814,"comment_status":"","ping_status":"","sticky":false,"template":"","format":"standard","meta":{"footnotes":""},"categories":[9587],"tags":[1111,11,9086,1777,674,1011,27,7941,5353,1652,12,5161,25,9590],"class_list":{"0":"post-121813","1":"post","2":"type-post","3":"status-publish","4":"format-standard","5":"has-post-thumbnail","7":"category-rouen","8":"tag-actu","9":"tag-actualites","10":"tag-bon-plan-a-rouen","11":"tag-eu","12":"tag-europe","13":"tag-fr","14":"tag-france","15":"tag-jo-paris-2024","16":"tag-la-seine","17":"tag-loisirs-culture","18":"tag-news","19":"tag-normandie","20":"tag-republique-francaise","21":"tag-rouen"},"share_on_mastodon":{"url":"https:\/\/pubeurope.com\/@fr\/114556848286541486","error":""},"_links":{"self":[{"href":"https:\/\/www.europesays.com\/fr\/wp-json\/wp\/v2\/posts\/121813","targetHints":{"allow":["GET"]}}],"collection":[{"href":"https:\/\/www.europesays.com\/fr\/wp-json\/wp\/v2\/posts"}],"about":[{"href":"https:\/\/www.europesays.com\/fr\/wp-json\/wp\/v2\/types\/post"}],"author":[{"embeddable":true,"href":"https:\/\/www.europesays.com\/fr\/wp-json\/wp\/v2\/users\/2"}],"replies":[{"embeddable":true,"href":"https:\/\/www.europesays.com\/fr\/wp-json\/wp\/v2\/comments?post=121813"}],"version-history":[{"count":0,"href":"https:\/\/www.europesays.com\/fr\/wp-json\/wp\/v2\/posts\/121813\/revisions"}],"wp:featuredmedia":[{"embeddable":true,"href":"https:\/\/www.europesays.com\/fr\/wp-json\/wp\/v2\/media\/121814"}],"wp:attachment":[{"href":"https:\/\/www.europesays.com\/fr\/wp-json\/wp\/v2\/media?parent=121813"}],"wp:term":[{"taxonomy":"category","embeddable":true,"href":"https:\/\/www.europesays.com\/fr\/wp-json\/wp\/v2\/categories?post=121813"},{"taxonomy":"post_tag","embeddable":true,"href":"https:\/\/www.europesays.com\/fr\/wp-json\/wp\/v2\/tags?post=121813"}],"curies":[{"name":"wp","href":"https:\/\/api.w.org\/{rel}","templated":true}]}}