{"id":121823,"date":"2025-05-23T11:16:10","date_gmt":"2025-05-23T11:16:10","guid":{"rendered":"https:\/\/www.europesays.com\/fr\/121823\/"},"modified":"2025-05-23T11:16:10","modified_gmt":"2025-05-23T11:16:10","slug":"leveque-gallican-mis-en-cause-sest-defenestre","status":"publish","type":"post","link":"https:\/\/www.europesays.com\/fr\/121823\/","title":{"rendered":"l&rsquo;\u00e9v\u00eaque gallican mis en cause s&rsquo;est d\u00e9fenestr\u00e9"},"content":{"rendered":"<p>L&rsquo;\u00e9v\u00eaque de l\u2019\u00c9glise gallicane, <a href=\"http:\/\/www.dna.fr\/faits-divers-justice\/2025\/05\/22\/un-eveque-de-l-eglise-gallicane-soupconne-d-appartenir-a-un-reseau-pedocriminel\" target=\"_blank\" rel=\"nofollow noopener\">soup\u00e7onn\u00e9 d\u2019appartenir \u00e0 un vaste r\u00e9seau de p\u00e9docriminalit\u00e9<\/a>, s&rsquo;est jet\u00e9 du troisi\u00e8me \u00e9tage au domicile d&rsquo;un proche \u00e0 Geispolsheim, pr\u00e8s de Strasbourg, ce vendredi matin a-t-on appris aupr\u00e8s de son avocat.<\/p>\n<p>Il a \u00e9t\u00e9 pris en charge par les pompiers et se trouve actuellement dans le coma. Son pronostic vital est engag\u00e9.<\/p>\n<p>L&rsquo;homme de 45 ans avait \u00e9t\u00e9 interpell\u00e9 en d\u00e9but de semaine, au centre Mis\u00e9ricorde Saint-Joseph, \u00e0 Lingolsheim. Plac\u00e9 sous contr\u00f4le judiciaire, il devait \u00eatre jug\u00e9 cet apr\u00e8s-midi, en comparution imm\u00e9diate, au tribunal de Strasbourg.<\/p>\n<p>  55 hommes interpell\u00e9s dans 42 d\u00e9partements<\/p>\n<p>Entre lundi 19 et jeudi 22 mai, cinquante-cinq hommes ont \u00e9t\u00e9 interpell\u00e9s en France <a href=\"http:\/\/www.dna.fr\/faits-divers-justice\/2025\/05\/22\/55-hommes-interpelles-pour-leurs-activites-pedocriminelles-sur-la-messagerie-telegram\" target=\"_blank\" rel=\"nofollow noopener\">dans le cadre d&rsquo;une vaste op\u00e9ration de d\u00e9mant\u00e8lement d&rsquo;un r\u00e9seau de p\u00e9docriminalit\u00e9<\/a> officiant via la messagerie crypt\u00e9e Telegram.<\/p>\n<p>Les mis en cause, \u00e2g\u00e9s de 25 \u00e0 75 ans, \u00e9changeaient sur la messagerie Telegram et \u00e9taient en lien avec des p\u00e9docriminels \u00ab extr\u00eamement dangereux \u00bb, incarc\u00e9r\u00e9s depuis l&rsquo;\u00e9t\u00e9 dernier, a expliqu\u00e9 le commissaire Quentin Bevan, chef du p\u00f4le op\u00e9rationnel de l&rsquo;Office des mineurs (Ofmin).<\/p>\n","protected":false},"excerpt":{"rendered":"L&rsquo;\u00e9v\u00eaque de l\u2019\u00c9glise gallicane, soup\u00e7onn\u00e9 d\u2019appartenir \u00e0 un vaste r\u00e9seau de p\u00e9docriminalit\u00e9, s&rsquo;est jet\u00e9 du troisi\u00e8me \u00e9tage au&hellip;\n","protected":false},"author":2,"featured_media":121824,"comment_status":"","ping_status":"","sticky":false,"template":"","format":"standard","meta":{"footnotes":""},"categories":[2820],"tags":[328,119,1111,11,2389,2649,2880,1777,674,274,107,1011,27,329,4076,775,12,25,640],"class_list":{"0":"post-121823","1":"post","2":"type-post","3":"status-publish","4":"format-standard","5":"has-post-thumbnail","7":"category-strasbourg","8":"tag-a-la-une","9":"tag-accident","10":"tag-actu","11":"tag-actualites","12":"tag-alsace","13":"tag-bas-rhin","14":"tag-edition-strasbourg","15":"tag-eu","16":"tag-europe","17":"tag-faits-divers-justice","18":"tag-fil-info","19":"tag-fr","20":"tag-france","21":"tag-france-monde","22":"tag-geispolsheim","23":"tag-grand-est","24":"tag-news","25":"tag-republique-francaise","26":"tag-strasbourg"},"share_on_mastodon":{"url":"https:\/\/pubeurope.com\/@fr\/114556868045721431","error":""},"_links":{"self":[{"href":"https:\/\/www.europesays.com\/fr\/wp-json\/wp\/v2\/posts\/121823","targetHints":{"allow":["GET"]}}],"collection":[{"href":"https:\/\/www.europesays.com\/fr\/wp-json\/wp\/v2\/posts"}],"about":[{"href":"https:\/\/www.europesays.com\/fr\/wp-json\/wp\/v2\/types\/post"}],"author":[{"embeddable":true,"href":"https:\/\/www.europesays.com\/fr\/wp-json\/wp\/v2\/users\/2"}],"replies":[{"embeddable":true,"href":"https:\/\/www.europesays.com\/fr\/wp-json\/wp\/v2\/comments?post=121823"}],"version-history":[{"count":0,"href":"https:\/\/www.europesays.com\/fr\/wp-json\/wp\/v2\/posts\/121823\/revisions"}],"wp:featuredmedia":[{"embeddable":true,"href":"https:\/\/www.europesays.com\/fr\/wp-json\/wp\/v2\/media\/121824"}],"wp:attachment":[{"href":"https:\/\/www.europesays.com\/fr\/wp-json\/wp\/v2\/media?parent=121823"}],"wp:term":[{"taxonomy":"category","embeddable":true,"href":"https:\/\/www.europesays.com\/fr\/wp-json\/wp\/v2\/categories?post=121823"},{"taxonomy":"post_tag","embeddable":true,"href":"https:\/\/www.europesays.com\/fr\/wp-json\/wp\/v2\/tags?post=121823"}],"curies":[{"name":"wp","href":"https:\/\/api.w.org\/{rel}","templated":true}]}}