{"id":121831,"date":"2025-05-23T11:20:13","date_gmt":"2025-05-23T11:20:13","guid":{"rendered":"https:\/\/www.europesays.com\/fr\/121831\/"},"modified":"2025-05-23T11:20:13","modified_gmt":"2025-05-23T11:20:13","slug":"elles-harcelent-une-fille-de-14-ans-quatre-adolescentes-arretees","status":"publish","type":"post","link":"https:\/\/www.europesays.com\/fr\/121831\/","title":{"rendered":"elles harc\u00e8lent une fille de 14 ans, quatre adolescentes arr\u00eat\u00e9es"},"content":{"rendered":"<p>            Par<br \/>\n        <strong><br \/>\n            <a href=\"https:\/\/actu.fr\/auteur\/laure-gentil\" title=\"Consulter tous les articles de Laure Gentil\" target=\"_blank\" rel=\"noopener\">Laure Gentil<\/a><br \/>\n        <\/strong><\/p>\n<p>        Publi\u00e9 le<\/p>\n<p>            23 mai 2025 \u00e0 12h13        <\/p>\n<p>La situation a commenc\u00e9 au mois d\u2019avril, mais ce n\u2019est que<strong> jeudi 22\u00a0mai 2025<\/strong>, que la police de <strong>Nantes<\/strong> a pu interpeller<strong> quatre adolescentes<\/strong> pour des faits de harc\u00e8lement et d\u2019intrusion au domicile d\u2019une autre <strong>jeune fille, \u00e2g\u00e9e de 14\u00a0ans.<\/strong><\/p>\n<p>Un diff\u00e9rent sur Snapchat<\/p>\n<p class=\" wall-content\">Selon une source polici\u00e8re, les <strong>quatre adolescentes \u00e2g\u00e9es de 15 \u00e0 16\u00a0ans,<\/strong> ont pris en grippe une autre jeune fille apr\u00e8s un diff\u00e9rent sur le <strong>r\u00e9seau social Snapchat.<\/strong> D\u00e9but avril, les adolescentes viennent frapper \u00e0 la porte de leur victime mais la police ne poss\u00e8de alors pas assez d\u2019\u00e9l\u00e9ments pour les arr\u00eater.<\/p>\n<p class=\" wall-content\">Ce jeudi 22\u00a0mai, <strong>vers 13\u2009h<\/strong>, les quatre mineures,<strong> en partie masqu\u00e9es<\/strong>, reviennent \u00e0 l\u2019appartement, frappent \u00e0 la porte et trouvent le moyen de s\u2019introduire de force au domicile de la victime. La m\u00e8re de cette derni\u00e8re, pr\u00e9sente sur les lieux, alerte les forces de l\u2019ordre. Les quatre adolescentes ont demand\u00e9 de l\u2019argent et des v\u00eatements.<\/p>\n<p class=\" wall-content\">Surprises sur place par les policiers nantais, elles ont \u00e9t\u00e9 <strong>plac\u00e9es en garde \u00e0 vue<\/strong> au commissariat Waldeck Rousseau pour harc\u00e8lement sur mineure de moins de 15\u00a0ans, intrusion et menaces.<\/p>\n<p class=\" wall-content\">Suivez toute l\u2019actualit\u00e9 de vos villes et m\u00e9dias favoris en vous inscrivant \u00e0 <a href=\"https:\/\/moncompte.actu.fr\" title=\"D\u00e9couvez Mon Actu\" rel=\"nofollow noopener\" data-trk=\"{&quot;cta&quot;:{&quot;action&quot;:&quot;https:\\\/\\\/moncompte.actu.fr&quot;,&quot;category&quot;:&quot;mon compte&quot;,&quot;from&quot;:&quot;article footer&quot;,&quot;name&quot;:&quot;Mon actu&quot;,&quot;type&quot;:&quot;cta&quot;}}\" target=\"_blank\">Mon Actu<\/a>.<\/p>\n<ul class=\"ac-article-tag wall-content\">\n<li><a href=\"https:\/\/actu.fr\/tag\/harcelement-scolaire\" data-trk=\"{&quot;cta&quot;:{&quot;action&quot;:&quot;Harc\\u00e8lement scolaire&quot;,&quot;category&quot;:&quot;tag&quot;,&quot;from&quot;:&quot;article footer&quot;,&quot;name&quot;:&quot;Harc\\u00e8lement scolaire&quot;,&quot;type&quot;:&quot;cta&quot;}}\" target=\"_blank\" rel=\"noopener\">#Harc\u00e8lement scolaire<\/a><\/li>\n<li><a href=\"https:\/\/actu.fr\/tag\/police\" data-trk=\"{&quot;cta&quot;:{&quot;action&quot;:&quot;Police&quot;,&quot;category&quot;:&quot;tag&quot;,&quot;from&quot;:&quot;article footer&quot;,&quot;name&quot;:&quot;Police&quot;,&quot;type&quot;:&quot;cta&quot;}}\" target=\"_blank\" rel=\"noopener\">#Police<\/a><\/li>\n<\/ul>\n","protected":false},"excerpt":{"rendered":"Par Laure Gentil Publi\u00e9 le 23 mai 2025 \u00e0 12h13 La situation a commenc\u00e9 au mois d\u2019avril, mais&hellip;\n","protected":false},"author":2,"featured_media":121832,"comment_status":"","ping_status":"","sticky":false,"template":"","format":"standard","meta":{"footnotes":""},"categories":[2818],"tags":[1111,11,1777,674,118,1011,27,17930,766,12,2636,1072,25],"class_list":{"0":"post-121831","1":"post","2":"type-post","3":"status-publish","4":"format-standard","5":"has-post-thumbnail","7":"category-nantes","8":"tag-actu","9":"tag-actualites","10":"tag-eu","11":"tag-europe","12":"tag-faits-divers","13":"tag-fr","14":"tag-france","15":"tag-harcelement-scolaire","16":"tag-nantes","17":"tag-news","18":"tag-pays-de-la-loire","19":"tag-police","20":"tag-republique-francaise"},"share_on_mastodon":{"url":"https:\/\/pubeurope.com\/@fr\/114556883666279246","error":""},"_links":{"self":[{"href":"https:\/\/www.europesays.com\/fr\/wp-json\/wp\/v2\/posts\/121831","targetHints":{"allow":["GET"]}}],"collection":[{"href":"https:\/\/www.europesays.com\/fr\/wp-json\/wp\/v2\/posts"}],"about":[{"href":"https:\/\/www.europesays.com\/fr\/wp-json\/wp\/v2\/types\/post"}],"author":[{"embeddable":true,"href":"https:\/\/www.europesays.com\/fr\/wp-json\/wp\/v2\/users\/2"}],"replies":[{"embeddable":true,"href":"https:\/\/www.europesays.com\/fr\/wp-json\/wp\/v2\/comments?post=121831"}],"version-history":[{"count":0,"href":"https:\/\/www.europesays.com\/fr\/wp-json\/wp\/v2\/posts\/121831\/revisions"}],"wp:featuredmedia":[{"embeddable":true,"href":"https:\/\/www.europesays.com\/fr\/wp-json\/wp\/v2\/media\/121832"}],"wp:attachment":[{"href":"https:\/\/www.europesays.com\/fr\/wp-json\/wp\/v2\/media?parent=121831"}],"wp:term":[{"taxonomy":"category","embeddable":true,"href":"https:\/\/www.europesays.com\/fr\/wp-json\/wp\/v2\/categories?post=121831"},{"taxonomy":"post_tag","embeddable":true,"href":"https:\/\/www.europesays.com\/fr\/wp-json\/wp\/v2\/tags?post=121831"}],"curies":[{"name":"wp","href":"https:\/\/api.w.org\/{rel}","templated":true}]}}