{"id":121833,"date":"2025-05-23T11:21:08","date_gmt":"2025-05-23T11:21:08","guid":{"rendered":"https:\/\/www.europesays.com\/fr\/121833\/"},"modified":"2025-05-23T11:21:08","modified_gmt":"2025-05-23T11:21:08","slug":"suspecte-dagression-sexuelle-sur-sa-voisine-dans-le-train-un-homme-interpelle-a-son-arrivee-en-gare","status":"publish","type":"post","link":"https:\/\/www.europesays.com\/fr\/121833\/","title":{"rendered":"suspect\u00e9 d\u2019agression sexuelle sur sa voisine dans le train, un homme interpell\u00e9 \u00e0 son arriv\u00e9e en gare"},"content":{"rendered":"<p>Il aurait gliss\u00e9 sa main sous les fesses de la jeune femme endormie, \u00e0 plusieurs reprises. \u00c0 l\u2019arriv\u00e9e de ce trajet Paris-Nantes, la police l\u2019attendait.<\/p>\n<p class=\"fig-paragraph\">La\u00a0<a href=\"http:\/\/www.lefigaro.fr\/faits-divers\/rennes-un-chien-abattu-dans-la-gare-par-la-surete-ferroviaire-20250519\" target=\"_blank\" data-fig-type=\"NewsFlash\" rel=\"noopener\" data-gtm-custom-categorie=\"navigation\" data-gtm-custom-action=\"crossclick\" data-gtm-custom-label=\"Contextuel\" data-gtm-event=\"customEventSPE\" data-fig-domain=\"LEFIGARO\">police ferroviaire<\/a>\u00a0de la\u00a0<a href=\"http:\/\/www.lefigaro.fr\/social\/on-n-en-restera-pas-la-le-collectif-des-controleurs-et-sud-rail-brandissent-la-menace-d-une-nouvelle-greve-a-la-sncf-20250519\" target=\"_blank\" data-fig-type=\"Article\" rel=\"noopener\" data-gtm-custom-categorie=\"navigation\" data-gtm-custom-action=\"crossclick\" data-gtm-custom-label=\"Contextuel\" data-gtm-event=\"customEventSPE\" data-fig-domain=\"LEFIGARO\">SNCF<\/a>\u00a0l\u2019attendait \u00e0 l\u2019arriv\u00e9e. Jeudi en fin de journ\u00e9e, un voyageur a \u00e9t\u00e9 interpell\u00e9 en\u00a0<a href=\"http:\/\/www.lefigaro.fr\/nantes\/a-la-gare-de-nantes-une-comedie-musicale-etudiante-filmee-entre-les-flots-de-passagers-et-une-greve-de-vtc-20240416\" target=\"_blank\" data-fig-type=\"NewsFlash\" rel=\"noopener\" data-gtm-custom-categorie=\"navigation\" data-gtm-custom-action=\"crossclick\" data-gtm-custom-label=\"Contextuel\" data-gtm-event=\"customEventSPE\" data-fig-domain=\"LEFIGARO\">gare de Nantes<\/a>, \u00e0 la descente de son train en provenance de Paris-Austerlitz, d\u2019o\u00f9 partent des OUIGO. Cet individu de 22 ans est suspect\u00e9 d\u2019avoir commis une agression sexuelle sur sa voisine, a appris Le Figaro de source polici\u00e8re. Selon les premiers \u00e9l\u00e9ments, il aurait tent\u00e9 de glisser sa main sous les fesses de la jeune femme qui s\u2019\u00e9tait assoupie pendant le voyage.<\/p>\n<p class=\"fig-paragraph\">R\u00e9veill\u00e9e par ses agissements, celle-ci l\u2019aurait pri\u00e9 d\u2019y mettre un terme. Sauf qu\u2019au lieu d\u2019arr\u00eater, il aurait continu\u00e9. \u00abLa victime va r\u00e9ussir \u00e0 filmer avec son t\u00e9l\u00e9phone une partie des agissements, avant de pouvoir se lib\u00e9rer de son emprise\u00bb, confie un proche de l\u2019enqu\u00eate. L\u2019accusatrice a \u00e9galement alert\u00e9 les contr\u00f4leurs, permettant l\u2019arrestation \u00e0 l\u2019arriv\u00e9e du mis en cause par la SUGE (S\u00fbret\u00e9 G\u00e9n\u00e9rale), avant que la police nationale ne prenne le relais. Vendredi matin, il se trouvait toujours en garde \u00e0 vue au commissariat central de Nantes.<\/p>\n","protected":false},"excerpt":{"rendered":"Il aurait gliss\u00e9 sa main sous les fesses de la jeune femme endormie, \u00e0 plusieurs reprises. \u00c0 l\u2019arriv\u00e9e&hellip;\n","protected":false},"author":2,"featured_media":121834,"comment_status":"","ping_status":"","sticky":false,"template":"","format":"standard","meta":{"footnotes":""},"categories":[2818],"tags":[1111,11,1267,1777,674,462,1011,27,2640,2642,766,2638,2643,2637,2639,2646,2645,2641,2635,2644,2647,12,2636,25,2215],"class_list":{"0":"post-121833","1":"post","2":"type-post","3":"status-publish","4":"format-standard","5":"has-post-thumbnail","7":"category-nantes","8":"tag-actu","9":"tag-actualites","10":"tag-agression-sexuelle","11":"tag-eu","12":"tag-europe","13":"tag-fc-nantes","14":"tag-fr","15":"tag-france","16":"tag-hauts-paves-saint-felix","17":"tag-ile-de-nantes","18":"tag-nantes","19":"tag-nantes-bellevue-chantenay-sainte-anne","20":"tag-nantes-breil-barberie","21":"tag-nantes-centre-ville","22":"tag-nantes-dervallieres-zola","23":"tag-nantes-doulon-bottiere","24":"tag-nantes-erdre","25":"tag-nantes-malakoff-saint-donatien","26":"tag-nantes-metropole","27":"tag-nantes-nord","28":"tag-nantes-sud","29":"tag-news","30":"tag-pays-de-la-loire","31":"tag-republique-francaise","32":"tag-sncf"},"share_on_mastodon":{"url":"https:\/\/pubeurope.com\/@fr\/114556887593776527","error":""},"_links":{"self":[{"href":"https:\/\/www.europesays.com\/fr\/wp-json\/wp\/v2\/posts\/121833","targetHints":{"allow":["GET"]}}],"collection":[{"href":"https:\/\/www.europesays.com\/fr\/wp-json\/wp\/v2\/posts"}],"about":[{"href":"https:\/\/www.europesays.com\/fr\/wp-json\/wp\/v2\/types\/post"}],"author":[{"embeddable":true,"href":"https:\/\/www.europesays.com\/fr\/wp-json\/wp\/v2\/users\/2"}],"replies":[{"embeddable":true,"href":"https:\/\/www.europesays.com\/fr\/wp-json\/wp\/v2\/comments?post=121833"}],"version-history":[{"count":0,"href":"https:\/\/www.europesays.com\/fr\/wp-json\/wp\/v2\/posts\/121833\/revisions"}],"wp:featuredmedia":[{"embeddable":true,"href":"https:\/\/www.europesays.com\/fr\/wp-json\/wp\/v2\/media\/121834"}],"wp:attachment":[{"href":"https:\/\/www.europesays.com\/fr\/wp-json\/wp\/v2\/media?parent=121833"}],"wp:term":[{"taxonomy":"category","embeddable":true,"href":"https:\/\/www.europesays.com\/fr\/wp-json\/wp\/v2\/categories?post=121833"},{"taxonomy":"post_tag","embeddable":true,"href":"https:\/\/www.europesays.com\/fr\/wp-json\/wp\/v2\/tags?post=121833"}],"curies":[{"name":"wp","href":"https:\/\/api.w.org\/{rel}","templated":true}]}}