{"id":121837,"date":"2025-05-23T11:23:20","date_gmt":"2025-05-23T11:23:20","guid":{"rendered":"https:\/\/www.europesays.com\/fr\/121837\/"},"modified":"2025-05-23T11:23:20","modified_gmt":"2025-05-23T11:23:20","slug":"le-barreau-de-bordeaux-lance-un-cycle-de-conferences-pour-accompagner-les-acteurs-economiques","status":"publish","type":"post","link":"https:\/\/www.europesays.com\/fr\/121837\/","title":{"rendered":"le Barreau de Bordeaux lance un cycle de conf\u00e9rences pour accompagner les acteurs \u00e9conomiques"},"content":{"rendered":"<p class=\"legende\">\n\t\t\t\t\t\t\t\t\tLa premi\u00e8re conf\u00e9rence s&rsquo;est r\u00e9cemment d\u00e9roul\u00e9e avec Ma\u00eetre Damien Simon, avocat au Barreau de Bordeaux ; et Timoth\u00e9e Duverger, Maitre de conf\u00e9rences associ\u00e9 et responsable de la Chaire TerrESS \u00e0 Sciences Po Bordeaux. Cr\u00e9dits : A. B.\n\t\t\t\t\t\t\t\t<\/p>\n<p class=\"excerpt\">S\u2019inscrire dans l\u2019\u00e9conomie sociale et solidaire, tant dans un r\u00f4le d\u2019accompagnant que d\u2019acteur directement concern\u00e9. Telle est l\u2019ambition 2025 du Barreau de Bordeaux, qui lance un cycle de plusieurs conf\u00e9rences ouvertes \u00e0 tous.<\/p>\n<p>Cet article premium vous int\u00e9resse ?<\/p>\n<p>Rejoignez nos 1000 adh\u00e9rents<\/p>\n<p>\n\t\t\t\t\t\t\t\t\t\t\t\t\t\tGagnez en visibilit\u00e9 et profitez d\u2019un r\u00e9seau de plusieurs centaines d\u2019adh\u00e9rents.\n\t\t\t\t\t\t\t\t\t\t\t\t\t<\/p>\n","protected":false},"excerpt":{"rendered":"La premi\u00e8re conf\u00e9rence s&rsquo;est r\u00e9cemment d\u00e9roul\u00e9e avec Ma\u00eetre Damien Simon, avocat au Barreau de Bordeaux ; et Timoth\u00e9e&hellip;\n","protected":false},"author":2,"featured_media":121838,"comment_status":"","ping_status":"","sticky":false,"template":"","format":"standard","meta":{"footnotes":""},"categories":[2817],"tags":[1111,11,1997,1777,674,1011,27,12,2219,5645,25],"class_list":{"0":"post-121837","1":"post","2":"type-post","3":"status-publish","4":"format-standard","5":"has-post-thumbnail","7":"category-bordeaux","8":"tag-actu","9":"tag-actualites","10":"tag-bordeaux","11":"tag-eu","12":"tag-europe","13":"tag-fr","14":"tag-france","15":"tag-news","16":"tag-nouvelle-aquitaine","17":"tag-placco-placeco","18":"tag-republique-francaise"},"share_on_mastodon":{"url":"https:\/\/pubeurope.com\/@fr\/114556895506789583","error":""},"_links":{"self":[{"href":"https:\/\/www.europesays.com\/fr\/wp-json\/wp\/v2\/posts\/121837","targetHints":{"allow":["GET"]}}],"collection":[{"href":"https:\/\/www.europesays.com\/fr\/wp-json\/wp\/v2\/posts"}],"about":[{"href":"https:\/\/www.europesays.com\/fr\/wp-json\/wp\/v2\/types\/post"}],"author":[{"embeddable":true,"href":"https:\/\/www.europesays.com\/fr\/wp-json\/wp\/v2\/users\/2"}],"replies":[{"embeddable":true,"href":"https:\/\/www.europesays.com\/fr\/wp-json\/wp\/v2\/comments?post=121837"}],"version-history":[{"count":0,"href":"https:\/\/www.europesays.com\/fr\/wp-json\/wp\/v2\/posts\/121837\/revisions"}],"wp:featuredmedia":[{"embeddable":true,"href":"https:\/\/www.europesays.com\/fr\/wp-json\/wp\/v2\/media\/121838"}],"wp:attachment":[{"href":"https:\/\/www.europesays.com\/fr\/wp-json\/wp\/v2\/media?parent=121837"}],"wp:term":[{"taxonomy":"category","embeddable":true,"href":"https:\/\/www.europesays.com\/fr\/wp-json\/wp\/v2\/categories?post=121837"},{"taxonomy":"post_tag","embeddable":true,"href":"https:\/\/www.europesays.com\/fr\/wp-json\/wp\/v2\/tags?post=121837"}],"curies":[{"name":"wp","href":"https:\/\/api.w.org\/{rel}","templated":true}]}}