{"id":121839,"date":"2025-05-23T11:24:10","date_gmt":"2025-05-23T11:24:10","guid":{"rendered":"https:\/\/www.europesays.com\/fr\/121839\/"},"modified":"2025-05-23T11:24:10","modified_gmt":"2025-05-23T11:24:10","slug":"toulouse-dans-cette-boutique-ephemere-lartisanat-et-la-culture-sont-mises-a-lhonneur","status":"publish","type":"post","link":"https:\/\/www.europesays.com\/fr\/121839\/","title":{"rendered":"Toulouse. Dans cette boutique \u00e9ph\u00e9m\u00e8re, l&rsquo;artisanat et la culture sont mises \u00e0 l&rsquo;honneur"},"content":{"rendered":"<p>            Par<br \/>\n        <strong><br \/>\n            <a href=\"https:\/\/actu.fr\/auteur\/nina-hossein-zadeh\" title=\"Consulter tous les articles de Nina Hossein-Zadeh\" target=\"_blank\" rel=\"noopener\">Nina Hossein-Zadeh<\/a><br \/>\n        <\/strong><\/p>\n<p>        Publi\u00e9 le<\/p>\n<p>            23 mai 2025 \u00e0 13h08        <\/p>\n<p>Il va y avoir de la couleur dans vos int\u00e9rieurs avec <strong>Maison P\u00e9ruvienne<\/strong>\u2009! Install\u00e9e au 30 rue Mage en plein centre-ville de Toulouse, la boutique \u00e9ph\u00e9m\u00e8re a pris place lundi 19\u00a0mai 2025 dans le cadre des semaines de l\u2019Am\u00e9rique latine et des Cara\u00efbes qui se tient <a href=\"https:\/\/actu.fr\/toulouse\/\" target=\"_blank\" rel=\"noopener\"><strong>\u00e0 Toulouse<\/strong><\/a> du 22 mai au 8 juin. <strong>C\u00e9cilia Espinoza<\/strong>, patronne de Maison P\u00e9ruvienne, invite les curieux \u00e0 venir d\u00e9couvrir sa culture et l\u2019artisanat p\u00e9ruvien<strong> jusqu\u2019au 31\u00a0mai<\/strong>.<\/p>\n<p>Le P\u00e9rou pose ses valises \u00e0 Toulouse<\/p>\n<p class=\" wall-content\">En passant la porte de Maison P\u00e9ruvienne, le d\u00e9paysement est total. Des tapis en laine de lama fabriqu\u00e9s \u00e0 Cuzco d\u00e9corent les murs, aux c\u00f4t\u00e9s de broderies, de bijoux, de miroirs, et de petits mobiliers.<\/p>\n<p class=\" wall-content\">\u00ab\u2009L\u2019id\u00e9e, c\u2019est de<strong> ramener le P\u00e9rou \u00e0 Toulouse<\/strong> et de mettre en avant les artisans, <strong>sur la base d\u2019un circuit court<\/strong>.\u2009\u00bb C\u00e9cilia est originaire de Lima au P\u00e9rou. Tout naturellement, elle se rend r\u00e9guli\u00e8rement dans son pays pour d\u00e9nicher de nouveaux artisans qui mettent en avant la culture p\u00e9ruvienne. L\u00e0-bas, \u00e7a ne manque pas. \u00ab\u2009Je favorise les artisans ou les petites entreprises.\u2009\u00bb<\/p>\n<p class=\" wall-content\">Pour donner \u00e0 voir, C\u00e9cilia n\u2019h\u00e9site pas \u00e0 parcourir les nombreuses r\u00e9gions du P\u00e9rou. \u00ab\u2009Les savoir-faire sont diff\u00e9rents selon la localisation\u2009\u00bb, confie-t-elle, pr\u00e9cisant vouloir repr\u00e9senter les richesses de son pays.<\/p>\n<p class=\" wall-content\">\u00ab\u2009Le P\u00e9rou, on le conna\u00eet par le biais du Machu Picchu et des lamas, la culture est floue de mani\u00e8re g\u00e9n\u00e9rale. Moi, je veux montrer<strong> la richesse et l\u2019h\u00e9ritage que l\u2019on se r\u00e9approprie aussi.<\/strong>\u2009\u00bb<\/p>\n<p>Vid\u00e9os : en ce moment sur Actu<br \/>\n    <img   decoding=\"async\" loading=\"lazy\" src=\"https:\/\/www.europesays.com\/fr\/wp-content\/uploads\/2025\/05\/maison-peruvienne-2-960x640.jpg\" alt=\"La boutique Maison P\u00e9ruvienne regorge d'objets de d\u00e9coration p\u00e9ruviens tr\u00e8s color\u00e9s.\" width=\"960\" height=\"640\"\/><br \/>\n    La boutique Maison P\u00e9ruvienne regorge d\u2019objets de d\u00e9coration p\u00e9ruviens tr\u00e8s color\u00e9s. (\u00a9Nina Hossein Zadeh)L\u2019art du textile\u2009: \u00ab\u2009\u00e7a vaut plus que l\u2019or\u2009\u00bb<\/p>\n<p class=\" wall-content\">En accueillant les visiteurs, la patronne la Maison P\u00e9ruvienne prend plaisir \u00e0 partager l\u2019histoire du P\u00e9rou et des savoir-faire, notamment de<strong> l\u2019art textile<\/strong>.<\/p>\n<p class=\" wall-content\">\u00ab\u2009Le textile, \u00e0 l\u2019\u00e9poque pr\u00e9colombienne (avant 1492, N.D.L.R.), valait plus que de l\u2019or. Tout simplement parce que l\u2019on pouvait passer des ann\u00e9es pour fabriquer un textile. C\u2019\u00e9taient les cadeaux de l\u2019\u00e9poque. C\u2019est aussi <strong>notre moyen de communication\u2009:<\/strong> on sait par exemple si la personne est mari\u00e9e en fonction des couleurs ou de l\u2019histoire racont\u00e9e sur le v\u00eatement\u2009\u00bb, pr\u00e9cise C\u00e9cilia.<\/p>\n<p class=\" wall-content\">Alors forc\u00e9ment, cet art du textile prend une place dominante dans sa boutique Maison P\u00e9ruvienne. Elle a notamment pris plaisir \u00e0 s\u00e9lectionner des tisserandes qu\u2019elle conna\u00eet tr\u00e8s bien. \u00ab\u2009Elles fabriquent des broderies qui repr\u00e9sentent les fleurs andines, qu\u2019on trouve \u00e0 presque 3\u2009000\u00a0m\u00e8tres d\u2019altitude.\u2009\u00bb<\/p>\n<p>    <img   decoding=\"async\" loading=\"lazy\" src=\"https:\/\/www.europesays.com\/fr\/wp-content\/uploads\/2025\/05\/maison-peruvienne-6-960x640.jpg\" alt=\"Les tapis sont fabriqu\u00e9s en laine de lama par la communaut\u00e9 Chinchero \u00e0 Cusco, dans la Vall\u00e9e sacr\u00e9e des Incas.\" width=\"960\" height=\"640\"\/><br \/>\n    Les tapis sont fabriqu\u00e9s en laine de lama par la communaut\u00e9 Chinchero \u00e0 Cusco, dans la Vall\u00e9e sacr\u00e9e des Incas. (\u00a9Nina Hossein-Zadeh)Une capsule franco-p\u00e9ruvienne<\/p>\n<p class=\" wall-content\">Cette ann\u00e9e, C\u00e9cilia a profit\u00e9 de cette exposition pour faire travailler ses mains. Dans Maison P\u00e9ruvienne, on retrouve<strong> du mobilier qu\u2019elle a con\u00e7u \u00e0 partir de mat\u00e9riaux recycl\u00e9s<\/strong>.<\/p>\n<p class=\" wall-content\">\u00ab\u2009C\u2019est une collection franco-p\u00e9ruvienne\u2009\u00bb, s\u2019enthousiasme C\u00e9cilia. Apr\u00e8s avoir chin\u00e9 du mobilier, comme des tabourets ou des bancs, les avoir remis d\u2019appoint, elle a les a recouvert de tissus traditionnels p\u00e9ruviens pour un mariage plus que r\u00e9ussi\u2009!<\/p>\n<p class=\" wall-content\">\u00ab\u2009\u00c7a m\u2019a plu et puis j\u2019ai pu voir les heures de travail que \u00e7a demande pour fabriquer du petit mobilier.\u2009\u00bb<\/p>\n<p>    <img   decoding=\"async\" loading=\"lazy\" src=\"https:\/\/www.europesays.com\/fr\/wp-content\/uploads\/2025\/05\/maison-peruvienne-4-960x640.jpg\" alt=\"Ce tabouret fait partie de la capsule franco-p\u00e9ruvienne con\u00e7ue par C\u00e9cilia Espinoza.\" width=\"960\" height=\"640\"\/><br \/>\n    Ce tabouret fait partie de la capsule franco-p\u00e9ruvienne con\u00e7ue par C\u00e9cilia Espinoza. (\u00a9Nina Hossein-Zadeh)De la d\u00e9coration pour la maison<\/p>\n<p class=\" wall-content\">Outre le textile,<strong> les miroirs Soleils<\/strong> faits en bois sculpt\u00e9 et recouvert de dorure de feuille de bronze recouvrent les murs de la boutique.<\/p>\n<p class=\" wall-content\">De petites peintures traditionnelles, appel\u00e9es <strong>Tablas de Sarhua,<\/strong> sont \u00e9galement expos\u00e9es, non loin des bougeoirs et <strong>des Palo Santo<\/strong>, des c\u00f4nes d\u2019encens fabriqu\u00e9s \u00e0 partir de Bursera Graveolens, un arbre issu de for\u00eats s\u00e8ches au nord du P\u00e9rou.<\/p>\n<p>    <img   decoding=\"async\" loading=\"lazy\" src=\"https:\/\/www.europesays.com\/fr\/wp-content\/uploads\/2025\/05\/maison-peruvienne-5-960x640.jpg\" alt=\"Les bougeoirs sont r\u00e9alis\u00e9s dans les ateliers de la famille Araujo \u00e0&#10;Ayacucho. Ce sont des ma\u00eetres artisans qui utilisent des techniques traditionnelles.\" width=\"960\" height=\"640\"\/><br \/>\n    Les bougeoirs sont r\u00e9alis\u00e9s dans les ateliers de la famille Araujo \u00e0<br \/>Ayacucho. Ce sont des ma\u00eetres artisans qui utilisent des techniques traditionnelles. (\u00a9Nina Hossein-Zadeh)Ateliers yoga et broderie au programme<\/p>\n<p class=\" wall-content\">Des ateliers vont \u00e9galement venir compl\u00e9ter cette exposition \u00e9ph\u00e9m\u00e8re. Le 23\u00a0mai, de 18\u00a0heures \u00e0 19\u00a0heures, <strong>une s\u00e9ance de yoga et m\u00e9ditation andine<\/strong> se tiendra \u00e0 la boutique.<\/p>\n<p class=\" wall-content\">Le 28 mai de 18 heures \u00e0 19\u2009h\u200930, c\u2019est <strong>un atelier de broderie artisanale Ayacuchana<\/strong> qui aura lieu. Pour y participer, il faudra s\u2019inscrire au pr\u00e9alable sur <a href=\"https:\/\/www.lamaisonperuvienne.com\/pop-up\" target=\"_blank\" rel=\"noopener\">le site en ligne<\/a>.<\/p>\n<p class=\" wall-content\">La boutique est ouverte tous les jours de 11 heures \u00e0 19 heures, y compris les dimanches et jours f\u00e9ri\u00e9s, jusqu\u2019au 31 mai 2025.<\/p>\n<p class=\" wall-content\">Suivez toute l\u2019actualit\u00e9 de vos villes et m\u00e9dias favoris en vous inscrivant \u00e0 <a href=\"https:\/\/moncompte.actu.fr\" title=\"D\u00e9couvez Mon Actu\" rel=\"nofollow noopener\" data-trk=\"{&quot;cta&quot;:{&quot;action&quot;:&quot;https:\\\/\\\/moncompte.actu.fr&quot;,&quot;category&quot;:&quot;mon compte&quot;,&quot;from&quot;:&quot;article footer&quot;,&quot;name&quot;:&quot;Mon actu&quot;,&quot;type&quot;:&quot;cta&quot;}}\" target=\"_blank\">Mon Actu<\/a>.<\/p>\n<ul class=\"ac-article-tag wall-content\">\n<li><a href=\"https:\/\/actu.fr\/tag\/nouveaux-commerces-a-toulouse\" data-trk=\"{&quot;cta&quot;:{&quot;action&quot;:&quot;Nouveaux commerces \\u00e0 Toulouse&quot;,&quot;category&quot;:&quot;tag&quot;,&quot;from&quot;:&quot;article footer&quot;,&quot;name&quot;:&quot;Nouveaux commerces \\u00e0 Toulouse&quot;,&quot;type&quot;:&quot;cta&quot;}}\" target=\"_blank\" rel=\"noopener\">#Nouveaux commerces \u00e0 Toulouse<\/a><\/li>\n<\/ul>\n","protected":false},"excerpt":{"rendered":"Par Nina Hossein-Zadeh Publi\u00e9 le 23 mai 2025 \u00e0 13h08 Il va y avoir de la couleur dans&hellip;\n","protected":false},"author":2,"featured_media":121840,"comment_status":"","ping_status":"","sticky":false,"template":"","format":"standard","meta":{"footnotes":""},"categories":[2816],"tags":[1111,11,1777,674,1011,27,12,2849,2680,25,104,2312],"class_list":{"0":"post-121839","1":"post","2":"type-post","3":"status-publish","4":"format-standard","5":"has-post-thumbnail","7":"category-toulouse","8":"tag-actu","9":"tag-actualites","10":"tag-eu","11":"tag-europe","12":"tag-fr","13":"tag-france","14":"tag-news","15":"tag-nouveaux-commerces-a-toulouse","16":"tag-occitanie","17":"tag-republique-francaise","18":"tag-societe","19":"tag-toulouse"},"share_on_mastodon":{"url":"https:\/\/pubeurope.com\/@fr\/114556899597996872","error":""},"_links":{"self":[{"href":"https:\/\/www.europesays.com\/fr\/wp-json\/wp\/v2\/posts\/121839","targetHints":{"allow":["GET"]}}],"collection":[{"href":"https:\/\/www.europesays.com\/fr\/wp-json\/wp\/v2\/posts"}],"about":[{"href":"https:\/\/www.europesays.com\/fr\/wp-json\/wp\/v2\/types\/post"}],"author":[{"embeddable":true,"href":"https:\/\/www.europesays.com\/fr\/wp-json\/wp\/v2\/users\/2"}],"replies":[{"embeddable":true,"href":"https:\/\/www.europesays.com\/fr\/wp-json\/wp\/v2\/comments?post=121839"}],"version-history":[{"count":0,"href":"https:\/\/www.europesays.com\/fr\/wp-json\/wp\/v2\/posts\/121839\/revisions"}],"wp:featuredmedia":[{"embeddable":true,"href":"https:\/\/www.europesays.com\/fr\/wp-json\/wp\/v2\/media\/121840"}],"wp:attachment":[{"href":"https:\/\/www.europesays.com\/fr\/wp-json\/wp\/v2\/media?parent=121839"}],"wp:term":[{"taxonomy":"category","embeddable":true,"href":"https:\/\/www.europesays.com\/fr\/wp-json\/wp\/v2\/categories?post=121839"},{"taxonomy":"post_tag","embeddable":true,"href":"https:\/\/www.europesays.com\/fr\/wp-json\/wp\/v2\/tags?post=121839"}],"curies":[{"name":"wp","href":"https:\/\/api.w.org\/{rel}","templated":true}]}}