{"id":121841,"date":"2025-05-23T11:25:09","date_gmt":"2025-05-23T11:25:09","guid":{"rendered":"https:\/\/www.europesays.com\/fr\/121841\/"},"modified":"2025-05-23T11:25:09","modified_gmt":"2025-05-23T11:25:09","slug":"voici-a-quoi-sattendre-durant-le-week-end-special-tour-de-france-a-toulouse","status":"publish","type":"post","link":"https:\/\/www.europesays.com\/fr\/121841\/","title":{"rendered":"voici \u00e0 quoi s&rsquo;attendre durant le week-end sp\u00e9cial Tour de France \u00e0 Toulouse"},"content":{"rendered":"<p>            Par<br \/>\n        <strong><br \/>\n            <a href=\"https:\/\/actu.fr\/auteur\/lea-afonso\" title=\"Consulter tous les articles de L\u00e9a Afonso\" rel=\"nofollow noopener\" target=\"_blank\">L\u00e9a Afonso<\/a><br \/>\n        <\/strong><\/p>\n<p>        Publi\u00e9 le<\/p>\n<p>            23 mai 2025 \u00e0 12h23        <\/p>\n<p>Le tour est de retour cette ann\u00e9e \u00e0 <a href=\"https:\/\/actu.fr\/toulouse\/\" rel=\"nofollow noopener\" target=\"_blank\">Toulouse<\/a>\u2009! Pour le plus grand bonheur des supporters, <a href=\"https:\/\/actu.fr\/occitanie\/toulouse_31555\/ou-voir-le-tour-de-france-a-toulouse-voici-le-trace-de-la-boucle-qui-part-et-arrive-dans-la-ville-rose_62435697.html\" rel=\"nofollow noopener\" target=\"_blank\">une<strong> boucle 100\u2009% toulousaine<\/strong><\/a> \u2014 et alentours proches \u2014 se d\u00e9roulera le 16\u00a0juillet prochain. Alors pour patienter avant de se plonger dans l\u2019ambiance, la mairie organise un <strong>week-end sp\u00e9cial<\/strong> les 24 et 25\u00a0mai 2025, aux couleurs de la course. Voici \u00e0 quoi s\u2019attendre.<\/p>\n<p>Un week-end salu\u00e9 par le maire<\/p>\n<p class=\" wall-content\">Toulouse a tous ses sens \u00e9veill\u00e9s\u2009: le Tour de France ne va plus tarder \u00e0 arriver. Le maire de la ville Jean-Luc Moudenc est le premier \u00e0 affirmer son impatience\u2009: \u00ab\u2009Nous sommes nombreux \u00e0 <strong>attendre le retour du Tour de France<\/strong> \u00e0 Toulouse, en juillet prochain\u2009\u00bb.<\/p>\n<p class=\" wall-content\">Alors pour patienter dans la bonne humeur, la Ville organise un week-end sp\u00e9cial\u2009:<\/p>\n<blockquote class=\"ac-article-quote wall-content\">\n<p>Je vous invite \u00e0 c\u00e9l\u00e9brer le Tour, avec tous nos partenaires, les 24 et 25 mai, \u00e0 Toulouse. Deux jours d&rsquo;une f\u00eate que nous avons voulue familiale et populaire, \u00e0 l&rsquo;image de la grande boucle.<\/p>\n<p>    <strong>Jean-Luc Moudenc<\/strong><br \/>\n        Maire de Toulouse et Pr\u00e9sident de Toulouse M\u00e9tropole    <\/p><\/blockquote>\n<p>Dict\u00e9e, escalade et match<\/p>\n<p class=\" wall-content\">Les festivit\u00e9s d\u00e9buteront d\u00e8s le<strong> samedi 24\u00a0mai<\/strong> \u00e0 10h. Rendez-vous place <strong>Saint-Pierre<\/strong> en plein c\u0153ur de Toulouse pour d\u00e9couvrir l\u2019<strong>apprentissage et la pratique du v\u00e9lo<\/strong> dans un espace s\u00e9curis\u00e9. Une activit\u00e9 r\u00e9serv\u00e9e aux 3\/11\u00a0ans.<\/p>\n<p>Vid\u00e9os : en ce moment sur Actu<\/p>\n<p class=\" wall-content\">\u00c0 14\u2009h\u200930, toujours place Saint-Pierre, il faudra remuer ses m\u00e9ninges pour la grande <strong>dict\u00e9e<\/strong> du Tour de France. Les enfants gagnants seront mis \u00e0 l\u2019honneur\u2009: remise d\u2019un dipl\u00f4me par le maire de la ville et maillot jaune offert par le TFC.<\/p>\n<p class=\" wall-content\">Au<strong> quai de la Daurade,<\/strong> une tout autre ambiance se fera ressentir avec \u00ab\u2009une <strong>op\u00e9ration gonflage en folie<\/strong>\u2009\u00bb, \u00ab\u2009un challenge inspir\u00e9 des m\u00e9caniciens du Tour de France, o\u00f9 rapidit\u00e9 et technique sont de mise\u2009\u00bb, explique la mairie de Toulouse. De 14h \u00e0 17h.<\/p>\n<p class=\" wall-content\">Toute la journ\u00e9e, les curieux, d\u00e9butants ou experts pourront aussi se d\u00e9fier sur un<strong> mur d\u2019escalade<\/strong>, ou encore <strong>semer des graines<\/strong> offertes en sachet par la mairie, \u00ab\u2009pour d\u00e9couvrir la faune et la flore de la ville et sensibiliser les enfants et les adultes \u00e0 la nature urbaine\u2009\u00bb.<\/p>\n<p>Direction Ernest Wallon<\/p>\n<p class=\" wall-content\">Le point d\u2019orgue de ce week-end sera le <strong>match du TO XIII aux couleurs du Tour de France<\/strong>. \u00ab\u2009Un moment exceptionnel o\u00f9 le sport, la jeunesse et la passion du Tour de France s\u2019unissent avec 26\u00a0enfants v\u00eatus aux couleurs du Tour, un coup d\u2019envoi symbolique par Margaux Vigi\u00e9, cycliste professionnelle Toulousaine et diffusion d\u2019un clip promotionnel qui c\u00e9l\u00e8bre le Tour \u00e0 Toulouse\u2009\u00bb relate la mairie. Rendez-vous \u00e0 18h au stade Ernest Wallon.<\/p>\n<p>De nouvelles activit\u00e9s pour le dimanche<\/p>\n<p class=\" wall-content\">Si quelques activit\u00e9s seront semblables au samedi, le <strong>dimanche 25\u00a0mai<\/strong> verra quand m\u00eame quelques nouveaut\u00e9s.<\/p>\n<p class=\" wall-content\">F\u00eate des M\u00e8res oblige, les enfants pourront participer \u00e0 un <strong>atelier ax\u00e9 sur les fleurs<\/strong> pour f\u00eater \u00ab\u2009la nature et l\u2019amour des mamans\u2009\u00bb tout au long de la journ\u00e9e. Un <strong>d\u00e9fi Hula-Hoop<\/strong>, ce c\u00e9l\u00e8bre jeu des cours de r\u00e9cr\u00e9ation qui consiste \u00e0 faire tourner un cerceau autour de sa taille, est aussi pr\u00e9vu du 14h \u00e0 17h. Et de 10h \u00e0 16h, les plus t\u00e9m\u00e9raires, pourront se d\u00e9fier au<strong> roller hockey.<\/strong><\/p>\n<p class=\" wall-content\">Avenue de la Colonne, c\u2019est une tout autre activit\u00e9 qui est attendue\u2009: la <a href=\"https:\/\/actu.fr\/occitanie\/toulouse_31555\/une-descente-folle-a-travers-la-ville-le-lacher-de-caisses-a-savon-est-de-retour-a-toulouse_62623899.html#:~:text=Le%20l%C3%A2cher%20de%20caisses%20%C3%A0%20savon%20revient%20%C3%A0%20Toulouse%20le,son%20engin%20pour%20y%20participer.&amp;text=Pr%C3%AAts%20pour%20la%20descente%20%3F\" rel=\"nofollow noopener\" target=\"_blank\"><strong>descente d\u00e9jant\u00e9e de caisses \u00e0 savon<\/strong> <\/a>aux couleurs de Tour de France. Rendez-vous d\u00e8s 14h.<\/p>\n<p class=\" wall-content\">Suivez toute l\u2019actualit\u00e9 de vos villes et m\u00e9dias favoris en vous inscrivant \u00e0 <a href=\"https:\/\/moncompte.actu.fr\" title=\"D\u00e9couvez Mon Actu\" rel=\"nofollow noopener\" data-trk=\"{&quot;cta&quot;:{&quot;action&quot;:&quot;https:\\\/\\\/moncompte.actu.fr&quot;,&quot;category&quot;:&quot;mon compte&quot;,&quot;from&quot;:&quot;article footer&quot;,&quot;name&quot;:&quot;Mon actu&quot;,&quot;type&quot;:&quot;cta&quot;}}\" target=\"_blank\">Mon Actu<\/a>.<\/p>\n","protected":false},"excerpt":{"rendered":"Par L\u00e9a Afonso Publi\u00e9 le 23 mai 2025 \u00e0 12h23 Le tour est de retour cette ann\u00e9e \u00e0&hellip;\n","protected":false},"author":2,"featured_media":121842,"comment_status":"","ping_status":"","sticky":false,"template":"","format":"standard","meta":{"footnotes":""},"categories":[2816],"tags":[1111,11,1777,674,1011,27,1652,12,2680,25,1341,2312,210,2116],"class_list":{"0":"post-121841","1":"post","2":"type-post","3":"status-publish","4":"format-standard","5":"has-post-thumbnail","7":"category-toulouse","8":"tag-actu","9":"tag-actualites","10":"tag-eu","11":"tag-europe","12":"tag-fr","13":"tag-france","14":"tag-loisirs-culture","15":"tag-news","16":"tag-occitanie","17":"tag-republique-francaise","18":"tag-sortir-a-toulouse","19":"tag-toulouse","20":"tag-tour-de-france","21":"tag-tour-de-france-2025"},"share_on_mastodon":{"url":"https:\/\/pubeurope.com\/@fr\/114556903505780235","error":""},"_links":{"self":[{"href":"https:\/\/www.europesays.com\/fr\/wp-json\/wp\/v2\/posts\/121841","targetHints":{"allow":["GET"]}}],"collection":[{"href":"https:\/\/www.europesays.com\/fr\/wp-json\/wp\/v2\/posts"}],"about":[{"href":"https:\/\/www.europesays.com\/fr\/wp-json\/wp\/v2\/types\/post"}],"author":[{"embeddable":true,"href":"https:\/\/www.europesays.com\/fr\/wp-json\/wp\/v2\/users\/2"}],"replies":[{"embeddable":true,"href":"https:\/\/www.europesays.com\/fr\/wp-json\/wp\/v2\/comments?post=121841"}],"version-history":[{"count":0,"href":"https:\/\/www.europesays.com\/fr\/wp-json\/wp\/v2\/posts\/121841\/revisions"}],"wp:featuredmedia":[{"embeddable":true,"href":"https:\/\/www.europesays.com\/fr\/wp-json\/wp\/v2\/media\/121842"}],"wp:attachment":[{"href":"https:\/\/www.europesays.com\/fr\/wp-json\/wp\/v2\/media?parent=121841"}],"wp:term":[{"taxonomy":"category","embeddable":true,"href":"https:\/\/www.europesays.com\/fr\/wp-json\/wp\/v2\/categories?post=121841"},{"taxonomy":"post_tag","embeddable":true,"href":"https:\/\/www.europesays.com\/fr\/wp-json\/wp\/v2\/tags?post=121841"}],"curies":[{"name":"wp","href":"https:\/\/api.w.org\/{rel}","templated":true}]}}