{"id":121843,"date":"2025-05-23T11:26:10","date_gmt":"2025-05-23T11:26:10","guid":{"rendered":"https:\/\/www.europesays.com\/fr\/121843\/"},"modified":"2025-05-23T11:26:10","modified_gmt":"2025-05-23T11:26:10","slug":"voyage-ou-les-nordistes-partent-ils-en-vacances-pour-lete-2025-depuis-laeroport-de-lille","status":"publish","type":"post","link":"https:\/\/www.europesays.com\/fr\/121843\/","title":{"rendered":"Voyage. O\u00f9 les Nordistes partent-ils en vacances pour l\u2019\u00e9t\u00e9 2025, depuis l&rsquo;a\u00e9roport de Lille\u00a0?"},"content":{"rendered":"<p>            Par<br \/>\n        <strong><br \/>\n            <a href=\"https:\/\/actu.fr\/auteur\/amandine-vachez\" title=\"Consulter tous les articles de Amandine Vachez\" rel=\"nofollow noopener\" target=\"_blank\">Amandine Vachez<\/a><br \/>\n        <\/strong><\/p>\n<p>        Publi\u00e9 le<\/p>\n<p>            23 mai 2025 \u00e0 12h46        <\/p>\n<p>\u00c0 quelques semaines des<b> vacances d\u2019\u00e9t\u00e9<\/b>, Tui France, 1er tour-op\u00e9rateur au d\u00e9part des r\u00e9gions en France, dont<b> <\/b><a href=\"https:\/\/actu.fr\/lille\/\" rel=\"nofollow noopener\" target=\"_blank\">Lille<\/a><b> <\/b>(Nord), fait le point sur les <b>tendances. <\/b>O\u00f9 les Nordistes ont-ils pr\u00e9vu de <b>partir pour l\u2019\u00e9t\u00e9 2025<\/b> depuis l\u2019a\u00e9roport de Lesquin\u2009? Quel est le profil du <b>voyageur <\/b>et sur quelles zones mise le sp\u00e9cialiste pour le secteur\u2009? L\u2019agence de <a href=\"https:\/\/actu.fr\/tag\/tourisme\" rel=\"nofollow noopener\" target=\"_blank\">tourisme<\/a> nous \u00e9claire.<\/p>\n<p>Deux avions ASL Airlines bas\u00e9s \u00e0 Lille<\/p>\n<p class=\" wall-content\">Tui France propose<b> 24 destinations depuis Lille <\/b>en tout, \u00e0 l\u2019\u00e9t\u00e9 2025, \u00e0 raison d\u2019une trentaine de d\u00e9parts par semaine, environ 4 par jour. Ceci est rendu possible gr\u00e2ce au fait que le tour-op\u00e9rateur<b> travaille avec plusieurs compagnies a\u00e9riennes\u2009<\/b>:<b> <\/b><a href=\"https:\/\/actu.fr\/hauts-de-france\/lille_59350\/aeroport-de-lille-volotea-propose-une-nouvelle-ligne-vers-une-destination-hyper-ensoleillee_62331644.html\" rel=\"nofollow noopener\" target=\"_blank\">Volotea<\/a>, Tui Fly, Air Montenegro, Nouvelair, <a href=\"https:\/\/actu.fr\/hauts-de-france\/lille_59350\/une-nouvelle-ligne-vers-une-grande-capitale-africaine-proposee-au-depart-de-laeroport-de-lille_60990790.html\" rel=\"nofollow noopener\" target=\"_blank\">Transavia<\/a> et ASL Airlines.<\/p>\n<p class=\" wall-content\">\u00c0 Lille, parall\u00e8lement \u00e0 un <b>bon de r\u00e9servations de +\u00a011\u2009%<\/b> cette ann\u00e9e (par rapport \u00e0 2024), le partenariat avec ASL Airlines fait d\u00e9coller l\u2019offre de destinations. La compagnie a\u00e9rienne, acteur historique majeur sur les liaisons France-Alg\u00e9rie depuis 2017, a un avion bas\u00e9 \u00e0 Lille depuis 2021. Ce qui permet de proposer une tr\u00e8s belle offre. En 2025, on passe un nouveau cap, avec un nouvel avion enti\u00e8rement commercialis\u00e9 par Tui France, qui permet d\u2019ouvrir des liaisons r\u00e9guli\u00e8res avec cinq destinations d\u2019Alg\u00e9rie\u2009:<\/p>\n<ul class=\" wall-content\">\n<li>trois vols par semaine vers <b>Alger,<\/b><\/li>\n<li>deux par semaine vers<b> B\u00e9ja\u00efa,<\/b><\/li>\n<li>deux par semaine vers <b>Oran,<\/b><\/li>\n<li>deux par semaine vers<b> Tlemcen,<\/b><\/li>\n<li>une par semaine vers <b>S\u00e9tif.<\/b><\/li>\n<\/ul>\n<p class=\" wall-content\">Une ligne <b>Lille-Toulon<\/b> <a href=\"https:\/\/actu.fr\/hauts-de-france\/lille_59350\/aeroport-de-lille-une-nouvelle-destination-vers-le-soleil-au-printemps-2025_62081721.html\" rel=\"nofollow noopener\" target=\"_blank\">ouvre aussi cette saison<\/a>, en r\u00e9action \u00e0 une forte demande des passagers.<\/p>\n<p>Quelles destinations depuis Lille\u2009?<\/p>\n<p class=\" wall-content\">D\u2019avril \u00e0 octobre, Tui France propose depuis Lille avec ASL Airlines plus de 100\u2009000 si\u00e8ges, vers\u2009:<\/p>\n<ul class=\" wall-content\">\n<li><b>Corfou,<\/b><\/li>\n<li><b>Fuerteventura,<\/b><\/li>\n<li><b>H\u00e9raklion,<\/b><\/li>\n<li><b>Kos,<\/b><\/li>\n<li><b>Malaga,<\/b><\/li>\n<li><b>Palerme,<\/b><\/li>\n<li><b>Rhodes.<\/b><\/li>\n<\/ul>\n<p class=\" wall-content\">\u00ab\u2009Les<b> \u00eeles de Gr\u00e8ce ont particuli\u00e8rement le vent en poupe.<\/b> On propose une belle offre depuis Lille\u2009\u00bb, souligne Julien Stephan, de Tui France. Notamment vers Le P\u00e9loponn\u00e8se, destination tr\u00e8s pris\u00e9e. Six axes sont propos\u00e9s en Gr\u00e8ce par l\u2019agence de voyages, ainsi qu\u2019en <b>Espagne<\/b>, et trois en <b>Italie<\/b>. Cette ann\u00e9e, l\u2019agence <a href=\"https:\/\/www.lille.aeroport.fr\/fiche-destination\/FR\/207\/podgorica\/\" rel=\"nofollow noopener\" target=\"_blank\">ouvre une offre<\/a> au<b> Mont\u00e9n\u00e9gro<\/b>. Et \u00e7a fonctionne tr\u00e8s bien\u2009! <b>90\u2009% des si\u00e8ges sont d\u00e9j\u00e0 vendus<\/b> pour la saison 2025.<\/p>\n<p>Le top des destinations et des circuits tourisme depuis Lille<br \/>\n    <img   decoding=\"async\" loading=\"lazy\" class=\"size-large\" src=\"https:\/\/www.europesays.com\/fr\/wp-content\/uploads\/2025\/05\/fdf92f4bde286c20a2f4bde28080a2v-960x640.jpeg\" alt=\"L'A\u00e9roport de Lille, situ\u00e9 \u00e0 Lesquin (Nord) dans la m\u00e9tropole, attire des voyageurs de la r\u00e9gion, mais aussi de la Belgique voisine et de Normandie.\" width=\"960\" height=\"640\"\/><br \/>\n    L\u2019A\u00e9roport de Lille, situ\u00e9 \u00e0 Lesquin (Nord) dans la m\u00e9tropole, attire des voyageurs de la r\u00e9gion, mais aussi de la Belgique voisine et de Normandie. \u00a9Amandine Vachez<\/p>\n<p class=\" wall-content\">Voici le <b>t<\/b><b>op\u00a03 des destinations<\/b> pl\u00e9biscit\u00e9es au d\u00e9part de Lille, pour cette saison\u2009:<\/p>\n<p class=\" wall-content\">Tui France propose une grande partie de ses voyages en club (Marmara et Look\u00e9a). Ses <b>circuits cl\u00e9 en main cartonnent<\/b>, en particulier\u2009:<\/p>\n<ul class=\" wall-content\">\n<li><b>En Andalousie,<\/b><\/li>\n<li><b>En Sardaigne,<\/b><\/li>\n<li><b>En Corse.<\/b><\/li>\n<\/ul>\n<p class=\" wall-content\">Fr\u00e9d\u00e9ric Blanc, de Tui France, souligne que si le circuit \u00ab\u2009Merveilles de la Corse\u2009\u00bb est complet pour la saison, il reste d\u2019autres possibilit\u00e9s pour s\u2019y rendre. \u00ab\u2009Chez Tui, nous proposons des voyages de qualit\u00e9. On ne rogne pas sur la qualit\u00e9 des h\u00f4tels et de l\u2019offre sur place\u2009\u00bb, insiste le repr\u00e9sentant de l\u2019agence de voyages, qui compte <b>plus de 200 agences en France, dont 27 dans les Hauts-de-France. <\/b>Assur\u00e9ment, le public de la r\u00e9gion est bon client.<\/p>\n<p>Qui sont les voyageurs nordistes\u2009?<\/p>\n<p class=\" wall-content\">Depuis Lille, de nombreux voyageurs sont de la r\u00e9gion. \u00ab\u2009Nous avons \u00e0 c\u0153ur de proposer une offre de proximit\u00e9\u2009\u00bb, souligne Pierre Fernemont, directeur commercial de l\u2019a\u00e9roport de Lille-Lesquin. Beaucoup viennent du Nord, mais aussi de la Belgique voisine (10-15\u2009% des voyageurs tout au long de l\u2019ann\u00e9e), voire de Normandie.<\/p>\n<p class=\" wall-content\">Voici quelques chiffres donn\u00e9s par Tui France\u2009:<\/p>\n<ul class=\" wall-content\">\n<li><b>R\u00e9servation\u2009: <\/b>45\u2009% des voyageurs au d\u00e9part de Lille r\u00e9servent de 3 \u00e0 6 mois avant le d\u00e9part, 39\u2009% entre 6 et 12 mois avant le d\u00e9part, 3\u2009% plus d\u2019un an avant le d\u00e9part,<\/li>\n<li><b>Profil\u2009:<\/b> 41\u2009% partent en famille, 34\u2009% en couple, 24\u2009% en groupe et 1\u2009% en solo.<\/li>\n<\/ul>\n<p class=\" wall-content\">Et <b>r\u00e9server en derni\u00e8re minute<\/b>, est-ce un <a href=\"https:\/\/actu.fr\/tag\/bons-plans\" rel=\"nofollow noopener\" target=\"_blank\">bon plan<\/a>\u2009? Cela d\u00e9pend des crit\u00e8res des voyageurs, pr\u00e9cise-t-on du c\u00f4t\u00e9 de Tui France. \u00ab\u2009Si vous voulez vous rendre sur une destination en particulier, avec des crit\u00e8res sp\u00e9cifiques sur l\u2019offre sur place, comme les h\u00f4tels ou les clubs pour les enfants, il vaut mieux s\u2019y prendre \u00e0 l\u2019avance\u2009\u00bb, assure la directrice de communication Victoria Proffit. C\u2019est plut\u00f4t une pratique qui correspond aux voyageurs qui pr\u00e9f\u00e8rent se laisser porter par le vent. Environ 2\u2009% se pr\u00eatent au jeu, r\u00e9servant moins d\u2019un mois avant le d\u00e9part.<\/p>\n<p class=\" wall-content\">Suivez toute l\u2019actualit\u00e9 de vos villes et m\u00e9dias favoris en vous inscrivant \u00e0 <a href=\"https:\/\/moncompte.actu.fr\" title=\"D\u00e9couvez Mon Actu\" rel=\"nofollow noopener\" data-trk=\"{&quot;cta&quot;:{&quot;action&quot;:&quot;https:\\\/\\\/moncompte.actu.fr&quot;,&quot;category&quot;:&quot;mon compte&quot;,&quot;from&quot;:&quot;article footer&quot;,&quot;name&quot;:&quot;Mon actu&quot;,&quot;type&quot;:&quot;cta&quot;}}\" target=\"_blank\">Mon Actu<\/a>.<\/p>\n","protected":false},"excerpt":{"rendered":"Par Amandine Vachez Publi\u00e9 le 23 mai 2025 \u00e0 12h46 \u00c0 quelques semaines des vacances d\u2019\u00e9t\u00e9, Tui France,&hellip;\n","protected":false},"author":2,"featured_media":121844,"comment_status":"","ping_status":"","sticky":false,"template":"","format":"standard","meta":{"footnotes":""},"categories":[2815],"tags":[1111,11,1777,674,1011,27,811,1307,12,25,104,602,586],"class_list":{"0":"post-121843","1":"post","2":"type-post","3":"status-publish","4":"format-standard","5":"has-post-thumbnail","7":"category-lille","8":"tag-actu","9":"tag-actualites","10":"tag-eu","11":"tag-europe","12":"tag-fr","13":"tag-france","14":"tag-hauts-de-france","15":"tag-lille","16":"tag-news","17":"tag-republique-francaise","18":"tag-societe","19":"tag-tourisme","20":"tag-voyage"},"share_on_mastodon":{"url":"https:\/\/pubeurope.com\/@fr\/114556907339927265","error":""},"_links":{"self":[{"href":"https:\/\/www.europesays.com\/fr\/wp-json\/wp\/v2\/posts\/121843","targetHints":{"allow":["GET"]}}],"collection":[{"href":"https:\/\/www.europesays.com\/fr\/wp-json\/wp\/v2\/posts"}],"about":[{"href":"https:\/\/www.europesays.com\/fr\/wp-json\/wp\/v2\/types\/post"}],"author":[{"embeddable":true,"href":"https:\/\/www.europesays.com\/fr\/wp-json\/wp\/v2\/users\/2"}],"replies":[{"embeddable":true,"href":"https:\/\/www.europesays.com\/fr\/wp-json\/wp\/v2\/comments?post=121843"}],"version-history":[{"count":0,"href":"https:\/\/www.europesays.com\/fr\/wp-json\/wp\/v2\/posts\/121843\/revisions"}],"wp:featuredmedia":[{"embeddable":true,"href":"https:\/\/www.europesays.com\/fr\/wp-json\/wp\/v2\/media\/121844"}],"wp:attachment":[{"href":"https:\/\/www.europesays.com\/fr\/wp-json\/wp\/v2\/media?parent=121843"}],"wp:term":[{"taxonomy":"category","embeddable":true,"href":"https:\/\/www.europesays.com\/fr\/wp-json\/wp\/v2\/categories?post=121843"},{"taxonomy":"post_tag","embeddable":true,"href":"https:\/\/www.europesays.com\/fr\/wp-json\/wp\/v2\/tags?post=121843"}],"curies":[{"name":"wp","href":"https:\/\/api.w.org\/{rel}","templated":true}]}}