{"id":121847,"date":"2025-05-23T11:28:08","date_gmt":"2025-05-23T11:28:08","guid":{"rendered":"https:\/\/www.europesays.com\/fr\/121847\/"},"modified":"2025-05-23T11:28:08","modified_gmt":"2025-05-23T11:28:08","slug":"un-accident-impliquant-un-motard-provoque-un-bouchon-important-a-la-sortie-de-marseille","status":"publish","type":"post","link":"https:\/\/www.europesays.com\/fr\/121847\/","title":{"rendered":"un accident, impliquant un motard, provoque un bouchon important \u00e0 la sortie de Marseille"},"content":{"rendered":"<p>Deux voies sont neutralis\u00e9es, la bretelle de sortie de Saint-Antoine bloqu\u00e9e au trafic de tous les v\u00e9hicules. Sur l\u2019autoroute A7, \u00e0 la sortie de Marseille et \u00e0 hauteur de Sept\u00e8me-les-Vallons, un accident vient d\u2019avoir lieu et les automobilistes ne circulent plus que sur une voie. Il implique une moto et au moins un autre v\u00e9hicule. Un motard est \u00e0 terre dans la zone. Les marins-pompiers, les forces de l\u2019ordre et les patrouilleurs de la Dirmed sont sur place.<\/p>\n<p>Un bouchon de plus de six kilom\u00e8tres est en cours et le pare-chocs contre pare-chocs remonte jusque dans la rocade L2. Une retenue, li\u00e9e \u00e0 la curiosit\u00e9, est aussi constat\u00e9e en sens inverse (elle remonte jusqu\u2019aux Pennes-Mirabeau). Cette portion d\u2019autoroutes est \u00e0 \u00e9viter. Privil\u00e9gier l\u2019A55, si vous devez sortir par le nord de la cit\u00e9 phoc\u00e9enne.<\/p>\n","protected":false},"excerpt":{"rendered":"Deux voies sont neutralis\u00e9es, la bretelle de sortie de Saint-Antoine bloqu\u00e9e au trafic de tous les v\u00e9hicules. Sur&hellip;\n","protected":false},"author":2,"featured_media":121848,"comment_status":"","ping_status":"","sticky":false,"template":"","format":"standard","meta":{"footnotes":""},"categories":[2814],"tags":[17,119,1111,11,4899,1777,674,1011,27,7726,12699,884,3914,12,882,7481,16,25,3686],"class_list":{"0":"post-121847","1":"post","2":"type-post","3":"status-publish","4":"format-standard","5":"has-post-thumbnail","7":"category-marseille","8":"tag-17","9":"tag-accident","10":"tag-actu","11":"tag-actualites","12":"tag-bouchon","13":"tag-eu","14":"tag-europe","15":"tag-fr","16":"tag-france","17":"tag-impliquant","18":"tag-important","19":"tag-marseille","20":"tag-motard","21":"tag-news","22":"tag-provence-alpes-cote-dazur","23":"tag-provoque","24":"tag-region","25":"tag-republique-francaise","26":"tag-sortie"},"share_on_mastodon":{"url":"https:\/\/pubeurope.com\/@fr\/114556915157487132","error":""},"_links":{"self":[{"href":"https:\/\/www.europesays.com\/fr\/wp-json\/wp\/v2\/posts\/121847","targetHints":{"allow":["GET"]}}],"collection":[{"href":"https:\/\/www.europesays.com\/fr\/wp-json\/wp\/v2\/posts"}],"about":[{"href":"https:\/\/www.europesays.com\/fr\/wp-json\/wp\/v2\/types\/post"}],"author":[{"embeddable":true,"href":"https:\/\/www.europesays.com\/fr\/wp-json\/wp\/v2\/users\/2"}],"replies":[{"embeddable":true,"href":"https:\/\/www.europesays.com\/fr\/wp-json\/wp\/v2\/comments?post=121847"}],"version-history":[{"count":0,"href":"https:\/\/www.europesays.com\/fr\/wp-json\/wp\/v2\/posts\/121847\/revisions"}],"wp:featuredmedia":[{"embeddable":true,"href":"https:\/\/www.europesays.com\/fr\/wp-json\/wp\/v2\/media\/121848"}],"wp:attachment":[{"href":"https:\/\/www.europesays.com\/fr\/wp-json\/wp\/v2\/media?parent=121847"}],"wp:term":[{"taxonomy":"category","embeddable":true,"href":"https:\/\/www.europesays.com\/fr\/wp-json\/wp\/v2\/categories?post=121847"},{"taxonomy":"post_tag","embeddable":true,"href":"https:\/\/www.europesays.com\/fr\/wp-json\/wp\/v2\/tags?post=121847"}],"curies":[{"name":"wp","href":"https:\/\/api.w.org\/{rel}","templated":true}]}}