{"id":121859,"date":"2025-05-23T11:36:13","date_gmt":"2025-05-23T11:36:13","guid":{"rendered":"https:\/\/www.europesays.com\/fr\/121859\/"},"modified":"2025-05-23T11:36:13","modified_gmt":"2025-05-23T11:36:13","slug":"greve-des-taxis-tant-quon-na-pas-decrit-on-ne-bougera-pas-de-paris","status":"publish","type":"post","link":"https:\/\/www.europesays.com\/fr\/121859\/","title":{"rendered":"Gr\u00e8ve des taxis : \u00ab\u00a0Tant qu&rsquo;on n&rsquo;a pas d&rsquo;\u00e9crit, on ne bougera pas de Paris\u00a0\u00bb"},"content":{"rendered":"<p>Ce vendredi 23 mai, plusieurs centaines de taxis sont encore mobilis\u00e9s \u00e0 Paris.Leurs repr\u00e9sentants vont rencontrer le Premier ministre Fran\u00e7ois Bayrou, samedi.\u00a0\u00bbTant qu&rsquo;on n&rsquo;a pas d&rsquo;\u00e9crit, on ne bougera pas de Paris\u00a0\u00bb, explique sur LCI un chauffeur.<\/p>\n<p data-module=\"article-paragraph\" class=\"jsx-362436225 Paragraph Paragraph__End\">Des centaines de taxis sont encore mobilis\u00e9s, ce vendredi 23 mai. <a href=\"https:\/\/www.tf1info.fr\/transports\/greve-des-taxis-une-reunion-se-tiendra-samedi-avec-francois-bayrou-au-ministere-des-transports-2372529.html\" target=\"_blank\" rel=\"noopener\">Les chauffeurs<\/a> protestent contre le projet de nouvelle tarification de l\u2019Assurance-maladie sur les transports sanitaires des patients. LCI est all\u00e9 \u00e0 la rencontre de l\u2019un d&rsquo;eux. Ce dernier reconna\u00eet une avanc\u00e9e avec l\u2019annonce de la rencontre des repr\u00e9sentants des taxis avec le Premier ministre Fran\u00e7ois Bayrou, ce samedi, mais avertit : \u00ab\u00a0Tant qu&rsquo;on n&rsquo;a pas d&rsquo;\u00e9crit, on ne bougera pas de Paris.\u00a0\u00bb<\/p>\n<p data-module=\"article-paragraph\" class=\"jsx-362436225 Paragraph\">Ce chauffeur s&rsquo;est sp\u00e9cialement rendu \u00e0 Paris pour d\u00e9fendre les patients qu&rsquo;il transporte : \u00ab\u00a0On est avec eux tous les jours, deux, trois fois par semaine, pour les enfants qui sont autistes\u00a0\u00bb. Il d\u00e9veloppe sp\u00e9cifiquement cet exemple : \u00ab\u00a0Si les enfants autistes ont toujours un chauffeur diff\u00e9rent, c&rsquo;est impossible pour les soins.\u00a0\u00bb Selon lui, \u00ab\u00a0les professionnels nous le disent. \u00c7a va parce que c&rsquo;est structur\u00e9 avec nous. On est avec eux \u00a0depuis qu&rsquo;ils ont l&rsquo;\u00e2ge de 4 ans, donc, ils sont habitu\u00e9s\u00a0\u00bb.<\/p>\n<p data-module=\"article-paragraph\" class=\"jsx-362436225 Paragraph Paragraph__End\"><strong>Retrouvez l\u2019interview de ce chauffeur de taxi en int\u00e9gralit\u00e9 dans la vid\u00e9o en t\u00eate de cet article.<\/strong><\/p>\n<p>P. F.<\/p>\n","protected":false},"excerpt":{"rendered":"Ce vendredi 23 mai, plusieurs centaines de taxis sont encore mobilis\u00e9s \u00e0 Paris.Leurs repr\u00e9sentants vont rencontrer le Premier&hellip;\n","protected":false},"author":2,"featured_media":121860,"comment_status":"","ping_status":"","sticky":false,"template":"","format":"standard","meta":{"footnotes":""},"categories":[1888],"tags":[1111,1928,11,1927,1921,1777,674,1011,27,431,1922,12,1926,626,1925,25,9548,133,8191],"class_list":{"0":"post-121859","1":"post","2":"type-post","3":"status-publish","4":"format-standard","5":"has-post-thumbnail","7":"category-paris","8":"tag-actu","9":"tag-actu-paris","10":"tag-actualites","11":"tag-actualites-paris","12":"tag-article-video","13":"tag-eu","14":"tag-europe","15":"tag-fr","16":"tag-france","17":"tag-francois-bayrou","18":"tag-info","19":"tag-news","20":"tag-news-paris","21":"tag-paris","22":"tag-paris-news","23":"tag-republique-francaise","24":"tag-taxis","25":"tag-video","26":"tag-video-transports"},"share_on_mastodon":{"url":"https:\/\/pubeurope.com\/@fr\/114556946777933466","error":""},"_links":{"self":[{"href":"https:\/\/www.europesays.com\/fr\/wp-json\/wp\/v2\/posts\/121859","targetHints":{"allow":["GET"]}}],"collection":[{"href":"https:\/\/www.europesays.com\/fr\/wp-json\/wp\/v2\/posts"}],"about":[{"href":"https:\/\/www.europesays.com\/fr\/wp-json\/wp\/v2\/types\/post"}],"author":[{"embeddable":true,"href":"https:\/\/www.europesays.com\/fr\/wp-json\/wp\/v2\/users\/2"}],"replies":[{"embeddable":true,"href":"https:\/\/www.europesays.com\/fr\/wp-json\/wp\/v2\/comments?post=121859"}],"version-history":[{"count":0,"href":"https:\/\/www.europesays.com\/fr\/wp-json\/wp\/v2\/posts\/121859\/revisions"}],"wp:featuredmedia":[{"embeddable":true,"href":"https:\/\/www.europesays.com\/fr\/wp-json\/wp\/v2\/media\/121860"}],"wp:attachment":[{"href":"https:\/\/www.europesays.com\/fr\/wp-json\/wp\/v2\/media?parent=121859"}],"wp:term":[{"taxonomy":"category","embeddable":true,"href":"https:\/\/www.europesays.com\/fr\/wp-json\/wp\/v2\/categories?post=121859"},{"taxonomy":"post_tag","embeddable":true,"href":"https:\/\/www.europesays.com\/fr\/wp-json\/wp\/v2\/tags?post=121859"}],"curies":[{"name":"wp","href":"https:\/\/api.w.org\/{rel}","templated":true}]}}