{"id":121869,"date":"2025-05-23T11:41:11","date_gmt":"2025-05-23T11:41:11","guid":{"rendered":"https:\/\/www.europesays.com\/fr\/121869\/"},"modified":"2025-05-23T11:41:11","modified_gmt":"2025-05-23T11:41:11","slug":"serguei-lavrov-emet-des-doutes-quant-au-choix-du-vatican-comme-lieu-de-pourparlers","status":"publish","type":"post","link":"https:\/\/www.europesays.com\/fr\/121869\/","title":{"rendered":"Sergue\u00ef Lavrov \u00e9met des doutes quant au choix du Vatican comme lieu de pourparlers"},"content":{"rendered":"<p>\u00abCe ne serait pas tr\u00e8s \u00e9l\u00e9gant que des pays orthodoxes discutent en terre catholique de questions relatives \u00e0 l\u2019\u00e9limination des causes profondes\u00bb du conflit en Ukraine, a indiqu\u00e9 le chef de la diplomatie russe.<\/p>\n<p class=\"fig-paragraph\">Le chef de la diplomatie russe,\u00a0<a href=\"http:\/\/www.lefigaro.fr\/flash-actu\/russie-serguei-lavrov-annonce-une-intensification-de-la-cooperation-militaire-avec-le-mali-20250403\" target=\"_blank\" data-fig-type=\"NewsFlash\" rel=\"noopener nofollow\" data-gtm-custom-categorie=\"navigation\" data-gtm-custom-action=\"crossclick\" data-gtm-custom-label=\"Contextuel\" data-gtm-event=\"customEventSPE\" data-fig-domain=\"LEFIGARO\">Sergue\u00ef Lavrov<\/a>, a \u00e9mis ce vendredi des doutes sur le choix du Vatican comme potentiel lieu d&rsquo;une deuxi\u00e8me r\u00e9union russo-ukrainienne, apr\u00e8s que le\u00a0<a href=\"http:\/\/www.lefigaro.fr\/actualite-france\/bande-de-gaza-le-pape-leon-xiv-appelle-a-laisser-entrer-une-aide-humanitaire-decente-20250521\" target=\"_blank\" data-fig-type=\"NewsFlash\" rel=\"noopener nofollow\" data-gtm-custom-categorie=\"navigation\" data-gtm-custom-action=\"crossclick\" data-gtm-custom-label=\"Contextuel\" data-gtm-event=\"customEventSPE\" data-fig-domain=\"LEFIGARO\">pape L\u00e9on XIV<\/a>, les \u00c9tats-Unis et l&rsquo;Italie en aient avanc\u00e9 l&rsquo;id\u00e9e. \u00abCe ne serait pas tr\u00e8s \u00e9l\u00e9gant que des pays orthodoxes discutent en terre catholique de questions relatives \u00e0 l&rsquo;\u00e9limination des causes profondes\u00bb du conflit en Ukraine, a indiqu\u00e9 Sergue\u00ef Lavrov.<\/p>\n<p class=\"fig-paragraph\">\u00abLe Vatican lui-m\u00eame ne serait pas tr\u00e8s \u00e0 l&rsquo;aise dans ces conditions pour accueillir les d\u00e9l\u00e9gations de deux pays orthodoxes\u00bb, a-t-il ajout\u00e9. Le porte-parole du Kremlin, Dmitri Peskov, a ensuite affirm\u00e9 que \u00abpour l&rsquo;instant, aucune d\u00e9cision ni accord n&rsquo;a \u00e9t\u00e9 pris concernant le prochain lieu des n\u00e9gociations\u00bb.<\/p>\n<p class=\"fig-body-link\">\n            \u00c0 lire aussi<br \/>\n        <a class=\"fig-body-link__link fig-premium-mark\" href=\"http:\/\/www.lefigaro.fr\/actualite-france\/guerre-russie-ukraine-quel-role-pourrait-jouer-le-vatican-dans-des-negociations-de-paix-20250523\" target=\"_blank\" data-fig-type=\"Article\" rel=\"noopener nofollow\" data-gtm-custom-categorie=\"navigation\" data-gtm-custom-action=\"crossclick\" data-gtm-custom-label=\"Contextuel\" data-gtm-event=\"customEventSPE\" data-fig-domain=\"LEFIGARO\">Guerre Russie-Ukraine\u00a0: quel r\u00f4le pourrait jouer le Vatican dans des n\u00e9gociations de paix\u00a0?<br \/>\n    <\/a>\n<\/p>\n<p>En Turquie, les premiers pourparlers depuis 2022<\/p>\n<p class=\"fig-paragraph\">Kiev et Moscou ont tenu en Turquie la semaine derni\u00e8re leurs premiers pourparlers depuis 2022, ann\u00e9e du d\u00e9but de l&rsquo;assaut russe \u00e0 grande \u00e9chelle contre l&rsquo;Ukraine. La r\u00e9union avait une forte port\u00e9e symbolique mais\u00a0<a href=\"http:\/\/www.lefigaro.fr\/international\/en-pleins-pourparlers-difficiles-a-istanbul-l-armee-ukrainienne-flanche-face-aux-russes-dans-le-donbass-20250516\" target=\"_blank\" data-fig-type=\"NewsFlash\" rel=\"noopener nofollow\" data-gtm-custom-categorie=\"navigation\" data-gtm-custom-action=\"crossclick\" data-gtm-custom-label=\"Contextuel\" data-gtm-event=\"customEventSPE\" data-fig-domain=\"LEFIGARO\">elle n&rsquo;a pas permis d&rsquo;obtenir un cessez-le-feu<\/a>, notamment r\u00e9clam\u00e9 par Washington et Kiev, ou d&rsquo;autres avanc\u00e9es majeures. La possibilit\u00e9 d&rsquo;une deuxi\u00e8me r\u00e9union fait depuis l&rsquo;objet d&rsquo;intenses sp\u00e9culations, m\u00eame si sa tenue n&rsquo;a pas \u00e9t\u00e9 confirm\u00e9e.<\/p>\n<p class=\"fig-paragraph\">Selon le quotidien am\u00e9ricain Wall Street Journal (WSJ) mercredi, Donald Trump a dit aux dirigeants europ\u00e9ens le 19 mai que les prochains pourparlers de paix entre Russes et Ukrainiens auraient lieu au Vatican. La premi\u00e8re ministre italienne\u00a0<a href=\"http:\/\/www.lefigaro.fr\/international\/giorgia-meloni-tente-de-revenir-dans-le-jeu-diplomatique-20250518\" target=\"_blank\" data-fig-type=\"Article\" rel=\"noopener nofollow\" data-gtm-custom-categorie=\"navigation\" data-gtm-custom-action=\"crossclick\" data-gtm-custom-label=\"Contextuel\" data-gtm-event=\"customEventSPE\" data-fig-domain=\"LEFIGARO\">Giorgia Meloni<\/a>\u00a0a assur\u00e9 mardi que le pape L\u00e9on XIV lui avait confirm\u00e9 \u00eatre pr\u00eat \u00e0 accueillir au Vatican des n\u00e9gociations sur l&rsquo;Ukraine. Interrog\u00e9 par l&rsquo;AFP jeudi sur cette possibilit\u00e9, le porte-parole de la pr\u00e9sidence ukrainienne Sergui\u00ef Nykyforov s&rsquo;\u00e9tait refus\u00e9 \u00e0 tout commentaire.<\/p>\n<p>Kiev \u00e9tudie \u00abtoutes les possibilit\u00e9s\u00bb<\/p>\n<p class=\"fig-paragraph\">Le pr\u00e9sident ukrainien Volodymyr Zelensky avait dit lundi que Kiev \u00ab\u00e9tudiait toutes les possibilit\u00e9s\u00bb concernant le lieu pour une nouvelle rencontre bilat\u00e9rale avec les Russes, notamment \u00abla Turquie, le Vatican, la Suisse\u00bb. La Russie et l&rsquo;Ukraine avaient notamment pr\u00e9venu qu&rsquo;elles souhaitaient la mise en \u0153uvre de l&rsquo;\u00e9change de prisonniers \u00ab1000 contre 1000\u00bb annonc\u00e9 vendredi dernier en Turquie avant d&rsquo;envisager de poursuivre les discussions.<\/p>\n<p class=\"fig-paragraph\">Depuis l&rsquo;offensive russe en Ukraine d\u00e9but 2022, le Saint-Si\u00e8ge est en froid avec le patriarche orthodoxe russe Kirill, qui soutient ardemment cet assaut et le pr\u00e9sident Vladimir Poutine. Les relations entre l&rsquo;\u00c9glise orthodoxe russe et le Vatican ont \u00e9t\u00e9 glaciales, voire hostiles, pendant des si\u00e8cles, et aucun pape n&rsquo;a jamais visit\u00e9 la Russie.<\/p>\n","protected":false},"excerpt":{"rendered":"\u00abCe ne serait pas tr\u00e8s \u00e9l\u00e9gant que des pays orthodoxes discutent en terre catholique de questions relatives \u00e0&hellip;\n","protected":false},"author":2,"featured_media":121870,"comment_status":"","ping_status":"","sticky":false,"template":"","format":"standard","meta":{"footnotes":""},"categories":[1590],"tags":[259,11,260,1777,674,131,14,261,12,262,132,1135,220,4193],"class_list":{"0":"post-121869","1":"post","2":"type-post","3":"status-publish","4":"format-standard","5":"has-post-thumbnail","7":"category-ukraine","8":"tag-actualite-internationale","9":"tag-actualites","10":"tag-affaires-etrangeres","11":"tag-eu","12":"tag-europe","13":"tag-guerre-en-ukraine","14":"tag-international","15":"tag-ministere-des-affaires-etrangeres","16":"tag-news","17":"tag-politique-etrangere","18":"tag-russie","19":"tag-serguei-lavrov","20":"tag-ukraine","21":"tag-vatican"},"share_on_mastodon":{"url":"https:\/\/pubeurope.com\/@fr\/114556966510181960","error":""},"_links":{"self":[{"href":"https:\/\/www.europesays.com\/fr\/wp-json\/wp\/v2\/posts\/121869","targetHints":{"allow":["GET"]}}],"collection":[{"href":"https:\/\/www.europesays.com\/fr\/wp-json\/wp\/v2\/posts"}],"about":[{"href":"https:\/\/www.europesays.com\/fr\/wp-json\/wp\/v2\/types\/post"}],"author":[{"embeddable":true,"href":"https:\/\/www.europesays.com\/fr\/wp-json\/wp\/v2\/users\/2"}],"replies":[{"embeddable":true,"href":"https:\/\/www.europesays.com\/fr\/wp-json\/wp\/v2\/comments?post=121869"}],"version-history":[{"count":0,"href":"https:\/\/www.europesays.com\/fr\/wp-json\/wp\/v2\/posts\/121869\/revisions"}],"wp:featuredmedia":[{"embeddable":true,"href":"https:\/\/www.europesays.com\/fr\/wp-json\/wp\/v2\/media\/121870"}],"wp:attachment":[{"href":"https:\/\/www.europesays.com\/fr\/wp-json\/wp\/v2\/media?parent=121869"}],"wp:term":[{"taxonomy":"category","embeddable":true,"href":"https:\/\/www.europesays.com\/fr\/wp-json\/wp\/v2\/categories?post=121869"},{"taxonomy":"post_tag","embeddable":true,"href":"https:\/\/www.europesays.com\/fr\/wp-json\/wp\/v2\/tags?post=121869"}],"curies":[{"name":"wp","href":"https:\/\/api.w.org\/{rel}","templated":true}]}}