{"id":121885,"date":"2025-05-23T11:49:08","date_gmt":"2025-05-23T11:49:08","guid":{"rendered":"https:\/\/www.europesays.com\/fr\/121885\/"},"modified":"2025-05-23T11:49:08","modified_gmt":"2025-05-23T11:49:08","slug":"un-reseau-de-passeurs-demantele-entre-la-france-et-litalie-13-arrestations","status":"publish","type":"post","link":"https:\/\/www.europesays.com\/fr\/121885\/","title":{"rendered":"Un r\u00e9seau de passeurs d\u00e9mantel\u00e9 entre la France et l\u2019Italie, 13 arrestations"},"content":{"rendered":"<p>Les migrants \u00e9taient contact\u00e9s dans la r\u00e9gion italienne de Vintimille, puis confi\u00e9s \u00e0 des \u00abpasseurs\u00bb qui les transportaient vers la France au moyen d\u2019une vingtaine de voitures et camionnettes.<\/p>\n<p class=\"fig-paragraph\">Un r\u00e9seau de\u00a0<a href=\"http:\/\/www.lefigaro.fr\/international\/lutte-contre-l-immigration-clandestine-plus-de-40-pays-reunis-a-londres-20250331\" data-fig-type=\"NewsFlash\" data-gtm-custom-categorie=\"navigation\" data-gtm-custom-action=\"crossclick\" data-gtm-custom-label=\"Contextuel\" data-gtm-event=\"customEventSPE\" data-fig-domain=\"LEFIGARO\" rel=\"nofollow noopener\" target=\"_blank\">passeurs\u00a0<\/a>\u00e0 la fronti\u00e8re franco-italienne qui transportaient des migrants depuis la r\u00e9gion de\u00a0<a href=\"http:\/\/www.lefigaro.fr\/actualite-france\/a-menton-et-vintimille-inquietude-et-exasperation-face-a-la-submersion-migratoire-20230923\" data-fig-type=\"Article\" data-gtm-custom-categorie=\"navigation\" data-gtm-custom-action=\"crossclick\" data-gtm-custom-label=\"Contextuel\" data-gtm-event=\"customEventSPE\" data-fig-domain=\"LEFIGARO\" rel=\"nofollow noopener\" target=\"_blank\">Vintimille\u00a0<\/a>vers\u00a0<a href=\"http:\/\/www.lefigaro.fr\/nice\/statue-de-jeanne-d-arc-a-nice-la-cour-d-appel-suspend-son-delibere-sur-fond-de-commande-publique-artistique-20250522\" data-fig-type=\"NewsFlash\" data-gtm-custom-categorie=\"navigation\" data-gtm-custom-action=\"crossclick\" data-gtm-custom-label=\"Contextuel\" data-gtm-event=\"customEventSPE\" data-fig-domain=\"LEFIGARO\" rel=\"nofollow noopener\" target=\"_blank\">Nice\u00a0<\/a>a \u00e9t\u00e9 d\u00e9mantel\u00e9 et 13 personnes ont \u00e9t\u00e9 arr\u00eat\u00e9es en France et en Italie, a annonc\u00e9 la police italienne ce vendredi.<\/p>\n<p class=\"fig-paragraph\">Six personnes \u00abd&rsquo;origine arabe naturalis\u00e9es fran\u00e7aises\u00bb ont \u00e9t\u00e9 arr\u00eat\u00e9es \u00e0 Nice par la police fran\u00e7aise, sept autres &#8211; deux Marocains, un Tunisien, trois Soudanais et un Afghan &#8211; en Italie, a indiqu\u00e9 la police italienne dans un communiqu\u00e9. Toutes ont \u00e9t\u00e9 plac\u00e9es sous contr\u00f4le judiciaire et une en d\u00e9tention provisoire. L&rsquo;enqu\u00eate de 18 mois a mis au jour \u00abun r\u00e9seau structur\u00e9 et bien organis\u00e9 d&rsquo;individus d&rsquo;origine \u00e9trang\u00e8re\u00bb, qui mobilisait d&rsquo;importants moyens \u00ablogistiques et op\u00e9rationnels\u00bb.<\/p>\n<p class=\"fig-body-link\">\n            \u00c0 lire aussi<br \/>\n        <a class=\"fig-body-link__link fig-premium-mark\" href=\"http:\/\/www.lefigaro.fr\/international\/passeurs-et-migrants-violent-90-des-femmes-et-filles-traversant-la-mediterranee-le-rapport-choc-de-l-onu-sur-les-routes-migratoires-20241205\" data-fig-type=\"NewsFlash\" data-gtm-custom-categorie=\"navigation\" data-gtm-custom-action=\"crossclick\" data-gtm-custom-label=\"Contextuel\" data-gtm-event=\"customEventSPE\" data-fig-domain=\"LEFIGARO\" rel=\"nofollow noopener\" target=\"_blank\">Passeurs et migrants violent \u00ab90% des femmes et filles\u00bb traversant la M\u00e9diterran\u00e9e\u00a0: le rapport choc de l\u2019ONU sur les routes migratoires<br \/>\n    <\/a>\n<\/p>\n<p>Les migrants \u00e9taient transport\u00e9s jusqu\u2019\u00e0 Nice<\/p>\n<p class=\"fig-paragraph\">Les migrants \u00e9taient contact\u00e9s dans la r\u00e9gion italienne de Vintimille (nord-ouest de l&rsquo;Italie), puis confi\u00e9s \u00e0 des \u00abpasseurs\u00bb qui les transportaient vers la France au moyen d&rsquo;une vingtaine de voitures et camionnettes immatricul\u00e9es en France.<\/p>\n<p class=\"fig-paragraph\">Les migrants &#8211; principalement des Tunisiens, des\u00a0<a href=\"http:\/\/www.lefigaro.fr\/culture\/patrimoine\/la-tombe-d-un-prince-egyptien-de-la-ve-dynastie-decouverte-a-saqqara-20250426\" data-fig-type=\"Article\" data-gtm-custom-categorie=\"navigation\" data-gtm-custom-action=\"crossclick\" data-gtm-custom-label=\"Contextuel\" data-gtm-event=\"customEventSPE\" data-fig-domain=\"LEFIGARO\" rel=\"nofollow noopener\" target=\"_blank\">\u00c9gyptiens<\/a>, des Bangladais et des Irakiens &#8211; pouvaient \u00eatre jusqu&rsquo;\u00e0 cinq \u00e0 la fois et \u00e9taient transport\u00e9s jusqu&rsquo;\u00e0 Nice o\u00f9 ils \u00e9taient d\u00e9pos\u00e9s dans des gares ferroviaires, routi\u00e8res ou des aires d&rsquo;autoroute, ajoute le communiqu\u00e9 en \u00e9voquant \u00abun service illicite mais discret, presque luxueux\u00bb.<\/p>\n<p class=\"fig-paragraph\">Les \u00e9coutes t\u00e9l\u00e9phoniques ont mis en \u00e9vidence \u00abun trafic particuli\u00e8rement lucratif\u00bb\u00a0: 250 euros pour un trajet en berline et 75 euros pour un trajet en petit utilitaire.<\/p>\n","protected":false},"excerpt":{"rendered":"Les migrants \u00e9taient contact\u00e9s dans la r\u00e9gion italienne de Vintimille, puis confi\u00e9s \u00e0 des \u00abpasseurs\u00bb qui les transportaient&hellip;\n","protected":false},"author":2,"featured_media":121886,"comment_status":"","ping_status":"","sticky":false,"template":"","format":"standard","meta":{"footnotes":""},"categories":[4],"tags":[119,11,3694,271,2951,3695,3696,118,1011,27,2825,1253,452,303,1251,12,24361,1072,2694,25,2949],"class_list":{"0":"post-121885","1":"post","2":"type-post","3":"status-publish","4":"format-standard","5":"has-post-thumbnail","7":"category-france","8":"tag-accident","9":"tag-actualites","10":"tag-affaires","11":"tag-crime","12":"tag-criminalite","13":"tag-enquetes","14":"tag-evenements","15":"tag-faits-divers","16":"tag-fr","17":"tag-france","18":"tag-insecurite","19":"tag-islamisme","20":"tag-italie","21":"tag-justice","22":"tag-migrants","23":"tag-news","24":"tag-passeurs","25":"tag-police","26":"tag-proces","27":"tag-republique-francaise","28":"tag-violences"},"share_on_mastodon":{"url":"https:\/\/pubeurope.com\/@fr\/114556997850278236","error":""},"_links":{"self":[{"href":"https:\/\/www.europesays.com\/fr\/wp-json\/wp\/v2\/posts\/121885","targetHints":{"allow":["GET"]}}],"collection":[{"href":"https:\/\/www.europesays.com\/fr\/wp-json\/wp\/v2\/posts"}],"about":[{"href":"https:\/\/www.europesays.com\/fr\/wp-json\/wp\/v2\/types\/post"}],"author":[{"embeddable":true,"href":"https:\/\/www.europesays.com\/fr\/wp-json\/wp\/v2\/users\/2"}],"replies":[{"embeddable":true,"href":"https:\/\/www.europesays.com\/fr\/wp-json\/wp\/v2\/comments?post=121885"}],"version-history":[{"count":0,"href":"https:\/\/www.europesays.com\/fr\/wp-json\/wp\/v2\/posts\/121885\/revisions"}],"wp:featuredmedia":[{"embeddable":true,"href":"https:\/\/www.europesays.com\/fr\/wp-json\/wp\/v2\/media\/121886"}],"wp:attachment":[{"href":"https:\/\/www.europesays.com\/fr\/wp-json\/wp\/v2\/media?parent=121885"}],"wp:term":[{"taxonomy":"category","embeddable":true,"href":"https:\/\/www.europesays.com\/fr\/wp-json\/wp\/v2\/categories?post=121885"},{"taxonomy":"post_tag","embeddable":true,"href":"https:\/\/www.europesays.com\/fr\/wp-json\/wp\/v2\/tags?post=121885"}],"curies":[{"name":"wp","href":"https:\/\/api.w.org\/{rel}","templated":true}]}}