{"id":121890,"date":"2025-05-23T11:55:08","date_gmt":"2025-05-23T11:55:08","guid":{"rendered":"https:\/\/www.europesays.com\/fr\/121890\/"},"modified":"2025-05-23T11:55:08","modified_gmt":"2025-05-23T11:55:08","slug":"motogp-libres-1-ca-part-bien-pour-quartararo-moins-pour-zarco","status":"publish","type":"post","link":"https:\/\/www.europesays.com\/fr\/121890\/","title":{"rendered":"MotoGP Libres 1, \u00e7a part bien pour Quartararo, moins pour Zarco !"},"content":{"rendered":"<p>Le circuit de Silverstone et ses longues lignes droites n\u2019est de loin pas le plus favorables au Honda, sur le papier. Et les essais libres 1 du Grand-Prix de Grande Bretagne de MotoGP 2025 l\u2019ont confirm\u00e9. Puisqu\u2019aucune des machines Japonaises n\u2019a \u00e9t\u00e9 en mesure d\u2019int\u00e9grer le top dix. En revanche, derri\u00e8re un trio Ducati d\u00e9j\u00e0 impressionnant, Fabio Quartararo s\u2019en est bien sorti. Le pilote Yamaha signe le septi\u00e8me chrono de cette s\u00e9ance.<\/p>\n<p>MotoGP : Bezzecchi en outsider avec l\u2019Aprilia<\/p>\n<p>Devant, quoi de plus normal, Marc Marquez termine premier, suivi de Franco Morbidelli et Alex Marquez. Quatri\u00e8me, Marco Bezzecchi est le premier du classement, \u00e0 ne pas piloter une Ducati. Il devance dans l\u2019ordre, Miller, Vinal\u00e8s, Quartararo, Bagnaia, Rins et Acosta. Aldeguer est onzi\u00e8me devant Di Giannantonio, Mir, Zarco, Marini et Binder. A noter qu\u2019Aleix Espargaro r\u00e9alise une wild-card pour Honda, ce week-end. Le classement.<\/p>\n<ol>\n<li>M Marquez<\/li>\n<li>Morbidelli<\/li>\n<li>A Marquez<\/li>\n<li>Bezzecchi<\/li>\n<li>Miller<\/li>\n<li>Vinal\u00e8s<\/li>\n<li>Quartararo<\/li>\n<li>Bagnaia<\/li>\n<li>Rins<\/li>\n<li>Acosta<\/li>\n<li>Aldeguer<\/li>\n<li>Di Giannantonio<\/li>\n<li>Mir<\/li>\n<li>Zarco<\/li>\n<li>Marini<\/li>\n<li>Binder<\/li>\n<li>R Fernandez<\/li>\n<li>Ogura<\/li>\n<li>Bastianini<\/li>\n<li>Oliveira<\/li>\n<li>A Espargaro<\/li>\n<li>Chantra<\/li>\n<\/ol>\n<blockquote class=\"twitter-tweet\">\n<p dir=\"ltr\" lang=\"en\">A very fast one for <a href=\"https:\/\/twitter.com\/AiOgura79?ref_src=twsrc%5Etfw\" target=\"_blank\" rel=\"noopener nofollow\">@AiOgura79<\/a> at Turn 2 \ud83d\udca5\ud83d\ude31<a href=\"https:\/\/twitter.com\/hashtag\/BritishGP?src=hash&amp;ref_src=twsrc%5Etfw\" target=\"_blank\" rel=\"noopener nofollow\">#BritishGP<\/a> \ud83c\uddec\ud83c\udde7 <a href=\"https:\/\/t.co\/IqLdUjqwqn\" target=\"_blank\" rel=\"nofollow\">pic.twitter.com\/IqLdUjqwqn<\/a><\/p>\n<p>\u2014 MotoGP\u2122\ud83c\udfc1 (@MotoGP) <a href=\"https:\/\/twitter.com\/MotoGP\/status\/1925877016529637401?ref_src=twsrc%5Etfw\" target=\"_blank\" rel=\"noopener nofollow\">May 23, 2025<\/a><\/p>\n<\/blockquote>\n<p>Article publi\u00e9 le 23\/05\/2025 \u00e0 13h47<\/p>\n<p>                                                            <script async src=\"https:\/\/platform.twitter.com\/widgets.js\" charset=\"utf-8\"><\/script><\/p>\n","protected":false},"excerpt":{"rendered":"Le circuit de Silverstone et ses longues lignes droites n\u2019est de loin pas le plus favorables au Honda,&hellip;\n","protected":false},"author":2,"featured_media":121891,"comment_status":"","ping_status":"","sticky":false,"template":"","format":"standard","meta":{"footnotes":""},"categories":[1413],"tags":[1680,1011,27,24362,1457,1456,1458,60],"class_list":{"0":"post-121890","1":"post","2":"type-post","3":"status-publish","4":"format-standard","5":"has-post-thumbnail","7":"category-moto","8":"tag-fabio-quartararo","9":"tag-fr","10":"tag-france","11":"tag-libres-1","12":"tag-moto","13":"tag-motocycle","14":"tag-motogp","15":"tag-sports"},"share_on_mastodon":{"url":"https:\/\/pubeurope.com\/@fr\/114557021278981651","error":""},"_links":{"self":[{"href":"https:\/\/www.europesays.com\/fr\/wp-json\/wp\/v2\/posts\/121890","targetHints":{"allow":["GET"]}}],"collection":[{"href":"https:\/\/www.europesays.com\/fr\/wp-json\/wp\/v2\/posts"}],"about":[{"href":"https:\/\/www.europesays.com\/fr\/wp-json\/wp\/v2\/types\/post"}],"author":[{"embeddable":true,"href":"https:\/\/www.europesays.com\/fr\/wp-json\/wp\/v2\/users\/2"}],"replies":[{"embeddable":true,"href":"https:\/\/www.europesays.com\/fr\/wp-json\/wp\/v2\/comments?post=121890"}],"version-history":[{"count":0,"href":"https:\/\/www.europesays.com\/fr\/wp-json\/wp\/v2\/posts\/121890\/revisions"}],"wp:featuredmedia":[{"embeddable":true,"href":"https:\/\/www.europesays.com\/fr\/wp-json\/wp\/v2\/media\/121891"}],"wp:attachment":[{"href":"https:\/\/www.europesays.com\/fr\/wp-json\/wp\/v2\/media?parent=121890"}],"wp:term":[{"taxonomy":"category","embeddable":true,"href":"https:\/\/www.europesays.com\/fr\/wp-json\/wp\/v2\/categories?post=121890"},{"taxonomy":"post_tag","embeddable":true,"href":"https:\/\/www.europesays.com\/fr\/wp-json\/wp\/v2\/tags?post=121890"}],"curies":[{"name":"wp","href":"https:\/\/api.w.org\/{rel}","templated":true}]}}