{"id":121906,"date":"2025-05-23T12:03:10","date_gmt":"2025-05-23T12:03:10","guid":{"rendered":"https:\/\/www.europesays.com\/fr\/121906\/"},"modified":"2025-05-23T12:03:10","modified_gmt":"2025-05-23T12:03:10","slug":"on-se-moque-souvent-de-moi-marine-gagnante-de-la-star-academy-devoile-coeur-maladroit-un-titre-qui-annonce-son-premier-album-prevu-avant-lete","status":"publish","type":"post","link":"https:\/\/www.europesays.com\/fr\/121906\/","title":{"rendered":"\u00ab\u00a0On se moque souvent de moi\u00a0\u00bb : Marine, gagnante de la Star Academy, d\u00e9voile \u00ab\u00a0C\u0153ur Maladroit\u00a0\u00bb, un titre qui annonce son premier album pr\u00e9vu avant l&rsquo;\u00e9t\u00e9"},"content":{"rendered":"<p><a href=\"https:\/\/www.dhnet.be\/lifestyle\/people\/2025\/03\/20\/larticle-ne-dit-que-des-mensonges-jen-ai-marre-on-alimente-la-haine-attaquee-par-voici-marine-star-academy-pousse-un-coup-de-gueule-MHQLBXOO4NCRNJAUBWU7AUQJQI\/\" target=\"_blank\" rel=\"noopener noreferrer\" class=\"ap-StoryInterstitialLink ap-StoryElement ap-StoryElement--mb\">\u00ab\u00a0L&rsquo;article ne dit que des mensonges, j&rsquo;en ai marre [&#8230;] On alimente la haine\u00a0\u00bb : attaqu\u00e9e par \u00ab\u00a0Voici\u00a0\u00bb, Marine (Star Academy) pousse un coup de gueule<\/a><b>Critiqu\u00e9e&#8230; depuis sa sortie du ch\u00e2teau<\/b><\/p>\n<p class=\"ap-StoryElement ap-StoryElement--mb ap-StoryText\">Mais si Helena avait d\u00e9j\u00e0 \u00e9t\u00e9, \u00e0 l&rsquo;\u00e9poque de sa sortie de la Star Ac&rsquo;, compar\u00e9e musicalement \u00e0 Ang\u00e8le, pour Marine, la gagnante de cette saison, c&rsquo;est une v\u00e9ritable chasse aux sorci\u00e8res qui semble s&rsquo;\u00eatre lanc\u00e9e contre elle.<\/p>\n<p class=\"ap-StoryElement ap-StoryElement--mb ap-StoryText\">Et c&rsquo;est dans une interview accord\u00e9e au Parisien que la jeune chanteuse est revenue sur les critiques et les rumeurs auxquelles elle fait face depuis sa sortie du ch\u00e2teau de Dammarie-les-Lys. L&rsquo;occasion pour elle d&rsquo;annoncer la sortie prochaine de son premier album, dans lequel un titre en particulier y sera m\u00eame d\u00e9di\u00e9 : \u00ab\u00a0Davantage un Je m&rsquo;en fous\u00a0\u00bb, dans lequel elle r\u00e9pond \u00e0 ses d\u00e9tracteurs, sans d\u00e9tour : \u00ab\u00a0Tu ne mettras jamais tout le monde d&rsquo;accord, on est bien d&rsquo;accord.\u00a0\u00bb<\/p>\n<p class=\"ap-StoryElement ap-StoryElement--mb ap-StoryText\">\u00ab\u00a0Apr\u00e8s la Star Ac, j&rsquo;ai pris cher, comme d&rsquo;autres. Mais j&rsquo;avais envie d&rsquo;\u00e9crire un titre qui parle \u00e0 tout le monde, \u00e0 tous ceux qui peuvent se sentir jug\u00e9s ou moqu\u00e9s. Ce qui m&rsquo;a bless\u00e9e, ce sont les jugements faux. C&rsquo;est pour \u00e7a que je dis &lsquo;Quand ils te d\u00e9testent sans m\u00eame te conna\u00eetre, \u00e7a reste dans ta t\u00eate&rsquo;. Mais j&rsquo;ai appris \u00e0 l\u00e2cher prise et \u00e0 en faire une force, car \u00e0 c\u00f4t\u00e9, je re\u00e7ois tellement de positif\u00a0\u00bb, explique-t-elle \u00e0 nos confr\u00e8res.<\/p>\n<p><a href=\"https:\/\/www.dhnet.be\/medias\/television\/2025\/01\/12\/qui-est-marine-delplace-la-finaliste-de-la-star-academy-soutenue-par-de-nombreux-belges-O66OT2UQ7FF5BHMPYYWESWQNUM\/\" target=\"_blank\" rel=\"noopener noreferrer\" class=\"ap-StoryInterstitialLink ap-StoryElement ap-StoryElement--mb\">Qui est Marine Delplace, la finaliste de la Star Academy soutenue par de nombreux Belges ?<\/a><b>Un album co\u00e9crit par Eddy De Pretto<\/b><\/p>\n<p class=\"ap-StoryElement ap-StoryElement--mb ap-StoryText\">Cet album, co\u00e9crit avec Eddy de Pretto, se veut \u00e0 son image : celle d'\u00a0\u00bbune fille ordinaire\u00a0\u00bb. Un titre d&rsquo;ailleurs pr\u00e9sent dans l&rsquo;album et qui ouvrira la tracklist. \u00ab\u00a0On se moque souvent de moi mais j&rsquo;en fais ma force. (\u2026) Je suis sans artifices, on m&rsquo;aime comme \u00e7a, ou pas. [&#8230;] Je n&rsquo;ai rien d&rsquo;une star, et je ne veux pas en \u00eatre une\u00a0\u00bb, conclut-elle.<\/p>\n<p class=\"ap-StoryElement ap-StoryElement--mb ap-StoryText\">Quant \u00e0 son single C\u0153ur maladroit, nul doute qu&rsquo;il rencontrera, lui aussi, un joli succ\u00e8s \u2013 \u00e0 l&rsquo;image de Ma faute. La m\u00e9lodie pop, m\u00eal\u00e9e \u00e0 la voix envo\u00fbtante de la Nordiste au \u00ab\u00a0c\u0153ur maladroit\u00a0\u00bb et qui avoue ne pas avoir \u00ab\u00a0le mode d&#8217;emploi\u00a0\u00bb, risque bien de faire chavirer de nombreux c\u0153urs !<\/p>\n","protected":false},"excerpt":{"rendered":"\u00ab\u00a0L&rsquo;article ne dit que des mensonges, j&rsquo;en ai marre [&#8230;] On alimente la haine\u00a0\u00bb : attaqu\u00e9e par \u00ab\u00a0Voici\u00a0\u00bb,&hellip;\n","protected":false},"author":2,"featured_media":121907,"comment_status":"","ping_status":"","sticky":false,"template":"","format":"standard","meta":{"footnotes":""},"categories":[1355],"tags":[58,59,1011,27,24365,1361,873],"class_list":{"0":"post-121906","1":"post","2":"type-post","3":"status-publish","4":"format-standard","5":"has-post-thumbnail","7":"category-musique","8":"tag-divertissement","9":"tag-entertainment","10":"tag-fr","11":"tag-france","12":"tag-la-star-academy","13":"tag-music","14":"tag-musique"},"share_on_mastodon":{"url":"https:\/\/pubeurope.com\/@fr\/114557052802753979","error":""},"_links":{"self":[{"href":"https:\/\/www.europesays.com\/fr\/wp-json\/wp\/v2\/posts\/121906","targetHints":{"allow":["GET"]}}],"collection":[{"href":"https:\/\/www.europesays.com\/fr\/wp-json\/wp\/v2\/posts"}],"about":[{"href":"https:\/\/www.europesays.com\/fr\/wp-json\/wp\/v2\/types\/post"}],"author":[{"embeddable":true,"href":"https:\/\/www.europesays.com\/fr\/wp-json\/wp\/v2\/users\/2"}],"replies":[{"embeddable":true,"href":"https:\/\/www.europesays.com\/fr\/wp-json\/wp\/v2\/comments?post=121906"}],"version-history":[{"count":0,"href":"https:\/\/www.europesays.com\/fr\/wp-json\/wp\/v2\/posts\/121906\/revisions"}],"wp:featuredmedia":[{"embeddable":true,"href":"https:\/\/www.europesays.com\/fr\/wp-json\/wp\/v2\/media\/121907"}],"wp:attachment":[{"href":"https:\/\/www.europesays.com\/fr\/wp-json\/wp\/v2\/media?parent=121906"}],"wp:term":[{"taxonomy":"category","embeddable":true,"href":"https:\/\/www.europesays.com\/fr\/wp-json\/wp\/v2\/categories?post=121906"},{"taxonomy":"post_tag","embeddable":true,"href":"https:\/\/www.europesays.com\/fr\/wp-json\/wp\/v2\/tags?post=121906"}],"curies":[{"name":"wp","href":"https:\/\/api.w.org\/{rel}","templated":true}]}}